{"id":139511,"date":"2026-04-02T17:59:28","date_gmt":"2026-04-02T17:59:28","guid":{"rendered":"https:\/\/rdnews.al\/?p=139511"},"modified":"2026-04-02T17:59:28","modified_gmt":"2026-04-02T17:59:28","slug":"malaj-shperthen-ndaj-balles-provokues-bixhozxhi","status":"publish","type":"post","link":"https:\/\/rdnews.al\/index.php\/2026\/04\/02\/malaj-shperthen-ndaj-balles-provokues-bixhozxhi\/","title":{"rendered":"Malaj shp\u00ebrthen ndaj Ball\u00ebs: Provokues bixhozxhi!"},"content":{"rendered":"<p>Ish-deputeti i Partis\u00eb Socialiste, Arben Malaj, ka reaguar n\u00eb lidhje me zhvillimet e sotme n\u00eb Parlament, ku pati p\u00ebrplasje verbale mes deputet\u00ebve.<\/p>\n<p>N\u00eb nj\u00eb postim n\u00eb rrjete sociale, Malaj ka akuzuar Taulant Ball\u00ebn si provokues t\u00eb k\u00ebtyre debateve, nd\u00ebrsa shkruan se ky i fundit synon t\u00eb pengoj\u00eb funksionimin normal t\u00eb institucioneve.<\/p>\n<p>Sipas Malajt, veprimet dhe fjal\u00ebt e Ball\u00ebs kan\u00eb si q\u00ebllim t\u00eb mbajn\u00eb t\u00eb ndezur agresivitetin nd\u00ebrpartiak dhe politik, duke krijuar nj\u00eb klim\u00eb tensioni dhe duke nxitur reagime agresive t\u00eb opozit\u00ebs.<\/p>\n<p><em>\u201cKam koh\u00eb q\u00eb paralajm\u00ebroj se Taulant Balla \u00ebsht\u00eb provokuesi bixhozxhi edhe sipas mediave. Ai do t\u00eb provokoj\u00eb p\u00ebrher\u00eb dhe m\u00eb shum\u00eb q\u00eb Parlamenti t\u00eb mos funksionoj\u00eb normalisht. Ky postim nuk justifikon aspak q\u00ebndrimet agresive t\u00eb opozit\u00ebs,\u201d<\/em>\u00a0shkruan Malaj n\u00eb fb.<\/p>\n<p><iframe loading=\"lazy\" src=\"https:\/\/www.facebook.com\/plugins\/post.php?href=https%3A%2F%2Fwww.facebook.com%2Farben.malaj.35%2Fposts%2Fpfbid02YM7DrwU1UBGcWpY29paAhhqa4Hq2RSwXGhXHkAoidM3U39xFak9HZQjLbXXqmd6Sl&amp;show_text=true&amp;width=500\" width=\"500\" height=\"673\" frameborder=\"0\" scrolling=\"no\" allowfullscreen=\"allowfullscreen\" data-mce-fragment=\"1\"><\/iframe><\/p>\n","protected":false},"excerpt":{"rendered":"<p>Ish-deputeti i Partis\u00eb Socialiste, Arben Malaj, ka reaguar n\u00eb lidhje me zhvillimet e sotme n\u00eb Parlament, ku pati p\u00ebrplasje verbale mes deputet\u00ebve. N\u00eb nj\u00eb postim n\u00eb rrjete sociale, Malaj ka akuzuar Taulant Ball\u00ebn si provokues t\u00eb k\u00ebtyre debateve, nd\u00ebrsa shkruan se ky i fundit synon t\u00eb pengoj\u00eb funksionimin normal t\u00eb institucioneve. Sipas Malajt, veprimet dhe &hellip;<\/p>\n","protected":false},"author":4,"featured_media":139512,"comment_status":"closed","ping_status":"closed","sticky":false,"template":"","format":"standard","meta":{"footnotes":""},"categories":[37],"tags":[],"class_list":["post-139511","post","type-post","status-publish","format-standard","has-post-thumbnail","","category-politike"],"_links":{"self":[{"href":"https:\/\/rdnews.al\/index.php\/wp-json\/wp\/v2\/posts\/139511","targetHints":{"allow":["GET"]}}],"collection":[{"href":"https:\/\/rdnews.al\/index.php\/wp-json\/wp\/v2\/posts"}],"about":[{"href":"https:\/\/rdnews.al\/index.php\/wp-json\/wp\/v2\/types\/post"}],"author":[{"embeddable":true,"href":"https:\/\/rdnews.al\/index.php\/wp-json\/wp\/v2\/users\/4"}],"replies":[{"embeddable":true,"href":"https:\/\/rdnews.al\/index.php\/wp-json\/wp\/v2\/comments?post=139511"}],"version-history":[{"count":1,"href":"https:\/\/rdnews.al\/index.php\/wp-json\/wp\/v2\/posts\/139511\/revisions"}],"predecessor-version":[{"id":139513,"href":"https:\/\/rdnews.al\/index.php\/wp-json\/wp\/v2\/posts\/139511\/revisions\/139513"}],"wp:featuredmedia":[{"embeddable":true,"href":"https:\/\/rdnews.al\/index.php\/wp-json\/wp\/v2\/media\/139512"}],"wp:attachment":[{"href":"https:\/\/rdnews.al\/index.php\/wp-json\/wp\/v2\/media?parent=139511"}],"wp:term":[{"taxonomy":"category","embeddable":true,"href":"https:\/\/rdnews.al\/index.php\/wp-json\/wp\/v2\/categories?post=139511"},{"taxonomy":"post_tag","embeddable":true,"href":"https:\/\/rdnews.al\/index.php\/wp-json\/wp\/v2\/tags?post=139511"}],"curies":[{"name":"wp","href":"https:\/\/api.w.org\/{rel}","templated":true}]}}