{"id":139514,"date":"2026-04-02T18:20:25","date_gmt":"2026-04-02T18:20:25","guid":{"rendered":"https:\/\/rdnews.al\/?p=139514"},"modified":"2026-04-02T18:20:25","modified_gmt":"2026-04-02T18:20:25","slug":"minuta-e-heshtjes-e-vrasesve-dhe-e-b-dallkaukeve","status":"publish","type":"post","link":"https:\/\/rdnews.al\/index.php\/2026\/04\/02\/minuta-e-heshtjes-e-vrasesve-dhe-e-b-dallkaukeve\/","title":{"rendered":"Minuta e heshtjes e vras\u00ebsve dhe e B (D)allkauk\u00ebve"},"content":{"rendered":"<p><strong>Nga Lu\u00e7iano BO\u00c7I<\/strong><\/p>\n<p>Sot B(D)allkauku mori fjal\u00ebn n\u00eb Kuvend dhe k\u00ebrkoi nj\u00eb minut\u00eb heshtje p\u00ebr heronjt\u00eb e 2 Prillit.<br \/>\nDhe pik\u00ebrisht k\u00ebtu nis neveria morale e sken\u00ebs.<\/p>\n<p>Nis kur trash\u00ebgimtar\u00ebt politik\u00eb t\u00eb nj\u00eb pushteti q\u00eb p\u00ebr vite ka vrar\u00eb e zhytyr duar n\u00eb gjak, t\u00eb cil\u00ebt relativizojn\u00eb krimin, p\u00ebrdorin shtetin e parlamentin si mjet force dhe p\u00ebrpiqen ta kthejn\u00eb kujtes\u00ebn n\u00eb dekor, ngrihen sot si kujdestar\u00eb t\u00eb martir\u00ebve t\u00eb demokracis\u00eb.<\/p>\n<p>Minuta e heshtjes, n\u00eb vetvete, \u00ebsht\u00eb nderim.<\/p>\n<p>Por n\u00eb goj\u00ebn e vras\u00ebsve hipokrit\u00ebve dhe dallkauk\u00ebve me pushtet ajo kthehet n\u00eb alibi.<\/p>\n<p>Sepse nuk mjafton t\u00eb mbash nj\u00eb minut\u00eb para t\u00eb r\u00ebn\u00ebve, kur p\u00ebrdit\u00eb ngrihesh e \u00e7irresh e investon kund\u00ebr frym\u00ebs p\u00ebr t\u00eb cil\u00ebn ata ran\u00eb.<\/p>\n<p>Dhe pik\u00ebrisht k\u00ebtu fillon turpi.<\/p>\n<p>Sepse ka momente kur heshtja nuk \u00ebsht\u00eb nderim.<\/p>\n<p>\u00cbsht\u00eb maskim.<\/p>\n<p>\u00cbsht\u00eb p\u00ebrpjekje p\u00ebr t\u00eb lar\u00eb fytyr\u00ebn me gjakun e t\u00eb r\u00ebn\u00ebve. \u00cbsht\u00eb teatri m\u00eb i ul\u00ebt i pushtetit kur ai p\u00ebrkulet p\u00ebr nj\u00eb minut\u00eb para heronjve dhe pastaj ngrihet p\u00ebrs\u00ebri p\u00ebr t\u00eb vazhduar t\u00eb p\u00ebrdhos\u00eb gjith\u00e7ka p\u00ebr t\u00eb cil\u00ebn ata ran\u00eb.<\/p>\n<p>2 Prilli \u00ebsht\u00eb dita e heronjve. E Arben Brocit, Nazmi Kryeziut, Bujar Bishanakut e Besnik Cek\u00ebs.<br \/>\n\u00cbsht\u00eb dita e dh\u00ebnies s\u00eb jet\u00ebs n\u00eb em\u00ebr t\u00eb liris\u00eb e vot\u00ebs s\u00eb lir\u00eb!<\/p>\n<p>E burrave q\u00eb dol\u00ebn p\u00ebrball\u00eb frik\u00ebs, p\u00ebrball\u00eb nj\u00eb shteti q\u00eb nuk dinte t\u00eb qeveriste, por vet\u00ebm t\u00eb shtypte, sikurse sot.<\/p>\n<p>\u00cbsht\u00eb dita e atyre q\u00eb nuk pranuan t\u00eb jetonin me kok\u00ebn ulur.<\/p>\n<p>E atyre q\u00eb e pan\u00eb lirin\u00eb si vler\u00eb m\u00eb t\u00eb madhe se jeta.<\/p>\n<p>Por 2 Prilli \u00ebsht\u00eb edhe dita e burracak\u00ebve e frikacak\u00ebve n\u00eb pushtet. E atyre q\u00eb kishin arm\u00eb, institucione, uniforma, vul\u00eb dhe forc\u00eb, por nuk kishin guximin moral t\u00eb p\u00ebrballeshin me popullin pa dhun\u00eb dhe atyre q\u00eb sot kan\u00eb t\u00eb nj\u00ebjtin pushtet kriminal t\u00eb armatosur me mjete efikase kund\u00ebr liris\u00eb e vot\u00ebs s\u00eb lir\u00eb.<\/p>\n<p>Sot, 35 vjet m\u00eb pas, hipokrizia arrin kulmin kur pasardh\u00ebsit politik\u00eb t\u00eb kultur\u00ebs s\u00eb shtetit vrastar kund\u00ebr qytetarit, na shfaqen si rojtar\u00eb t\u00eb kujtes\u00ebs s\u00eb martir\u00ebve.<\/p>\n<p>K\u00ebrkojn\u00eb nj\u00eb minut\u00eb heshtje, sikur nj\u00eb minut\u00eb t\u00eb mjaftoj\u00eb p\u00ebr t\u00eb shlyer dekada arroganc\u00eb, manipulim, p\u00ebrdorim t\u00eb shtetit si arm\u00eb politike dhe p\u00ebrbuzje p\u00ebr pluralizmin.<\/p>\n<p>Nuk mjafton. Nuk mjafton fare.<\/p>\n<p>Sepse nderimi p\u00ebr 2 Prillin nuk matet me nj\u00eb minut\u00eb q\u00eb duan ta b\u00ebjn\u00eb pis.<\/p>\n<p>Matet me raportin q\u00eb ke me lirin\u00eb, me vot\u00ebn, me opozit\u00ebn, me t\u00eb v\u00ebrtet\u00ebn. Dhe kur je pjes\u00eb e nj\u00eb pushteti q\u00eb \u00e7do dit\u00eb e trajton shtetin si pron\u00eb partie, administrat\u00ebn si repart elektoral, propagand\u00ebn si z\u00ebvend\u00ebsim t\u00eb realitetit dhe kund\u00ebrshtarin si armik p\u00ebr t\u2019u asgj\u00ebsuar, at\u00ebher\u00eb minuta jote e heshtjes nuk \u00ebsht\u00eb homazh.<\/p>\n<p>\u00cbsht\u00eb fyerje. Madje akt lufte.<\/p>\n<p>Ka di\u00e7ka t\u00eb neveritshme n\u00eb k\u00ebt\u00eb p\u00ebrpjekje p\u00ebr t\u00eb vjedhur simbolikisht edhe martir\u00ebt.<\/p>\n<p>T\u00eb p\u00ebrdor\u00ebsh heronjt\u00eb e demokracis\u00eb si dekor moral, nd\u00ebrsa n\u00eb praktik\u00eb ushqen frym\u00ebn e arroganc\u00ebs, t\u00eb brutalitetit, t\u00eb kontrollit dhe t\u00eb shtypjes politike, nuk \u00ebsht\u00eb respekt. \u00cbsht\u00eb posht\u00ebrim i heroizmit si koncept.<\/p>\n<p>\u00cbsht\u00eb nj\u00eblloj si t\u00eb ndez\u00ebsh nj\u00eb qiri mbi varrin e liris\u00eb, pasi ke kaluar vite duke i z\u00ebn\u00eb frym\u00ebn asaj.<\/p>\n<p>Balla sot k\u00ebrkoi heshtje.<br \/>\nPor Shqip\u00ebria nuk ka nevoj\u00eb p\u00ebr heshtjen e hipokrit\u00ebve e trash\u00ebgimtar\u00ebve t\u00eb vras\u00ebsve.<\/p>\n<p>Ka nevoj\u00eb p\u00ebr t\u00eb v\u00ebrtet\u00ebn.<\/p>\n<p>Dhe e v\u00ebrteta \u00ebsht\u00eb se 2 Prilli nuk i p\u00ebrket atyre q\u00eb e p\u00ebrdorin kujtes\u00ebn si helm ndaj liris\u00eb.<\/p>\n<p>Nuk i p\u00ebrket atyre q\u00eb e p\u00ebrmendin demokracin\u00eb n\u00eb ceremoni dhe e dhunojn\u00eb lirin\u00eb n\u00eb cdo hap t\u00eb pushtetit t\u00eb kriminalizuar.<\/p>\n<p>Nuk i p\u00ebrket atyre q\u00eb flasin p\u00ebr d\u00ebshmor\u00ebt e liris\u00eb, nd\u00ebrsa kan\u00eb nd\u00ebrtuar nj\u00eb pushtet q\u00eb ka frik\u00eb nga qytetari i lir\u00eb.<\/p>\n<p>Sepse autokracia nuk vjen gjithmon\u00eb me plumba. Ndonj\u00ebher\u00eb vjen me kostum. Me fjalor institucional.<\/p>\n<p>Me regji parlamentare. Me hipokrizi t\u00eb kuruar. Me nj\u00eb minut\u00eb heshtje n\u00eb sall\u00eb dhe me nj\u00eb mij\u00ebra minuta shtypjeje jasht\u00eb saj. Me fjal\u00eb p\u00ebr nderim dhe me vepra kriminale. Me lot t\u00eb rrem\u00eb p\u00ebr t\u00eb shkuar\u00ebn dhe me dor\u00eb t\u00eb hekurt mbi t\u00eb tashmen.<\/p>\n<p>Kjo \u00ebsht\u00eb arsyeja pse skena e sotme nuk frym\u00ebzon respekt.<\/p>\n<p>Ngjall neveri.<\/p>\n<p>Sepse kur burracak\u00ebt e pushtetit flasin n\u00eb em\u00ebr t\u00eb heronjve, nuk po i nderojn\u00eb ata.<\/p>\n<p>Po p\u00ebrpiqen t\u2019i p\u00ebrdorin.<\/p>\n<p>Po k\u00ebrkojn\u00eb t\u00eb marrin hua moral nga ata q\u00eb nuk i ngjajn\u00eb aspak.<\/p>\n<p>Po tentojn\u00eb t\u00eb mbulojn\u00eb me nj\u00eb minut\u00eb solemnitet at\u00eb q\u00eb nuk e mbulojn\u00eb dot me asnj\u00eb alibi.<\/p>\n<p>Faktin se pushteti i tyre ushqehet pik\u00ebrisht nga ajo mend\u00ebsi q\u00eb 2 Prilli e demaskoi me gjak.<\/p>\n<p>Heronjt\u00eb e 2 Prillit nuk kan\u00eb nevoj\u00eb p\u00ebr teatrin e Ball\u00ebs.<\/p>\n<p>Ata nuk kan\u00eb nevoj\u00eb p\u00ebr miratimin ceremonial t\u00eb nj\u00eb pushteti q\u00eb e ka kthyer hipokrizin\u00eb n\u00eb stil qeverisjeje. Ata kan\u00eb nevoj\u00eb p\u00ebr nj\u00eb Shqip\u00ebri q\u00eb di t\u00eb dalloj\u00eb mes sakrific\u00ebs dhe fars\u00ebs. Mes kujtes\u00ebs dhe p\u00ebrdhosjes. Mes nderimit dhe manipulimit.<\/p>\n<p>Prandaj sot nuk ka dyshim se kush q\u00ebndron n\u00eb an\u00ebn e heronjve dhe kush n\u00eb an\u00ebn e burracak\u00ebve e vras\u00ebsve.<\/p>\n<p>Heronjt\u00eb jan\u00eb ata q\u00eb ran\u00eb p\u00ebrball\u00eb shtetit. Burracak\u00ebt jan\u00eb ata q\u00eb edhe sot, n\u00ebn streh\u00ebn e pushtetit, k\u00ebrkojn\u00eb t\u00eb marrin hua lavdin\u00eb e t\u00eb r\u00ebn\u00ebve p\u00ebr t\u00eb fshehur turpin e tyre.<\/p>\n<p>2 Prilli i p\u00ebrket heronjve.<\/p>\n<p>Jo trash\u00ebgimtar\u00ebve t\u00eb vras\u00ebsve.<\/p>\n<p>Jo manipuluesve t\u00eb kujtes\u00ebs.<\/p>\n<p>Jo burracak\u00ebve frikacak\u00eb q\u00eb k\u00ebrkojn\u00eb heshtje p\u00ebr t\u00eb mbuluar zhurm\u00ebn e krimit t\u00eb tyre politik.<\/p>\n<p>2 Prilli \u00ebsht\u00eb gul\u00e7i i heronjve q\u00eb k\u00ebrkojn\u00eb p\u00ebrmbysjen e bijve t\u00eb et\u00ebrve vrastar\u00eb.<\/p>\n","protected":false},"excerpt":{"rendered":"<p>Nga Lu\u00e7iano BO\u00c7I Sot B(D)allkauku mori fjal\u00ebn n\u00eb Kuvend dhe k\u00ebrkoi nj\u00eb minut\u00eb heshtje p\u00ebr heronjt\u00eb e 2 Prillit. Dhe pik\u00ebrisht k\u00ebtu nis neveria morale e sken\u00ebs. Nis kur trash\u00ebgimtar\u00ebt politik\u00eb t\u00eb nj\u00eb pushteti q\u00eb p\u00ebr vite ka vrar\u00eb e zhytyr duar n\u00eb gjak, t\u00eb cil\u00ebt relativizojn\u00eb krimin, p\u00ebrdorin shtetin e parlamentin si mjet force &hellip;<\/p>\n","protected":false},"author":4,"featured_media":119481,"comment_status":"closed","ping_status":"closed","sticky":false,"template":"","format":"standard","meta":{"footnotes":""},"categories":[44],"tags":[],"class_list":["post-139514","post","type-post","status-publish","format-standard","has-post-thumbnail","","category-editorial"],"_links":{"self":[{"href":"https:\/\/rdnews.al\/index.php\/wp-json\/wp\/v2\/posts\/139514","targetHints":{"allow":["GET"]}}],"collection":[{"href":"https:\/\/rdnews.al\/index.php\/wp-json\/wp\/v2\/posts"}],"about":[{"href":"https:\/\/rdnews.al\/index.php\/wp-json\/wp\/v2\/types\/post"}],"author":[{"embeddable":true,"href":"https:\/\/rdnews.al\/index.php\/wp-json\/wp\/v2\/users\/4"}],"replies":[{"embeddable":true,"href":"https:\/\/rdnews.al\/index.php\/wp-json\/wp\/v2\/comments?post=139514"}],"version-history":[{"count":1,"href":"https:\/\/rdnews.al\/index.php\/wp-json\/wp\/v2\/posts\/139514\/revisions"}],"predecessor-version":[{"id":139515,"href":"https:\/\/rdnews.al\/index.php\/wp-json\/wp\/v2\/posts\/139514\/revisions\/139515"}],"wp:featuredmedia":[{"embeddable":true,"href":"https:\/\/rdnews.al\/index.php\/wp-json\/wp\/v2\/media\/119481"}],"wp:attachment":[{"href":"https:\/\/rdnews.al\/index.php\/wp-json\/wp\/v2\/media?parent=139514"}],"wp:term":[{"taxonomy":"category","embeddable":true,"href":"https:\/\/rdnews.al\/index.php\/wp-json\/wp\/v2\/categories?post=139514"},{"taxonomy":"post_tag","embeddable":true,"href":"https:\/\/rdnews.al\/index.php\/wp-json\/wp\/v2\/tags?post=139514"}],"curies":[{"name":"wp","href":"https:\/\/api.w.org\/{rel}","templated":true}]}}