{"id":139548,"date":"2026-04-03T10:12:25","date_gmt":"2026-04-03T10:12:25","guid":{"rendered":"https:\/\/rdnews.al\/?p=139548"},"modified":"2026-04-03T10:12:25","modified_gmt":"2026-04-03T10:12:25","slug":"skandal-ku-perfundoi-qumeshti-toksik-per-femije-aku-fsheh-dokumentet-e-asgjesimit","status":"publish","type":"post","link":"https:\/\/rdnews.al\/index.php\/2026\/04\/03\/skandal-ku-perfundoi-qumeshti-toksik-per-femije-aku-fsheh-dokumentet-e-asgjesimit\/","title":{"rendered":"Skandal\/ Ku p\u00ebrfundoi qum\u00ebshti toksik p\u00ebr f\u00ebmij\u00eb? AKU fsheh dokumentet e asgj\u00ebsimit"},"content":{"rendered":"<p>Alarmi i Bashkimit Europian p\u00ebr largimin e menj\u00ebhersh\u00ebm nga tregu t\u00eb qum\u00ebshtit Aptamil, i cili ka rezultuar i kontaminuar me toksin\u00ebn cereulide, ka zbuluar nj\u00eb skandal t\u00eb p\u00ebrmasave t\u00eb m\u00ebdha n\u00eb vendin ton\u00eb. Ky produkt \u00ebsht\u00eb importuar nga \u2018Life Care Nannys\u2019, me administrator shtetasin Sotirios Baliouskas.\u201d<\/p>\n<p>N\u00eb dat\u00ebn 18.3.2026, Autoriteti Komb\u00ebtar i Ushqimit ka njoftuar se qum\u00ebshti Aptamil u t\u00ebrhoq nga tregu dhe do t\u00eb asgj\u00ebsohet, pasi paraqet rrezik p\u00ebr sh\u00ebndetin e foshnjave. N\u00eb lidhje me k\u00ebt\u00eb rast, Tv Ora News i \u00ebsht\u00eb drejtuar me nj\u00eb k\u00ebrkes\u00eb p\u00ebr informacion AKU. Ky institucion na informon se sasia e importuar e qum\u00ebshtit \u00ebsht\u00eb 1.008 kuti, nga t\u00eb cilat 642 cop\u00eb jan\u00eb shitur dhe jan\u00eb bllokuar vet\u00ebm 366 kuti.<\/p>\n<p>AKU ka njoftuar prind\u00ebrit n\u00eb dat\u00ebn 18.3.2026 se qum\u00ebshti q\u00eb ka dal\u00eb me probleme duhet t\u00eb kthehet te pikat ku e kan\u00eb bler\u00eb, nd\u00ebrkoh\u00eb n\u00eb m\u00ebnyr\u00eb paradoksale sipas p\u00ebrgjigjes zyratre te AKU rezulton se ky qum\u00ebsht \u00ebsht\u00eb asgj\u00ebsuar q\u00eb n\u00eb dat\u00ebn 13 mars, pra pes\u00eb dit\u00eb para se t\u00eb publikohej njoftimi.<\/p>\n<p>Si \u00ebsht\u00eb e mundur q\u00eb nj\u00eb produkt i shpallur me rrezik p\u00ebr sh\u00ebndetin e foshnjave t\u00eb jet\u00eb asgj\u00ebsuar p\u00ebrpara njoftimit t\u00eb publikut?<\/p>\n<p>N\u00ebse kjo t\u00eb dh\u00ebn\u00eb merret e mir\u00ebqen\u00eb, at\u00ebher\u00eb ngrihet nj\u00eb tjet\u00ebr dyshim serioz: institucioni ka pasur dijeni q\u00eb femij\u00ebt po ushqeheshin me qum\u00ebshtin e rreziksh\u00ebm dhe i ka njoftuar prind\u00ebrit shume dit\u00eb me von\u00eb q\u00eb t\u00eb nderpresin perdorimin e tij. Vonesa n\u00eb reagim i faturohet sh\u00ebndetit t\u00eb foshnjave.<\/p>\n<p>N\u00eb kuad\u00ebr t\u00eb transparenc\u00ebs, Tv Ora News i ka k\u00ebrkuar AKU t\u00eb na v\u00ebr\u00eb n\u00eb dispozicion nj\u00eb kopje t\u00eb procedur\u00ebs s\u00eb asgj\u00ebsimit, t\u00eb qum\u00ebshtit Aptamil nga subjekti \u201cLife Care Nannys\u201d . M\u00eb konkretisht at\u00eb t\u00eb dat\u00ebs 13.03.2026<\/p>\n<p>AKU refuzon t\u00eb na v\u00ebr\u00eb n\u00eb dispozicion nj\u00eb informacion publik, duke ngritur dyshime p\u00ebr procesin e asgj\u00ebsimit, nd\u00ebrkoh\u00eb q\u00eb b\u00ebhet \u201cmburoj\u00eb\u201d e nj\u00eb subjekti privat duke deklaruar se subjekti nuk ka dh\u00ebn\u00eb p\u00eblqimin p\u00ebr dh\u00ebnien e informacionit t\u00eb k\u00ebrkuar nga ana juaj. \u201cKy institucion, i financuar nga taksat e qytetar\u00ebve, ka detyrim ligjor transparenc\u00ebn ndaj \u00e7do prindi dhe konsumatori, sidomos b\u00ebhet fjal\u00eb p\u00ebr sigurin\u00eb ushqimore e foshnjave.\u201d<\/p>\n<p>M\u00eb her\u00ebt \u00ebsht\u00eb denoncuar fakti se \u201cLife Care Nannys\u201d i reklamonte n\u00ebnave si t\u00eb sigurt qum\u00ebshtin Aptamil q\u00eb duhej asgj\u00ebsuar.<\/p>\n<p>Ky nuk \u00ebsht\u00eb thjesht nj\u00eb skandal administrativ, por nj\u00eb d\u00ebshtim i r\u00ebnd\u00eb q\u00eb v\u00eb n\u00eb pik\u00ebpyetje sigurin\u00eb e foshnjave dhe besimin e \u00e7do prindi.<\/p>\n","protected":false},"excerpt":{"rendered":"<p>Alarmi i Bashkimit Europian p\u00ebr largimin e menj\u00ebhersh\u00ebm nga tregu t\u00eb qum\u00ebshtit Aptamil, i cili ka rezultuar i kontaminuar me toksin\u00ebn cereulide, ka zbuluar nj\u00eb skandal t\u00eb p\u00ebrmasave t\u00eb m\u00ebdha n\u00eb vendin ton\u00eb. Ky produkt \u00ebsht\u00eb importuar nga \u2018Life Care Nannys\u2019, me administrator shtetasin Sotirios Baliouskas.\u201d N\u00eb dat\u00ebn 18.3.2026, Autoriteti Komb\u00ebtar i Ushqimit ka njoftuar &hellip;<\/p>\n","protected":false},"author":4,"featured_media":139549,"comment_status":"closed","ping_status":"closed","sticky":false,"template":"","format":"standard","meta":{"footnotes":""},"categories":[37],"tags":[],"class_list":["post-139548","post","type-post","status-publish","format-standard","has-post-thumbnail","","category-politike"],"_links":{"self":[{"href":"https:\/\/rdnews.al\/index.php\/wp-json\/wp\/v2\/posts\/139548","targetHints":{"allow":["GET"]}}],"collection":[{"href":"https:\/\/rdnews.al\/index.php\/wp-json\/wp\/v2\/posts"}],"about":[{"href":"https:\/\/rdnews.al\/index.php\/wp-json\/wp\/v2\/types\/post"}],"author":[{"embeddable":true,"href":"https:\/\/rdnews.al\/index.php\/wp-json\/wp\/v2\/users\/4"}],"replies":[{"embeddable":true,"href":"https:\/\/rdnews.al\/index.php\/wp-json\/wp\/v2\/comments?post=139548"}],"version-history":[{"count":1,"href":"https:\/\/rdnews.al\/index.php\/wp-json\/wp\/v2\/posts\/139548\/revisions"}],"predecessor-version":[{"id":139550,"href":"https:\/\/rdnews.al\/index.php\/wp-json\/wp\/v2\/posts\/139548\/revisions\/139550"}],"wp:featuredmedia":[{"embeddable":true,"href":"https:\/\/rdnews.al\/index.php\/wp-json\/wp\/v2\/media\/139549"}],"wp:attachment":[{"href":"https:\/\/rdnews.al\/index.php\/wp-json\/wp\/v2\/media?parent=139548"}],"wp:term":[{"taxonomy":"category","embeddable":true,"href":"https:\/\/rdnews.al\/index.php\/wp-json\/wp\/v2\/categories?post=139548"},{"taxonomy":"post_tag","embeddable":true,"href":"https:\/\/rdnews.al\/index.php\/wp-json\/wp\/v2\/tags?post=139548"}],"curies":[{"name":"wp","href":"https:\/\/api.w.org\/{rel}","templated":true}]}}