{"id":139661,"date":"2026-04-04T10:44:07","date_gmt":"2026-04-04T10:44:07","guid":{"rendered":"https:\/\/rdnews.al\/?p=139661"},"modified":"2026-04-04T10:44:07","modified_gmt":"2026-04-04T10:44:07","slug":"berisha-me-edi-ramen-integrim-nuk-ka-heren-tjeter-do-te-jene-13-vende-europiane-qe-do-e-bllokojne-rrugen-e-shqiperise","status":"publish","type":"post","link":"https:\/\/rdnews.al\/index.php\/2026\/04\/04\/berisha-me-edi-ramen-integrim-nuk-ka-heren-tjeter-do-te-jene-13-vende-europiane-qe-do-e-bllokojne-rrugen-e-shqiperise\/","title":{"rendered":"Berisha: Me Edi Ram\u00ebn integrim nuk ka! Her\u00ebn tjet\u00ebr do t\u00eb jen\u00eb 13 vende Europiane q\u00eb do e bllokojn\u00eb rrug\u00ebn e Shqip\u00ebris\u00eb\u00a0"},"content":{"rendered":"<p><strong>Enia Xheroveni: Sot ka dal\u00eb lajmi q\u00eb 9 vende t\u00eb BE-s\u00eb kan\u00eb votuar p\u00ebr ngrirjen e negociatave p\u00ebr integrimin e Shqip\u00ebris\u00eb. Ju keni dijeni p\u00ebr k\u00ebt\u00eb dhe a ka ndikuar \u00e7\u00ebshtja Balluku n\u00eb ngrirjen e negociatave.<\/strong><\/p>\n<p><strong>Sali Berisha:<\/strong> Kam dijeni p\u00ebr k\u00ebt\u00eb sepse me dat\u00ebn 1 prill, kur pritej t\u00eb diskutohej p\u00ebr raportin e vler\u00ebsimit t\u00eb standardeve t\u00eb shtetit ligjor n\u00eb Shqip\u00ebri dhe luft\u00ebs kund\u00ebr korrupsionit, numri i vendeve q\u00eb u shpreh kund\u00ebr votimit t\u00eb tij, i mbidyfishua, nga 4 u b\u00ebn\u00eb 9. Dhe ne ju kishim paralajm\u00ebruar p\u00ebr k\u00ebt\u00eb.<br \/>\nNuk mund t\u00eb kap\u00ebrdihet, ju garantoj se her\u00ebn tjet\u00ebr do t\u00eb jen\u00eb 13. Pse do t\u00eb jen\u00eb 13? Sapo t\u00eb marrin vesh t\u00eb v\u00ebrtet\u00ebn Balluku. E v\u00ebrteta e dosjes Balluku dhe AKSHI, jan\u00eb b\u00ebr\u00eb dokumente t\u00eb pakund\u00ebrshtueshme t\u00eb korrupsionit n\u00eb Shqip\u00ebri dhe t\u00eb bllokimit t\u00eb luft\u00ebs ndaj korrupsionit nga Edi Rama.<br \/>\nPor probleme t\u00eb tjera t\u00eb m\u00ebdha p\u00ebrve\u00e7 k\u00ebtyre jan\u00eb t\u00eb panum\u00ebrta dhe ajo q\u00eb po ndodh, po t\u00eb m\u00eb pyesni mua, nj\u00eblloj si\u00e7 hapet pika e vajit, po kthjellohen, po p\u00ebrhapen dhe opinionet e sakta p\u00ebr qeverin\u00eb e Tiran\u00ebs.<br \/>\nEdi Rama k\u00ebto dit\u00eb, duke mashtruar shqiptar\u00ebt dhe duke mos u treguar t\u00eb v\u00ebrtet\u00ebn, thot\u00eb n\u00ebp\u00ebr takimet me socialist\u00ebt se jan\u00eb ata t\u00eb paudh\u00ebt q\u00eb po p\u00ebrpiqen t\u00eb pengojn\u00eb k\u00ebt\u00eb proces.<br \/>\nEdhe nj\u00ebher\u00eb dua t\u00eb them para shqiptar\u00ebve: q\u00ebndrimi yn\u00eb \u00ebsht\u00eb shum\u00eb transparent, ne jemi p\u00ebr procesin e integrimit, por deklarojm\u00eb se Shqip\u00ebria nuk plot\u00ebson absolutisht asnj\u00eb kriter p\u00ebrve\u00e7 kriterit gjeostrategjik.<br \/>\nSi\u00e7 e shihni ju, koha po v\u00ebrteton k\u00ebt\u00eb q\u00eb kemi th\u00ebn\u00eb. Ne e kemi th\u00ebn\u00eb k\u00ebt\u00eb me koh\u00eb, ne kemi paraqitur para komunitetit nd\u00ebrkomb\u00ebtar dokumente dhe fakte t\u00eb pakund\u00ebrshtueshme se, Shqip\u00ebria nuk plot\u00ebson asnj\u00eb kriter. Ato jan\u00eb t\u00eb sanksionuara n\u00eb 7 rezoluta nd\u00ebrkomb\u00ebtare t\u00eb partive t\u00eb qendr\u00ebs s\u00eb djatht\u00eb dhe t\u00eb djathta.<br \/>\nTani k\u00ebto po realizohen t\u00eb gjitha nj\u00eb e nga nj\u00eb. Me Edi Ram\u00ebn ju siguroj, si\u00e7 e tha dhe vet\u00eb Komisioni Europian, integrimi nuk \u00ebsht\u00eb \u00e7\u00ebshtje lider. Pra me Edi Ram\u00ebn integrim nuk ka.<br \/>\nEdi Rama \u00ebsht\u00eb nj\u00eb armik i eg\u00ebr i integrimit dhe mbrojt\u00ebs i interesit t\u00eb tij. Ne mbrojm\u00eb interesat e shqiptar\u00ebve duke denoncuar korrupsionin e Edi Ram\u00ebs, korrupsionin e familjar\u00ebve, mbrojtjen q\u00eb ai i b\u00ebn korrupsionit dhe bllokimit e sistemit t\u00eb drejt\u00ebsis\u00eb dhe shtetit ligjor.<br \/>\nPor tani kjo po realizohet n\u00eb mbar\u00eb Europ\u00ebn.<\/p>\n","protected":false},"excerpt":{"rendered":"<p>Enia Xheroveni: Sot ka dal\u00eb lajmi q\u00eb 9 vende t\u00eb BE-s\u00eb kan\u00eb votuar p\u00ebr ngrirjen e negociatave p\u00ebr integrimin e Shqip\u00ebris\u00eb. Ju keni dijeni p\u00ebr k\u00ebt\u00eb dhe a ka ndikuar \u00e7\u00ebshtja Balluku n\u00eb ngrirjen e negociatave. Sali Berisha: Kam dijeni p\u00ebr k\u00ebt\u00eb sepse me dat\u00ebn 1 prill, kur pritej t\u00eb diskutohej p\u00ebr raportin e vler\u00ebsimit &hellip;<\/p>\n","protected":false},"author":4,"featured_media":139662,"comment_status":"closed","ping_status":"closed","sticky":false,"template":"","format":"standard","meta":{"footnotes":""},"categories":[37],"tags":[],"class_list":["post-139661","post","type-post","status-publish","format-standard","has-post-thumbnail","","category-politike"],"_links":{"self":[{"href":"https:\/\/rdnews.al\/index.php\/wp-json\/wp\/v2\/posts\/139661","targetHints":{"allow":["GET"]}}],"collection":[{"href":"https:\/\/rdnews.al\/index.php\/wp-json\/wp\/v2\/posts"}],"about":[{"href":"https:\/\/rdnews.al\/index.php\/wp-json\/wp\/v2\/types\/post"}],"author":[{"embeddable":true,"href":"https:\/\/rdnews.al\/index.php\/wp-json\/wp\/v2\/users\/4"}],"replies":[{"embeddable":true,"href":"https:\/\/rdnews.al\/index.php\/wp-json\/wp\/v2\/comments?post=139661"}],"version-history":[{"count":2,"href":"https:\/\/rdnews.al\/index.php\/wp-json\/wp\/v2\/posts\/139661\/revisions"}],"predecessor-version":[{"id":139664,"href":"https:\/\/rdnews.al\/index.php\/wp-json\/wp\/v2\/posts\/139661\/revisions\/139664"}],"wp:featuredmedia":[{"embeddable":true,"href":"https:\/\/rdnews.al\/index.php\/wp-json\/wp\/v2\/media\/139662"}],"wp:attachment":[{"href":"https:\/\/rdnews.al\/index.php\/wp-json\/wp\/v2\/media?parent=139661"}],"wp:term":[{"taxonomy":"category","embeddable":true,"href":"https:\/\/rdnews.al\/index.php\/wp-json\/wp\/v2\/categories?post=139661"},{"taxonomy":"post_tag","embeddable":true,"href":"https:\/\/rdnews.al\/index.php\/wp-json\/wp\/v2\/tags?post=139661"}],"curies":[{"name":"wp","href":"https:\/\/api.w.org\/{rel}","templated":true}]}}