{"id":139686,"date":"2026-04-04T11:29:00","date_gmt":"2026-04-04T11:29:00","guid":{"rendered":"https:\/\/rdnews.al\/?p=139686"},"modified":"2026-04-04T11:29:00","modified_gmt":"2026-04-04T11:29:00","slug":"berisha-me-protestat-tona-i-faktuam-botes-se-shqiptaret-nuk-jane-komb-qe-e-kane-kulture-korrupsionin","status":"publish","type":"post","link":"https:\/\/rdnews.al\/index.php\/2026\/04\/04\/berisha-me-protestat-tona-i-faktuam-botes-se-shqiptaret-nuk-jane-komb-qe-e-kane-kulture-korrupsionin\/","title":{"rendered":"Berisha: Me protestat tona i faktuam bot\u00ebs se shqiptar\u00ebt nuk jan\u00eb komb q\u00eb e kan\u00eb kultur\u00eb korrupsionin"},"content":{"rendered":"<p><strong>Kevin Veliu: Zoti Berisha, protestat e opozit\u00ebs kan\u00eb qen\u00eb t\u00eb vazhdueshme, por pa arritur ndryshim konkret. \u00c7far\u00eb po mungon q\u00eb k\u00ebto protestra t\u00eb prodhojn\u00eb rezultat real politik?<\/strong><\/p>\n<p><strong>Sali Berisha:<\/strong> Protestat kan\u00eb qen\u00eb t\u00eb shpeshta, jam dakord me ju.<br \/>\nLidhur me rezultatin, besoj se duhet t\u00eb analizojm\u00eb me gjakftoht\u00ebsi dhe objektivitet.<br \/>\nMendoni pak ku ishim n\u00eb dhjetor dhe ku jemi sot.<br \/>\nN\u00eb rrafshin nd\u00ebrkomb\u00ebtar, protestat tona mbrojt\u00ebn dinjitetin e kombit shqiptar.<br \/>\nJu e keni d\u00ebgjuar se si zyrtar\u00eb t\u00eb paguar, lobist\u00eb antishqiptar\u00eb n\u00eb mbrojtje t\u00eb Edi Ram\u00ebs, kan\u00eb guxuar dhe jan\u00eb shprehur se korrupsioni \u00ebsht\u00eb pjes\u00eb e kultur\u00ebs s\u00eb shqiptar\u00ebve, pra vjedhja \u00ebsht\u00eb pjes\u00eb e kultur\u00ebs s\u00eb shqiptar\u00ebve.<br \/>\nDhe k\u00ebto deklarata ata i kan\u00eb b\u00ebr\u00eb vet\u00ebm p\u00ebr t\u00eb mbrojtur Edi Ram\u00ebn.<br \/>\nPor, me protestat tona, ne i faktuam bot\u00ebs se shqiptar\u00ebt nuk jan\u00eb komb q\u00eb kan\u00eb kultur\u00eb korrupsionin.<br \/>\nShqiptar\u00ebt nuk pranojn\u00eb korrupsionin.<br \/>\nDhe u them nj\u00eb gj\u00eb, se ato protestat kan\u00eb pasur jehon\u00ebn m\u00eb t\u00eb madhe.<br \/>\nAto protesta kan\u00eb vendosur n\u00eb epiqend\u00ebr t\u00eb opinionit publik bot\u00ebror si figurat m\u00eb t\u00eb zeza pas ajatollah\u00ebve t\u00eb Iranit, Edi Ram\u00ebn dhe Lubi Ballukun.<br \/>\nN\u00eb rast se ne nuk do protestonim, un\u00eb mund t\u2019u them se do ishte nj\u00eb gj\u00ebm\u00eb e madhe e p\u00ebr shqiptar\u00ebt sepse v\u00ebrtet do besohej shpifja q\u00eb Edi Rama dhe propaganda e tij mashtruese b\u00ebn se ne jemi komb q\u00eb e kemi kultur\u00eb vjedhjen dhe korrupsionin.<br \/>\nKjo e para.<br \/>\nE dyta, ngritja e z\u00ebrit ton\u00eb b\u00ebri q\u00eb prozhektor\u00ebt t\u00eb vendosen mbi Shqip\u00ebrin\u00eb dhe t\u00eb shihet realiteti shqiptar jo ashtu si\u00e7 ua paraqisnin lobist\u00ebt e korruptuar nga Edi Rarma, por t\u00eb shihet si\u00e7 \u00ebsht\u00eb n\u00eb t\u00eb v\u00ebrtet\u00eb.<br \/>\nJu jeni d\u00ebshmitar\u00eb se \u00e7far\u00eb p\u00ebrpjekjesh nd\u00ebrkomb\u00ebtare u b\u00ebn\u00eb p\u00ebr zbatimin e shtetit ligjor, pra p\u00ebr heqjen e imunitetit t\u00eb Lubi Ballukut, p\u00ebr t\u2019u trajtuar nj\u00eblloj para ligjit dhe z\u00ebri i opozit\u00ebs ka pasur pesh\u00ebn e vet.<br \/>\nPra jo se un\u00eb dua t\u00eb mbroj, por duhet t\u00eb jemi t\u00eb v\u00ebrtet\u00eb, nuk mund t\u00eb themi se protestat tona nuk kan\u00eb pasur efekt.<br \/>\nNuk kan\u00eb pasur efektin maksimal q\u00eb ne do donim, p\u00ebrmbysjen, por ato kan\u00eb pasur nj\u00eb efekt shum\u00eb t\u00eb madh, damkosjen e regjimit t\u00eb korruptuar.<br \/>\nNe jemi t\u00eb p\u00ebrcaktuar p\u00ebr rrug\u00eb paq\u00ebsore, si rruga p\u00ebr ne m\u00eb e sigurt, si rruga e vetme p\u00ebr largimin e Edi Ram\u00ebs dhe rikthimin e vot\u00ebs s\u00eb lir\u00eb t\u00eb shqiptar\u00ebve.<br \/>\nNe si PD nuk pranojm\u00eb kurr\u00eb t\u00eb vijm\u00eb n\u00eb pushtet me dhun\u00eb.<br \/>\n\u00cbsht\u00eb ligj kjo.<br \/>\nNe jemi themeluar mbi vlerat e liris\u00eb, vot\u00ebn e lir\u00eb, t\u00eb drejtat e njeriut.<br \/>\nNdaj dhe ne do t\u00eb vazhdojm\u00eb protestat paq\u00ebsore gjer n\u00eb largimin e Edi Ram\u00ebs.<br \/>\n\u00cbsht\u00eb e mundimshme, k\u00ebrkon durim, k\u00ebrkon persistim, por ne i kemi t\u00eb gjitha k\u00ebto.<\/p>\n","protected":false},"excerpt":{"rendered":"<p>Kevin Veliu: Zoti Berisha, protestat e opozit\u00ebs kan\u00eb qen\u00eb t\u00eb vazhdueshme, por pa arritur ndryshim konkret. \u00c7far\u00eb po mungon q\u00eb k\u00ebto protestra t\u00eb prodhojn\u00eb rezultat real politik? Sali Berisha: Protestat kan\u00eb qen\u00eb t\u00eb shpeshta, jam dakord me ju. Lidhur me rezultatin, besoj se duhet t\u00eb analizojm\u00eb me gjakftoht\u00ebsi dhe objektivitet. Mendoni pak ku ishim n\u00eb &hellip;<\/p>\n","protected":false},"author":4,"featured_media":139687,"comment_status":"closed","ping_status":"closed","sticky":false,"template":"","format":"standard","meta":{"footnotes":""},"categories":[37],"tags":[],"class_list":["post-139686","post","type-post","status-publish","format-standard","has-post-thumbnail","","category-politike"],"_links":{"self":[{"href":"https:\/\/rdnews.al\/index.php\/wp-json\/wp\/v2\/posts\/139686","targetHints":{"allow":["GET"]}}],"collection":[{"href":"https:\/\/rdnews.al\/index.php\/wp-json\/wp\/v2\/posts"}],"about":[{"href":"https:\/\/rdnews.al\/index.php\/wp-json\/wp\/v2\/types\/post"}],"author":[{"embeddable":true,"href":"https:\/\/rdnews.al\/index.php\/wp-json\/wp\/v2\/users\/4"}],"replies":[{"embeddable":true,"href":"https:\/\/rdnews.al\/index.php\/wp-json\/wp\/v2\/comments?post=139686"}],"version-history":[{"count":2,"href":"https:\/\/rdnews.al\/index.php\/wp-json\/wp\/v2\/posts\/139686\/revisions"}],"predecessor-version":[{"id":139689,"href":"https:\/\/rdnews.al\/index.php\/wp-json\/wp\/v2\/posts\/139686\/revisions\/139689"}],"wp:featuredmedia":[{"embeddable":true,"href":"https:\/\/rdnews.al\/index.php\/wp-json\/wp\/v2\/media\/139687"}],"wp:attachment":[{"href":"https:\/\/rdnews.al\/index.php\/wp-json\/wp\/v2\/media?parent=139686"}],"wp:term":[{"taxonomy":"category","embeddable":true,"href":"https:\/\/rdnews.al\/index.php\/wp-json\/wp\/v2\/categories?post=139686"},{"taxonomy":"post_tag","embeddable":true,"href":"https:\/\/rdnews.al\/index.php\/wp-json\/wp\/v2\/tags?post=139686"}],"curies":[{"name":"wp","href":"https:\/\/api.w.org\/{rel}","templated":true}]}}