{"id":139695,"date":"2026-04-04T17:19:34","date_gmt":"2026-04-04T17:19:34","guid":{"rendered":"https:\/\/rdnews.al\/?p=139695"},"modified":"2026-04-04T17:19:34","modified_gmt":"2026-04-04T17:19:34","slug":"malltezi-a-mund-te-kete-lidhje-me-shoqaten-tirona-ai-qe-vjedh-tironsit","status":"publish","type":"post","link":"https:\/\/rdnews.al\/index.php\/2026\/04\/04\/malltezi-a-mund-te-kete-lidhje-me-shoqaten-tirona-ai-qe-vjedh-tironsit\/","title":{"rendered":"Malltezi: A mund t\u00eb ket\u00eb lidhje me shoqat\u00ebn Tirona ai q\u00eb vjedh Tironsit?"},"content":{"rendered":"<div id=\"rekl-49\">N\u00eb nj\u00eb postim n\u00eb rrjetet sociale, Jamarb\u00ebr Malltezi akuzon shoqat\u00ebn Tirona se po k\u00ebrkon t\u00eb vjedh\u00eb pron\u00ebn private t\u00eb trash\u00ebgimtar\u00ebve t\u00eb tiranasve t\u00eb vjet\u00ebr.<\/div>\n<div class=\"readmore-text-here\">\n<p>N\u00eb nj\u00eb postim n\u00eb facebook Malltezi akuzon Shk\u00eblqim\u00a0Hajdarin, kreun e shoqat\u00ebs se po k\u00ebrkon t\u00eb vjedh\u00eb\u00a0tokat private t\u00eb Tironsve trash\u00ebgimtar\u00eb t\u00eb Him Zan\u00ebs, Him Rellit dhe Ramazan Ko\u00e7it.<\/p>\n<p><strong>Deklarata\u00a0<\/strong><\/p>\n<p>A mund t\u00eb ket\u00eb lidhje me shoqat\u00ebn Tirona ai q\u00eb vjedh Tironsit? \u00c7im Hajdari po don t\u00eb p\u00ebrlaj\u00eb tokat private t\u00eb Tironsve trash\u00ebgimtar\u00eb t\u00eb Him Zan\u00ebs, Him Rellit dhe Ramazan Ko\u00e7it.<\/p>\n<p><em><iframe loading=\"lazy\" src=\"https:\/\/www.facebook.com\/plugins\/post.php?href=https%3A%2F%2Fwww.facebook.com%2Fabi.malltezi%2Fposts%2Fpfbid0sAfYmXrsUcj4NmpqqG2nQDLxkcXARFDvo1QhJYAzxagf1URGVxKgaxTzuy8DFc8Fl&amp;show_text=true&amp;width=500\" width=\"500\" height=\"684\" frameborder=\"0\" scrolling=\"no\" allowfullscreen=\"allowfullscreen\" data-mce-fragment=\"1\"><\/iframe><\/em>\n<\/div>\n","protected":false},"excerpt":{"rendered":"<p>N\u00eb nj\u00eb postim n\u00eb rrjetet sociale, Jamarb\u00ebr Malltezi akuzon shoqat\u00ebn Tirona se po k\u00ebrkon t\u00eb vjedh\u00eb pron\u00ebn private t\u00eb trash\u00ebgimtar\u00ebve t\u00eb tiranasve t\u00eb vjet\u00ebr. N\u00eb nj\u00eb postim n\u00eb facebook Malltezi akuzon Shk\u00eblqim\u00a0Hajdarin, kreun e shoqat\u00ebs se po k\u00ebrkon t\u00eb vjedh\u00eb\u00a0tokat private t\u00eb Tironsve trash\u00ebgimtar\u00eb t\u00eb Him Zan\u00ebs, Him Rellit dhe Ramazan Ko\u00e7it. Deklarata\u00a0 A mund &hellip;<\/p>\n","protected":false},"author":4,"featured_media":118590,"comment_status":"closed","ping_status":"closed","sticky":false,"template":"","format":"standard","meta":{"footnotes":""},"categories":[37],"tags":[],"class_list":["post-139695","post","type-post","status-publish","format-standard","has-post-thumbnail","","category-politike"],"_links":{"self":[{"href":"https:\/\/rdnews.al\/index.php\/wp-json\/wp\/v2\/posts\/139695","targetHints":{"allow":["GET"]}}],"collection":[{"href":"https:\/\/rdnews.al\/index.php\/wp-json\/wp\/v2\/posts"}],"about":[{"href":"https:\/\/rdnews.al\/index.php\/wp-json\/wp\/v2\/types\/post"}],"author":[{"embeddable":true,"href":"https:\/\/rdnews.al\/index.php\/wp-json\/wp\/v2\/users\/4"}],"replies":[{"embeddable":true,"href":"https:\/\/rdnews.al\/index.php\/wp-json\/wp\/v2\/comments?post=139695"}],"version-history":[{"count":1,"href":"https:\/\/rdnews.al\/index.php\/wp-json\/wp\/v2\/posts\/139695\/revisions"}],"predecessor-version":[{"id":139696,"href":"https:\/\/rdnews.al\/index.php\/wp-json\/wp\/v2\/posts\/139695\/revisions\/139696"}],"wp:featuredmedia":[{"embeddable":true,"href":"https:\/\/rdnews.al\/index.php\/wp-json\/wp\/v2\/media\/118590"}],"wp:attachment":[{"href":"https:\/\/rdnews.al\/index.php\/wp-json\/wp\/v2\/media?parent=139695"}],"wp:term":[{"taxonomy":"category","embeddable":true,"href":"https:\/\/rdnews.al\/index.php\/wp-json\/wp\/v2\/categories?post=139695"},{"taxonomy":"post_tag","embeddable":true,"href":"https:\/\/rdnews.al\/index.php\/wp-json\/wp\/v2\/tags?post=139695"}],"curies":[{"name":"wp","href":"https:\/\/api.w.org\/{rel}","templated":true}]}}