{"id":139700,"date":"2026-04-04T19:13:20","date_gmt":"2026-04-04T19:13:20","guid":{"rendered":"https:\/\/rdnews.al\/?p=139700"},"modified":"2026-04-04T20:10:45","modified_gmt":"2026-04-04T20:10:45","slug":"berisha-vizat-u-hoqen-ne-2010-kur-rama-dergonte-emaile-ne-bruksel-kunder-heqjes-por-sot-e-quan-arritje-te-tij","status":"publish","type":"post","link":"https:\/\/rdnews.al\/index.php\/2026\/04\/04\/berisha-vizat-u-hoqen-ne-2010-kur-rama-dergonte-emaile-ne-bruksel-kunder-heqjes-por-sot-e-quan-arritje-te-tij\/","title":{"rendered":"Berisha: Vizat u hoq\u00ebn n\u00eb 2010 kur Rama d\u00ebrgonte emaile n\u00eb Bruksel kund\u00ebr heqjes, por sot e quan arritje t\u00eb tij"},"content":{"rendered":"<div class=\"readmore-text-here\">\n<p>Kur vizat u hoq\u00ebn p\u00ebr shqiptar\u00ebt n\u00eb vitin 2010 kur qeverin\u00eb e drejtonte Sali Berisha, Edi Rama ishte kryebashkiak i Tiran\u00ebs dhe drejtues i opozit\u00ebs, nd\u00ebrsa b\u00ebnte greva urie dhe d\u00ebrgonte emaile n\u00eb Bruksel, ku k\u00ebrkonte q\u00eb t\u00eb mos hiqeshin vizat se 800 mij\u00eb shqiptar\u00eb do dyndeshin n\u00ebp\u00ebr Europ\u00eb.<\/p>\n<p>Por sot, i nj\u00ebjti Edi Ram\u00eb pretendon se, heqja e vizave \u00ebsht\u00eb arritja e tij m\u00eb e madhe??!!!<\/p>\n<p>Kryetari i PD, Sali Berisha duke komentuar k\u00ebt\u00eb deklarat\u00eb t\u00eb Ram\u00ebs, shkruan se, kur nuk ke turp, thua \u00e7do gj\u00eb.<\/p>\n<p><strong>Reagimi i kreut t\u00eb PD, Berisha<\/strong><\/p>\n<p>Kur nuk ke turp thua \u00e7do gj\u00eb.<\/p>\n<p>Miq, vizat me BE-n\u00eb u hoq\u00ebn n\u00eb vitin 2010!<\/p>\n<p>Ky b\u00ebnte greva urie dhe d\u00ebrgonte email-e n\u00eb Bruksel se po hoq\u00ebt vizat do ju dynden 800 mij\u00eb shqiptar\u00eb.<\/p>\n<p>Kurse tani heqjen e vizave e quan arritjen m\u00eb t\u00eb madhe t\u00eb jet\u00ebs s\u00eb tij! Kur nuk ke turp, thua \u00e7do gj\u00eb!<\/p>\n<p><iframe loading=\"lazy\" src=\"https:\/\/www.facebook.com\/plugins\/video.php?height=476&amp;href=https%3A%2F%2Fwww.facebook.com%2Freel%2F1559083339178627%2F&amp;show_text=false&amp;width=267&amp;t=0\" width=\"267\" height=\"476\" frameborder=\"0\" scrolling=\"no\" allowfullscreen=\"allowfullscreen\" data-mce-fragment=\"1\"><\/iframe><\/p>\n<\/div>\n","protected":false},"excerpt":{"rendered":"<p>Kur vizat u hoq\u00ebn p\u00ebr shqiptar\u00ebt n\u00eb vitin 2010 kur qeverin\u00eb e drejtonte Sali Berisha, Edi Rama ishte kryebashkiak i Tiran\u00ebs dhe drejtues i opozit\u00ebs, nd\u00ebrsa b\u00ebnte greva urie dhe d\u00ebrgonte emaile n\u00eb Bruksel, ku k\u00ebrkonte q\u00eb t\u00eb mos hiqeshin vizat se 800 mij\u00eb shqiptar\u00eb do dyndeshin n\u00ebp\u00ebr Europ\u00eb. Por sot, i nj\u00ebjti Edi Ram\u00eb &hellip;<\/p>\n","protected":false},"author":4,"featured_media":139701,"comment_status":"closed","ping_status":"closed","sticky":false,"template":"","format":"standard","meta":{"footnotes":""},"categories":[134],"tags":[],"class_list":["post-139700","post","type-post","status-publish","format-standard","has-post-thumbnail","","category-news"],"_links":{"self":[{"href":"https:\/\/rdnews.al\/index.php\/wp-json\/wp\/v2\/posts\/139700","targetHints":{"allow":["GET"]}}],"collection":[{"href":"https:\/\/rdnews.al\/index.php\/wp-json\/wp\/v2\/posts"}],"about":[{"href":"https:\/\/rdnews.al\/index.php\/wp-json\/wp\/v2\/types\/post"}],"author":[{"embeddable":true,"href":"https:\/\/rdnews.al\/index.php\/wp-json\/wp\/v2\/users\/4"}],"replies":[{"embeddable":true,"href":"https:\/\/rdnews.al\/index.php\/wp-json\/wp\/v2\/comments?post=139700"}],"version-history":[{"count":2,"href":"https:\/\/rdnews.al\/index.php\/wp-json\/wp\/v2\/posts\/139700\/revisions"}],"predecessor-version":[{"id":139703,"href":"https:\/\/rdnews.al\/index.php\/wp-json\/wp\/v2\/posts\/139700\/revisions\/139703"}],"wp:featuredmedia":[{"embeddable":true,"href":"https:\/\/rdnews.al\/index.php\/wp-json\/wp\/v2\/media\/139701"}],"wp:attachment":[{"href":"https:\/\/rdnews.al\/index.php\/wp-json\/wp\/v2\/media?parent=139700"}],"wp:term":[{"taxonomy":"category","embeddable":true,"href":"https:\/\/rdnews.al\/index.php\/wp-json\/wp\/v2\/categories?post=139700"},{"taxonomy":"post_tag","embeddable":true,"href":"https:\/\/rdnews.al\/index.php\/wp-json\/wp\/v2\/tags?post=139700"}],"curies":[{"name":"wp","href":"https:\/\/api.w.org\/{rel}","templated":true}]}}