{"id":139704,"date":"2026-04-04T20:07:46","date_gmt":"2026-04-04T20:07:46","guid":{"rendered":"https:\/\/rdnews.al\/?p=139704"},"modified":"2026-04-04T20:07:46","modified_gmt":"2026-04-04T20:07:46","slug":"rama-thote-se-heqja-e-vizave-nga-berisha-eshte-arritja-me-e-madhe-e-jetes-se-tij","status":"publish","type":"post","link":"https:\/\/rdnews.al\/index.php\/2026\/04\/04\/rama-thote-se-heqja-e-vizave-nga-berisha-eshte-arritja-me-e-madhe-e-jetes-se-tij\/","title":{"rendered":"Rama thot\u00eb se heqja e vizave nga Berisha \u00ebsht\u00eb arritja m\u00eb e madhe e jet\u00ebs s\u00eb tij!"},"content":{"rendered":"<p>Shqiptar\u00ebt l\u00ebviz\u00ebn t\u00eb lir\u00eb n\u00eb vitin 2010, kur qeverin\u00eb e drejtonte Sali Berisha dhe Partia Demokratike b\u00ebri t\u00eb mundur q\u00eb \u00e7do kush q\u00eb kishte n\u00eb zot\u00ebrim nj\u00eb pasaport\u00eb biometrike t\u00eb l\u00ebvizte lirsh\u00ebm n\u00eb hap\u00ebsir\u00ebn e Shengenit.<\/p>\n<p>Kur vizat u hoq\u00ebn p\u00ebr shqiptar\u00ebt, Edi Rama ishte kryebashkiak i Tiran\u00ebs dhe drejtues i opozit\u00ebs, nd\u00ebrsa b\u00ebnte greva urie dhe d\u00ebrgonte emaile n\u00eb Bruksel, ku k\u00ebrkonte q\u00eb t\u00eb mos hiqeshin vizat se 800 mij\u00eb shqiptar\u00eb do dyndeshin n\u00ebp\u00ebr Europ\u00eb.<\/p>\n<p>Por sot, i nj\u00ebjti Edi Ram\u00eb pretendon se, heqja e vizave \u00ebsht\u00eb arritja e tij m\u00eb e madhe??!!!<\/p>\n<p>Kryetari i PD-s\u00eb, Sali Berisha duke komentuar k\u00ebt\u00eb deklarat\u00eb t\u00eb Ram\u00ebs, shkruan se, \u2018kur nuk ke turp, thua \u00e7do gj\u00eb\u2019.<\/p>\n<p><strong>Reagimi i kreut t\u00eb PD, Sali Berisha:<\/strong><\/p>\n<p><em>Kur nuk ke turp thua \u00e7do gj\u00eb.<\/em><\/p>\n<p><em>Miq, vizat me BE-n\u00eb u hoq\u00ebn n\u00eb vitin 2010!<\/em><\/p>\n<p><em>Ky b\u00ebnte greva urie dhe d\u00ebrgonte email-e n\u00eb Bruksel se po hoq\u00ebt vizat do ju dynden 800 mij\u00eb shqiptar\u00eb.<\/em><\/p>\n<p><em>Kurse tani heqjen e vizave e quan arritjen m\u00eb t\u00eb madhe t\u00eb jet\u00ebs s\u00eb tij! Kur nuk ke turp, thua \u00e7do gj\u00eb!<\/em><\/p>\n","protected":false},"excerpt":{"rendered":"<p>Shqiptar\u00ebt l\u00ebviz\u00ebn t\u00eb lir\u00eb n\u00eb vitin 2010, kur qeverin\u00eb e drejtonte Sali Berisha dhe Partia Demokratike b\u00ebri t\u00eb mundur q\u00eb \u00e7do kush q\u00eb kishte n\u00eb zot\u00ebrim nj\u00eb pasaport\u00eb biometrike t\u00eb l\u00ebvizte lirsh\u00ebm n\u00eb hap\u00ebsir\u00ebn e Shengenit. Kur vizat u hoq\u00ebn p\u00ebr shqiptar\u00ebt, Edi Rama ishte kryebashkiak i Tiran\u00ebs dhe drejtues i opozit\u00ebs, nd\u00ebrsa b\u00ebnte greva &hellip;<\/p>\n","protected":false},"author":3,"featured_media":139705,"comment_status":"closed","ping_status":"closed","sticky":false,"template":"","format":"standard","meta":{"footnotes":""},"categories":[37],"tags":[],"class_list":["post-139704","post","type-post","status-publish","format-standard","has-post-thumbnail","","category-politike"],"_links":{"self":[{"href":"https:\/\/rdnews.al\/index.php\/wp-json\/wp\/v2\/posts\/139704","targetHints":{"allow":["GET"]}}],"collection":[{"href":"https:\/\/rdnews.al\/index.php\/wp-json\/wp\/v2\/posts"}],"about":[{"href":"https:\/\/rdnews.al\/index.php\/wp-json\/wp\/v2\/types\/post"}],"author":[{"embeddable":true,"href":"https:\/\/rdnews.al\/index.php\/wp-json\/wp\/v2\/users\/3"}],"replies":[{"embeddable":true,"href":"https:\/\/rdnews.al\/index.php\/wp-json\/wp\/v2\/comments?post=139704"}],"version-history":[{"count":2,"href":"https:\/\/rdnews.al\/index.php\/wp-json\/wp\/v2\/posts\/139704\/revisions"}],"predecessor-version":[{"id":139707,"href":"https:\/\/rdnews.al\/index.php\/wp-json\/wp\/v2\/posts\/139704\/revisions\/139707"}],"wp:featuredmedia":[{"embeddable":true,"href":"https:\/\/rdnews.al\/index.php\/wp-json\/wp\/v2\/media\/139705"}],"wp:attachment":[{"href":"https:\/\/rdnews.al\/index.php\/wp-json\/wp\/v2\/media?parent=139704"}],"wp:term":[{"taxonomy":"category","embeddable":true,"href":"https:\/\/rdnews.al\/index.php\/wp-json\/wp\/v2\/categories?post=139704"},{"taxonomy":"post_tag","embeddable":true,"href":"https:\/\/rdnews.al\/index.php\/wp-json\/wp\/v2\/tags?post=139704"}],"curies":[{"name":"wp","href":"https:\/\/api.w.org\/{rel}","templated":true}]}}