{"id":13972,"date":"2022-06-01T12:10:48","date_gmt":"2022-06-01T12:10:48","guid":{"rendered":"https:\/\/rdnews.al\/?p=13972"},"modified":"2022-06-01T12:10:48","modified_gmt":"2022-06-01T12:10:48","slug":"calja-nuk-ia-doli-do-rikthehem-me-i-forte","status":"publish","type":"post","link":"https:\/\/rdnews.al\/index.php\/2022\/06\/01\/calja-nuk-ia-doli-do-rikthehem-me-i-forte\/","title":{"rendered":"Calja nuk ia doli: Do rikthehem m\u00eb i fort\u00eb"},"content":{"rendered":"<p>T\u00eb gjith\u00eb syt\u00eb mbr\u00ebmjen e djeshme n\u00eb sall\u00ebn \u201cFeti Borova\u201d ishin tek ai, te Briken Calja, sportist q\u00eb \u00e7do vit ka qen\u00eb ambasadori m\u00eb i mir\u00eb i Shqip\u00ebris\u00eb me medalje t\u00eb arta dhe rezultate historike. Por pesh\u00ebngrit\u00ebsi sht\u00ebrmenas nuk mundi t\u00eb dhuroj\u00eb nj\u00eb tjet\u00ebr gar\u00eb magjike, kjo edhe p\u00ebr shkak t\u00eb gjendjes s\u00eb tij fizike. Pas gar\u00ebs Calja u shfaq i zhg\u00ebnjyer dhe n\u00eb lot, nd\u00ebrsa d\u00ebmtimi nuk e linte as t\u00eb l\u00ebvizte. Megjithat\u00eb, ai u ndal t\u00eb prononcohej p\u00ebr mediat, me z\u00ebrin e dridhur dhe mes lot\u00ebsh, Calja u shpreh:<\/p>\n<p>\u201cKam kaluar nj\u00eb faz\u00eb jo t\u00eb mir\u00eb k\u00ebto jav\u00eb t\u00eb fundit. Edhe dhimbjet i kam pasur shum\u00eb t\u00eb m\u00ebdha, do t\u00eb doja q\u00eb t\u00eb b\u00ebja maksimumin tim, por me sa duket ky ishte fundi dhe supi nuk m\u00eb mbajti m\u00eb.<\/p>\n<p>Ky \u00ebsht\u00eb sporti, edhe pse ishte e pamundur p\u00ebr mua q\u00eb t\u00eb vazhdoja, egoja m\u00eb b\u00ebri q\u00eb t\u2019i shkoja deri n\u00eb fund. M\u00eb vjen v\u00ebrtet\u00eb shum\u00eb keq, sepse isha n\u00eb vendin tim. Dua q\u00eb t\u2019i fal\u00ebnderoj t\u00eb gjith\u00eb t\u00eb pranishmit, por m\u00eb vjen v\u00ebrtet\u00eb shum\u00eb keq.<\/p>\n<p>Ndihem shum\u00eb keq (shp\u00ebrthen n\u00eb lot), por k\u00ebshtu paska qen\u00eb e shkruar kjo gar\u00eb, e cila ishte m\u00eb dob\u00ebta e karrier\u00ebs p\u00ebr mua. Si\u00e7 e thash\u00eb, kam pasur jasht\u00ebzakonisht shum\u00eb probleme, sh\u00ebndet\u00ebsore mbi t\u00eb gjitha dhe ishte e pamundur\u201d, thot\u00eb kampioni i bot\u00ebs dhe sportisti me rezultatin m\u00eb t\u00eb lart\u00eb n\u00eb historin\u00eb e Shqip\u00ebris\u00eb n\u00eb olimpiad\u00eb.<\/p>\n<p>Edhe pse i zhg\u00ebnjyer, Calja nuk dor\u00ebzohet dhe premton se do t\u00eb rikthehet akoma m\u00eb i fort\u00eb, nd\u00ebrsa p\u00ebrg\u00ebzon edhe Qerimajn:<\/p>\n<p>\u201cTani shpresoj t\u00eb rikuperohem. E kam faktuar dhe do ta faktoj q\u00eb Brikeni do t\u00eb kthehet akoma m\u00eb i fort\u00eb. Medalja e Erkandit \u00ebsht\u00eb pa diskutim nj\u00eb lajm i mir\u00eb, pasi mbi t\u00eb gjitha ne jemi shok\u00eb dhe miq. Rivalitetin e kemi thjesht\u00eb n\u00eb pedan\u00eb. Ju k\u00ebrkoj edhe nj\u00eb her\u00eb tjet\u00ebr ndjes\u00eb\u201d, shprehet Calja.<\/p>\n","protected":false},"excerpt":{"rendered":"<p>T\u00eb gjith\u00eb syt\u00eb mbr\u00ebmjen e djeshme n\u00eb sall\u00ebn \u201cFeti Borova\u201d ishin tek ai, te Briken Calja, sportist q\u00eb \u00e7do vit ka qen\u00eb ambasadori m\u00eb i mir\u00eb i Shqip\u00ebris\u00eb me medalje t\u00eb arta dhe rezultate historike. Por pesh\u00ebngrit\u00ebsi sht\u00ebrmenas nuk mundi t\u00eb dhuroj\u00eb nj\u00eb tjet\u00ebr gar\u00eb magjike, kjo edhe p\u00ebr shkak t\u00eb gjendjes s\u00eb tij fizike. &hellip;<\/p>\n","protected":false},"author":5,"featured_media":13974,"comment_status":"open","ping_status":"open","sticky":false,"template":"","format":"standard","meta":{"footnotes":""},"categories":[39],"tags":[],"class_list":["post-13972","post","type-post","status-publish","format-standard","has-post-thumbnail","","category-sport"],"_links":{"self":[{"href":"https:\/\/rdnews.al\/index.php\/wp-json\/wp\/v2\/posts\/13972","targetHints":{"allow":["GET"]}}],"collection":[{"href":"https:\/\/rdnews.al\/index.php\/wp-json\/wp\/v2\/posts"}],"about":[{"href":"https:\/\/rdnews.al\/index.php\/wp-json\/wp\/v2\/types\/post"}],"author":[{"embeddable":true,"href":"https:\/\/rdnews.al\/index.php\/wp-json\/wp\/v2\/users\/5"}],"replies":[{"embeddable":true,"href":"https:\/\/rdnews.al\/index.php\/wp-json\/wp\/v2\/comments?post=13972"}],"version-history":[{"count":0,"href":"https:\/\/rdnews.al\/index.php\/wp-json\/wp\/v2\/posts\/13972\/revisions"}],"wp:featuredmedia":[{"embeddable":true,"href":"https:\/\/rdnews.al\/index.php\/wp-json\/wp\/v2\/media\/13974"}],"wp:attachment":[{"href":"https:\/\/rdnews.al\/index.php\/wp-json\/wp\/v2\/media?parent=13972"}],"wp:term":[{"taxonomy":"category","embeddable":true,"href":"https:\/\/rdnews.al\/index.php\/wp-json\/wp\/v2\/categories?post=13972"},{"taxonomy":"post_tag","embeddable":true,"href":"https:\/\/rdnews.al\/index.php\/wp-json\/wp\/v2\/tags?post=13972"}],"curies":[{"name":"wp","href":"https:\/\/api.w.org\/{rel}","templated":true}]}}