{"id":139727,"date":"2026-04-06T08:58:24","date_gmt":"2026-04-06T08:58:24","guid":{"rendered":"https:\/\/rdnews.al\/?p=139727"},"modified":"2026-04-06T08:58:24","modified_gmt":"2026-04-06T08:58:24","slug":"berisha-irena-gjoken-do-e-gjykoje-gjykata-e-saj-rama-duhej-te-ishte-ne-ndjekje-penale","status":"publish","type":"post","link":"https:\/\/rdnews.al\/index.php\/2026\/04\/06\/berisha-irena-gjoken-do-e-gjykoje-gjykata-e-saj-rama-duhej-te-ishte-ne-ndjekje-penale\/","title":{"rendered":"Berisha: Irena Gjok\u00ebn do e gjykoj\u00eb gjykata e saj! Rama duhej t\u00eb ishte n\u00eb ndjekje penale"},"content":{"rendered":"<p><strong>Anila Hoxha, TCH: Z. Berisha, jav\u00ebn e kaluar SPAK nuk u shpreh kund\u00ebr thirrjes si d\u00ebshmitar t\u00eb Edi Ram\u00ebs n\u00eb dosjen Partizani, por ia la n\u00eb dor\u00eb gjykat\u00ebs. \u00c7far\u00eb parashikoni ju, do e pranoj\u00eb gjykata k\u00ebt\u00eb k\u00ebrkes\u00eb?<\/strong><\/p>\n<p><strong>Sali Berisha:<\/strong> Tani meq\u00eb jemi tek gjykata, m\u00eb fal edhe p\u00ebr nj\u00eb moment dhe do kaloj tek pyetja juaj.<br \/>\n\u00c7far\u00eb ndodh tjet\u00ebr? Irena me 5 mbiemra, ku do gjykohet, thoni ju me dosje t\u00eb mbyllur? N\u00eb kund\u00ebrshtim me t\u00eb gjith\u00eb praktik\u00ebn e k\u00ebtij shteti, por me nj\u00eb vendim t\u00eb Sadushit, q\u00eb n\u00eb fakt n\u00eb disa aspekte ia kalon Iren\u00ebs, do t\u00eb gjykohet n\u00eb gjykat\u00ebn e vet.<br \/>\nKeni par\u00eb apo nuk keni par\u00eb ju?<br \/>\nKur nj\u00eb gjykat\u00ebs i Tiran\u00ebs ka nj\u00eb \u00e7\u00ebshtje p\u00ebr t\u00eb cil\u00ebn gjykohet, n\u00eb praktik\u00ebn e drejt\u00ebsis\u00eb shqiptare, nj\u00eb gjykat\u00ebs nga nj\u00eb qytet tjet\u00ebr vjen dhe merr dosjen p\u00ebr gjykim.<br \/>\nKurse p\u00ebr Sadush Gjok\u00ebn, Irena duhet t\u00eb gjykohet n\u00eb gjykat\u00ebn speciale.<br \/>\nKy \u00ebsht\u00eb nj\u00eb turp.<br \/>\nPra, n\u00ebse Altin Troplini e p\u00ebrputhi dosjen Maneku n\u00eb p\u00ebrputhje me ligjin apo jo, k\u00ebt\u00eb do ta gjykoj\u00eb gjykata speciale, do t\u00eb gjykoj\u00eb pra konflikti i past\u00ebr i interesit.<br \/>\nTani vazhdojm\u00eb me at\u00eb. Sa p\u00ebr dijeni, Edi Rama \u00ebsht\u00eb k\u00ebrkuar nga t\u00eb akuzuarit e dosjes q\u00eb n\u00eb fillim t\u00eb vij\u00eb jo d\u00ebshmitar, por n\u00eb ndjekje penale.<br \/>\nPse? Sepse Edi Rama, nj\u00eb pjes\u00eb t\u00eb mir\u00eb t\u00eb territorit t\u00eb klubit Partizani, e kishte shnd\u00ebrruar n\u00eb nj\u00eb zon\u00eb urbane nd\u00ebrtimi pa asnj\u00eb k\u00ebrkes\u00eb t\u00eb pronar\u00ebve, pa asnj\u00eb k\u00ebrkes\u00eb t\u00eb askujt, p\u00ebrve\u00e7se probabilist t\u00eb peshkaqenit Olsi Rama, i cili kishte vendosur t\u00eb b\u00ebhej miliarder n\u00eb tok\u00ebn e tjetrit.<br \/>\nDhe Edi Rama e ka zonuar at\u00eb n\u00eb nj\u00eb koh\u00eb kur ajo as nuk u ishte kthyer pronar\u00ebve dhe as nuk kishin b\u00ebr\u00eb asnj\u00eb k\u00ebrkes\u00eb.<br \/>\nMeq\u00eb \u00ebsht\u00eb th\u00ebn\u00eb se \u00ebsht\u00eb Berisha ai q\u00eb ka firmosur zonimin, nj\u00eb histori turpi, kjo \u00ebsht\u00eb e v\u00ebrteta.<br \/>\nDhe \u00ebsht\u00eb thirrur t\u00eb pyetet Edi Rama.<br \/>\nMbrapa Edi Rama dha lejet e nd\u00ebrtimit tek klubi Partizani.<br \/>\nM\u00eb von\u00eb, ky e merr vesh se nj\u00eb nga pronar\u00ebt q\u00eb ka marr\u00eb tok\u00eb aty dhe ishte bashk\u00ebnd\u00ebrtues, ishte Jamarb\u00ebr Malltezi.<br \/>\nDhe tani, pavar\u00ebsisht se ishte dh\u00ebn\u00eb leja, ky e mbante lejen e nd\u00ebrtimit, nuk e zbardh.<br \/>\nGjykata e urdh\u00ebron ta zbardh\u00eb lejen e nd\u00ebrtimit. Ky nuk zbaton vendimin e gjykat\u00ebs dhe pas vendimit t\u00eb gjykat\u00ebs, pronar\u00ebt fillojn\u00eb zhvillimin e zon\u00ebs.<br \/>\nEdi Rama d\u00ebrgon inspektoratin e tij dhe e bllokon punimin p\u00ebr shum\u00eb koh\u00eb.<br \/>\nGjykata e d\u00ebnon Edi Ram\u00ebn me 320 mij\u00eb euro dhe ky i paguan nga xhepi i bashkis\u00eb p\u00ebr d\u00ebmin q\u00eb u kishte krijuar.<br \/>\nPra, Edi Rama \u00ebsht\u00eb p\u00ebr t\u2019u ndjekur penalisht p\u00ebr k\u00ebto.<br \/>\nNd\u00ebrkoh\u00eb Altin Troplini me Kraj\u00ebn dhe Milonain refuzuan ta th\u00ebrrasin n\u00eb proces.<br \/>\nTani kjo k\u00ebrkes\u00eb n\u00eb m\u00ebnyr\u00eb t\u00eb ligjshme u paraqit para trupit gjykues. Para trupit gjykues ata mbajt\u00ebn nj\u00eb lloj heshtje, pse e mbajt\u00ebn, e din\u00eb ata.<br \/>\nPor ata nuk kan\u00eb pranuar ta marrin n\u00eb pyetje Edi Ram\u00ebn at\u00ebher\u00eb kur \u00ebsht\u00eb k\u00ebrkuar ta pyesin pse ndryshove destinacionin e zon\u00ebs s\u00eb klubit Partizani n\u00eb nj\u00eb koh\u00eb kur nuk ta kishte k\u00ebrkuar njeri. \u00c7far\u00eb interesash kishe ti apo v\u00ebllai yt?<br \/>\nNuk e pyet\u00ebn.<br \/>\nPse, pasi i dhe lejen e nd\u00ebrtimit, e anulove kur more vesh se ishte Jamarb\u00ebr Malltezi?<br \/>\nTjet\u00ebr, pse nuk zbatove vendimin e gjykat\u00ebs por gjobite bashkin\u00eb me 300 mij\u00eb euro.<br \/>\nT\u00eb gjitha k\u00ebto jan\u00eb n\u00eb dosje t\u00eb dokumentuara, t\u00eb provuara, t\u00eb faktuara.<br \/>\nTani do vendos\u00eb gjykata do e th\u00ebrrasin apo jo Edi Ram\u00ebn, i cili \u00ebsht\u00eb autori absolutisht i ndryshimit t\u00eb destinacionit n\u00eb t\u00eb gjitha rastet dhe t\u00eb \u00e7do centimetri katror t\u00eb atij trualli.<\/p>\n","protected":false},"excerpt":{"rendered":"<p>Anila Hoxha, TCH: Z. Berisha, jav\u00ebn e kaluar SPAK nuk u shpreh kund\u00ebr thirrjes si d\u00ebshmitar t\u00eb Edi Ram\u00ebs n\u00eb dosjen Partizani, por ia la n\u00eb dor\u00eb gjykat\u00ebs. \u00c7far\u00eb parashikoni ju, do e pranoj\u00eb gjykata k\u00ebt\u00eb k\u00ebrkes\u00eb? Sali Berisha: Tani meq\u00eb jemi tek gjykata, m\u00eb fal edhe p\u00ebr nj\u00eb moment dhe do kaloj tek pyetja &hellip;<\/p>\n","protected":false},"author":4,"featured_media":139713,"comment_status":"closed","ping_status":"closed","sticky":false,"template":"","format":"standard","meta":{"footnotes":""},"categories":[37],"tags":[],"class_list":["post-139727","post","type-post","status-publish","format-standard","has-post-thumbnail","","category-politike"],"_links":{"self":[{"href":"https:\/\/rdnews.al\/index.php\/wp-json\/wp\/v2\/posts\/139727","targetHints":{"allow":["GET"]}}],"collection":[{"href":"https:\/\/rdnews.al\/index.php\/wp-json\/wp\/v2\/posts"}],"about":[{"href":"https:\/\/rdnews.al\/index.php\/wp-json\/wp\/v2\/types\/post"}],"author":[{"embeddable":true,"href":"https:\/\/rdnews.al\/index.php\/wp-json\/wp\/v2\/users\/4"}],"replies":[{"embeddable":true,"href":"https:\/\/rdnews.al\/index.php\/wp-json\/wp\/v2\/comments?post=139727"}],"version-history":[{"count":1,"href":"https:\/\/rdnews.al\/index.php\/wp-json\/wp\/v2\/posts\/139727\/revisions"}],"predecessor-version":[{"id":139728,"href":"https:\/\/rdnews.al\/index.php\/wp-json\/wp\/v2\/posts\/139727\/revisions\/139728"}],"wp:featuredmedia":[{"embeddable":true,"href":"https:\/\/rdnews.al\/index.php\/wp-json\/wp\/v2\/media\/139713"}],"wp:attachment":[{"href":"https:\/\/rdnews.al\/index.php\/wp-json\/wp\/v2\/media?parent=139727"}],"wp:term":[{"taxonomy":"category","embeddable":true,"href":"https:\/\/rdnews.al\/index.php\/wp-json\/wp\/v2\/categories?post=139727"},{"taxonomy":"post_tag","embeddable":true,"href":"https:\/\/rdnews.al\/index.php\/wp-json\/wp\/v2\/tags?post=139727"}],"curies":[{"name":"wp","href":"https:\/\/api.w.org\/{rel}","templated":true}]}}