{"id":139774,"date":"2026-04-07T08:33:55","date_gmt":"2026-04-07T08:33:55","guid":{"rendered":"https:\/\/rdnews.al\/?p=139774"},"modified":"2026-04-07T08:33:55","modified_gmt":"2026-04-07T08:33:55","slug":"apeli-i-gjkko-rrezon-ballukun-le-ne-fuqi-masen-e-pezullimit-nga-detyra","status":"publish","type":"post","link":"https:\/\/rdnews.al\/index.php\/2026\/04\/07\/apeli-i-gjkko-rrezon-ballukun-le-ne-fuqi-masen-e-pezullimit-nga-detyra\/","title":{"rendered":"Apeli i GJKKO rr\u00ebzon Ballukun, l\u00eb n\u00eb fuqi mas\u00ebn e pezullimit nga detyra"},"content":{"rendered":"<p>Gjykata e Posa\u00e7me e Apelit ka rr\u00ebzuar ankimin e Belinda Ballukut, duke l\u00ebn\u00eb n\u00eb fuqi mas\u00ebn e pezullimit nga detyra.<\/p>\n<div class=\"jeg_ad jeg_ad_article jnews_content_inline_ads  \">\n<div class=\"ads-wrapper align-center \">\n<div class=\"ads_code\">N\u00eb seanc\u00ebn e sotme, Balluku u p\u00ebrfaq\u00ebsua nga avokati i saj, Ardian Kalia.<\/div>\n<\/div>\n<\/div>\n<p>Kujtojm\u00eb q\u00eb m\u00eb 13 mars, Gjykata e Posa\u00e7me e Shkall\u00ebs s\u00eb Par\u00eb p\u00ebr Korrupsionin dhe Krimin e Organizuar\u00a0rr\u00ebzoi k\u00ebrkes\u00ebn e ish-zv.kryeministres dhe ish-ministres s\u00eb Infrastruktur\u00ebs dhe Energjis\u00eb, Belinda Balluku, p\u00ebr shuarjen e mas\u00ebs s\u00eb pezullimit nga detyra, pasi \u00ebsht\u00eb marr\u00eb e pandehur nga SPAK.<\/p>\n<p>Belinda Balluku ankimoi vendimin p\u00ebr mas\u00ebn e siguris\u00eb \u201cpezullim nga detyra\u201d, pas vendimit t\u00eb GJKKO m\u00eb dat\u00eb 22 n\u00ebntor.<\/p>\n<p>Gjykata e Posa\u00e7me caktoi dy masa sigurie p\u00ebr ish-z\u00ebvend\u00ebskryeministren Belinda Balluku, \u201cpezullim i ushtrimit t\u00eb detyr\u00ebs dhe funksionit\u201d dhe \u201cndalim i daljes jasht\u00eb vendit\u201d n\u00eb kuad\u00ebr t\u00eb hetimeve p\u00ebr shkelje t\u00eb barazis\u00eb n\u00eb tender\u00eb.<\/p>\n<p>Disa dit\u00eb m\u00eb von\u00eb, qeveria d\u00ebrgoi n\u00eb Gjykat\u00ebn Kushtetuese k\u00ebrkes\u00ebn e saj p\u00ebr pezullimin nga detyra t\u00eb zv.kryeministres Belinda Ballukun. Kryeministri Edi Rama e cil\u00ebsoi cenim t\u00eb ekzekutivit vendimin e Gjykat\u00ebs s\u00eb Posa\u00e7me p\u00ebr t\u00eb pezulluar nga detyra ministren e Energjis\u00eb dhe Infrastruktur\u00ebs dhe zv.kryeministren Belinda Balluku, por GJK rr\u00ebzoi pretendimet e kreut te qeverise.<\/p>\n<p>N\u00eb dat\u00ebn 9 prill n\u00eb Gjykat\u00ebn e Lart\u00eb nj\u00eb trup\u00eb tjet\u00ebr gjyq\u00ebsore do t\u00eb d\u00ebgjoj\u00eb avokat\u00ebt q\u00eb insistojn\u00eb edhe heqjen e mas\u00ebs s\u00eb siguris\u00eb ndalim p\u00ebr t\u00eb dal\u00eb jasht\u00eb vendit t\u00eb deputetes Balluku.<\/p>\n","protected":false},"excerpt":{"rendered":"<p>Gjykata e Posa\u00e7me e Apelit ka rr\u00ebzuar ankimin e Belinda Ballukut, duke l\u00ebn\u00eb n\u00eb fuqi mas\u00ebn e pezullimit nga detyra. N\u00eb seanc\u00ebn e sotme, Balluku u p\u00ebrfaq\u00ebsua nga avokati i saj, Ardian Kalia. Kujtojm\u00eb q\u00eb m\u00eb 13 mars, Gjykata e Posa\u00e7me e Shkall\u00ebs s\u00eb Par\u00eb p\u00ebr Korrupsionin dhe Krimin e Organizuar\u00a0rr\u00ebzoi k\u00ebrkes\u00ebn e ish-zv.kryeministres dhe &hellip;<\/p>\n","protected":false},"author":4,"featured_media":131589,"comment_status":"closed","ping_status":"closed","sticky":false,"template":"","format":"standard","meta":{"footnotes":""},"categories":[37],"tags":[],"class_list":["post-139774","post","type-post","status-publish","format-standard","has-post-thumbnail","","category-politike"],"_links":{"self":[{"href":"https:\/\/rdnews.al\/index.php\/wp-json\/wp\/v2\/posts\/139774","targetHints":{"allow":["GET"]}}],"collection":[{"href":"https:\/\/rdnews.al\/index.php\/wp-json\/wp\/v2\/posts"}],"about":[{"href":"https:\/\/rdnews.al\/index.php\/wp-json\/wp\/v2\/types\/post"}],"author":[{"embeddable":true,"href":"https:\/\/rdnews.al\/index.php\/wp-json\/wp\/v2\/users\/4"}],"replies":[{"embeddable":true,"href":"https:\/\/rdnews.al\/index.php\/wp-json\/wp\/v2\/comments?post=139774"}],"version-history":[{"count":1,"href":"https:\/\/rdnews.al\/index.php\/wp-json\/wp\/v2\/posts\/139774\/revisions"}],"predecessor-version":[{"id":139775,"href":"https:\/\/rdnews.al\/index.php\/wp-json\/wp\/v2\/posts\/139774\/revisions\/139775"}],"wp:featuredmedia":[{"embeddable":true,"href":"https:\/\/rdnews.al\/index.php\/wp-json\/wp\/v2\/media\/131589"}],"wp:attachment":[{"href":"https:\/\/rdnews.al\/index.php\/wp-json\/wp\/v2\/media?parent=139774"}],"wp:term":[{"taxonomy":"category","embeddable":true,"href":"https:\/\/rdnews.al\/index.php\/wp-json\/wp\/v2\/categories?post=139774"},{"taxonomy":"post_tag","embeddable":true,"href":"https:\/\/rdnews.al\/index.php\/wp-json\/wp\/v2\/tags?post=139774"}],"curies":[{"name":"wp","href":"https:\/\/api.w.org\/{rel}","templated":true}]}}