{"id":139776,"date":"2026-04-07T09:02:52","date_gmt":"2026-04-07T09:02:52","guid":{"rendered":"https:\/\/rdnews.al\/?p=139776"},"modified":"2026-04-07T09:02:52","modified_gmt":"2026-04-07T09:02:52","slug":"iluzionistet-e-brukselit","status":"publish","type":"post","link":"https:\/\/rdnews.al\/index.php\/2026\/04\/07\/iluzionistet-e-brukselit\/","title":{"rendered":"Iluzionist\u00ebt e Brukselit"},"content":{"rendered":"<p><strong>Nga Genc POLLO<\/strong><br \/>\n<em><strong>President i Paneuropa-Shqip\u00ebri<\/strong><\/em><\/p>\n<p>N\u00eb 30 mars n\u00eb qendr\u00ebn e konferencave Nieuwspoort n\u00eb Hag\u00eb, drejtori i p\u00ebrgjithsh\u00ebm p\u00ebr Zgjerimin n\u00eb Komisionin Europian z. Gert-Jan Koopman, panelist n\u00eb debatin \u201cHolanda dhe Europa mes blloqeve t\u00eb fuqive bot\u00ebrore\u201d, foli p\u00ebr ecurin\u00eb e zgjerimit t\u00eb BE. P\u00ebr Shqip\u00ebrin\u00eb ai tha se \u201cpo b\u00ebhen reforma dhe po sh\u00ebnohet nj\u00eb p\u00ebrparim pa precedent; kemi kaluar nga zero n\u00eb hapjen e t\u00eb t\u00ebr\u00eb kapitujve brenda nj\u00eb viti, pra me shpejt\u00ebsi t\u00eb paimagjinueshme. Pritshm\u00ebria e Shqip\u00ebris\u00eb \u00ebsht\u00eb mbyllja e kapitujve brenda v2027 \u00e7ka sugjeron se do e ruajn\u00eb ritmin e reformave\u201d.<\/p>\n<p>Dy dit\u00eb m\u00eb von\u00eb COELA ose \u201cGrupi i pun\u00ebs p\u00ebr Zgjerimin n\u00eb K\u00ebshillin e BE\u201d (pra i p\u00ebrb\u00ebr\u00eb nga shtetet an\u00ebtare) refuzoi propozimin e Komisionit Europian p\u00ebr t\u00eb aprovuar IBARin (raportin e nd\u00ebrmjet\u00ebm vler\u00ebsues t\u00eb treguesve) e Shqip\u00ebris\u00eb, i cili do t\u00eb lejonte avancimin e negociimit t\u00eb kapitujve dhe eventualisht mbylljen e tyre. N\u00ebnt\u00eb shtetet an\u00ebtare q\u00eb kund\u00ebrshtuan (Austria, Bullgaria, Finlanda, Gjermania, Greqia, Holanda, Luksemburgu, Polonia, Suedia) paraqit\u00ebn motive t\u00eb ndryshme nga abuzimet me fondin IPARD tek ato me pronat, por leitmotiv i p\u00ebrbashk\u00ebt ishte dosja Balluku: mbrojtja me imunitet parlamentar q\u00eb KM Rama e mazhoranca i dha t\u00eb pandehur\u00ebs si dhe p\/ligji q\u00eb mbron a priori qeveritar\u00ebt nga veprimi i gjyq\u00ebsorit n\u00eb rast dyshimi p\u00ebr kriminalitet.<\/p>\n<p>Kontrasti midis deklaratave optimiste t\u00eb z. Koopman dhe q\u00ebndrimeve argumentuese jo-pozitive t\u00eb nj\u00eb grupi shtetesh an\u00ebtare, t\u00eb cil\u00ebt p\u00ebrb\u00ebjn\u00eb nj\u00eb shumic\u00eb bllokuese n\u00eb K\u00ebshill, \u00ebsht\u00eb i duksh\u00ebm. Ky kontrast ka nevoj\u00eb t\u00eb shpjegohet.<\/p>\n<p>S\u00eb pari lipset t\u00eb themi se premisa e 9 shteteve an\u00ebtare \u00ebsht\u00eb e v\u00ebrtet\u00eb. Ata e shprehin n\u00eb gjuh\u00ebn profesionale t\u00eb zyrtar\u00ebve t\u00eb tyre si \u201cprogres i pamjaftuesh\u00ebm p\u00ebr nj\u00eb IBAR pozitiv\u201d. Kush jeton n\u00eb Shqip\u00ebri dhe ka dy pare mend e nj\u00eb fije ndershm\u00ebrie do e formulonte ndryshe konstatimin: p.sh. Shqip\u00ebria ndodhet n\u00eb nj\u00eb regjim autoritar e kleptokratik (RAK) me elemente t\u00eb mbetur pluralizmi n\u00eb politik\u00eb e media dhe q\u00eb nuk ka fare lidhje me parimet e vlerat themelore t\u00eb Europ\u00ebs. K\u00ebt\u00eb konstatim tashm\u00eb e pranojn\u00eb publikisht ose privatisht edhe ata q\u00eb p\u00ebrkrahin partin\u00eb n\u00eb pushtet dhe p\u00ebrfitojn\u00eb nga regjimi (nj\u00eb pjes\u00eb syresh ja v\u00eb fajin p\u00ebr k\u00ebt\u00eb shoq\u00ebris\u00eb, opozit\u00ebs, medias, nd\u00ebrkomb\u00ebtar\u00ebve e kujtdo tjet\u00ebr p\u00ebrve\u00e7se partis\u00eb n\u00eb pushtet e shefit t\u00eb saj). Nd\u00ebrkoh\u00eb q\u00eb gabimisht kritika fokusohet tek korrupsioni i zyrtar\u00ebve, i cili \u00ebsht\u00eb vet\u00ebm nj\u00eb pasoj\u00eb, vet\u00ebm nj\u00eb nga pasojat, e kapjes s\u00eb shtetit. Kjo e fundit po ilustrohet me shembuj ngjeth\u00ebs nga rasti AKShI: sipas t\u00eb dh\u00ebnave operative bandat q\u00eb kontrollonin sistemet informatike shtet\u00ebrore manipulonin sistemin kufitar TIMS n\u00eb m\u00ebnyr\u00eb q\u00eb persona n\u00eb k\u00ebrkim t\u00eb kalonin kufirin pa problem; apo q\u00eb magjistrat\u00ebve n\u00ebn veting t\u2019u \u201czhdukeshin\u201d pronat \u201ce tep\u00ebrta\u201d n\u00eb Kadast\u00ebr, prona q\u00eb rishfaqeshin n\u00eb sistem mbas konludimit t\u00eb suskessh\u00ebm t\u00eb vetingut. Kundrejt k\u00ebtyre rasteve vjedhja e 20 apo 30 milion\u00eb euro taksapar\u00e1 zbehet.<\/p>\n<p>S\u00eb dyti konstatimi i gjendjes n\u00eb Shqip\u00ebri me gjuh\u00eb diplomatike apo direkte e ekspozon prezantimin e Koopman-it si jo-realist, iluzionist e propagandist. Praktikisht ai po i shet sapunin p\u00ebr djath\u00eb K\u00ebshillit dhe Parlamentit Europian (t\u00eb cil\u00ebt duhet t\u00eb vendosin p\u00ebr propozimet e Komisionit) dhe, meq\u00eb flet publikisht, edhe opinionit publik n\u00eb BE e n\u00eb Shqip\u00ebri.<\/p>\n<p>S\u00eb treti: Koopman nuk \u00ebsht\u00eb i vet\u00ebm n\u00eb Komisionin Europian me t\u00eb tilla send\u00ebrgji; n\u00ebse ju kujtohet tre jav\u00eb mbas marrjes s\u00eb pandehur t\u00eb Ballukut ambasadori i BE n\u00eb Tiran\u00eb z. Gonzato i pyetur n\u00eb Top Channel p\u00ebr rastin foli vet\u00ebm parimin e \u201cprezumimit t\u00eb pafaj\u00ebsis\u00eb\u201d dhe aspak p\u00ebr p\u00ebrgjegj\u00ebsis\u00eb shtet\u00ebrore, llogaridh\u00ebnien e pushtetit, qeverisjen e mir\u00eb dhe besimin e publikut. Pak dit\u00eb mbasi Gjykata e pezulloi Ballukun nga detyra Komisionerja p\u00ebr Zgjerimin Marta Kos tha se reagimi i qeveris\u00eb ishte i duhuri (nj\u00eb dit\u00eb m\u00eb par\u00eb KM Rama n\u00eb prani t\u00eb saj deklaroi se do e ankimonte pezullimin n\u00eb Gj. Kushtetuese). Mbasi IBARi u vu n\u00eb pik\u00ebpyetje (fund dhjetori 2025) k\u00ebta t\u00eb fundit po e relativizojn\u00eb korrupsionin\/kriminalitetin zyrtar jo si p\u00ebrgjegj\u00ebsi penale individuale e ofiqarit p\u00ebrkat\u00ebs por si problem i (mos)reagimit shoq\u00ebror.<\/p>\n<p>S\u00eb kat\u00ebrti: Komisioni Europian nuk e ka p\u00ebr her\u00eb t\u00eb par\u00eb kontrastin me K\u00ebshillin e Parlamentin Europian n\u00eb vler\u00ebsimin e Shqip\u00ebris\u00eb. Deri n\u00eb vitin 2019 Komisioni propozoi tre her\u00eb \u00e7eljen e negociatave por pa sukses. Deputet\u00eb gjerman\u00eb t\u00eb CDU kishin ardhur disa her\u00eb n\u00eb Shqip\u00ebri n\u00eb misione fakt-mbledh\u00ebse dhe kishin konstatuar nj\u00eb situat\u00eb tjet\u00ebr nga cfar\u00eb e paraqisnin progres-raportet boj\u00eb roz\u00eb t\u00eb Brukselit. K\u00ebtu marrin zanafill\u00ebn \u201c9 kushtet e Bundestagut\u201d q\u00eb n\u00eb vijim u b\u00ebn\u00eb \u201c15 kushtet e K\u00ebshillit Europian\u201d dhe u konfirmuan n\u00eb rezolut\u00ebn Shqip\u00ebria 2020 t\u00eb Parlamentit Europian.<\/p>\n<p>S\u00eb pesti edhe m\u00eb e r\u00ebnd\u00ebsishme \u00ebsht\u00eb pyetja pse sillet k\u00ebshtu Komisioni Europian. P\u00ebrgjigja m\u00eb e thjesht\u00eb \u00ebsht\u00eb gjeopolitika e re. Padyshim q\u00eb kjo ka rolin e vet por t\u00eb mos harrojm\u00eb se kjo sjellje, si\u00e7 u tha m\u00eb lart, \u00ebsht\u00eb demonstruar tek ne vite p\u00ebrpara kund\u00ebr agresionit t\u00eb Putinit kund\u00ebr Ukrain\u00ebs. M\u00eb me gjas\u00eb motivi \u00ebsht\u00eb nevoja politike e Komisionit p\u00ebr nj\u00eb histori suksesi t\u00eb vet\u00ebn e cila do t\u00eb justifikonte pun\u00ebn, investimin dhe veten si institucion. Edhe kur realiteti nuk \u00ebsht\u00eb i till\u00eb ai thjesht injorohet dhe p\u00ebrmes fuqis\u00eb burokratike dhe me ciniz\u00ebm krijohet nj\u00eb realitet paralel e virtual. Kuptohet me d\u00ebme jo t\u00eb vogla t\u00eb vlerave europiane n\u00eb shtetet kandidate.<\/p>\n<p>S\u00eb fundmi kjo sjellje e Komisionit reflektohet edhe tek qeveria. Insistimi miop e vet\u00ebsiguria e Komisionit p\u00ebr \u00e7eljen e negociatave b\u00ebn\u00eb q\u00eb KM Rama n\u00eb v2018 t\u00eb shp\u00ebrndante dekorata disa ambasador\u00ebve shqiptar\u00eb e t\u00eb hapte shampanj\u00eb duke u b\u00ebr\u00eb qesharak, nd\u00ebrkoh\u00eb q\u00eb negociatat u \u00e7el\u00ebn vet\u00ebm mbas shtat\u00eb vjet\u00ebsh. Po k\u00ebshtu aktualisht KM, ministri e kryenegociatorja n\u00eb debatet publike mohojn\u00eb me zell t\u00eb paepur q\u00eb ka probleme apo vonesa me BE duke ju referuar shpesh deklaratave a la Koopman. Por k\u00ebto jan\u00eb lule kur mendon se iluzionet e Brukselit fatkeq\u00ebsisht mund t\u00eb sh\u00ebrbejn\u00eb si inkurajim p\u00ebr m\u00eb shum\u00eb Balluk\u00eb dhe Agas\u00eb n\u00eb Tiran\u00eb.<\/p>\n<p>&nbsp;<\/p>\n","protected":false},"excerpt":{"rendered":"<p>Nga Genc POLLO President i Paneuropa-Shqip\u00ebri N\u00eb 30 mars n\u00eb qendr\u00ebn e konferencave Nieuwspoort n\u00eb Hag\u00eb, drejtori i p\u00ebrgjithsh\u00ebm p\u00ebr Zgjerimin n\u00eb Komisionin Europian z. Gert-Jan Koopman, panelist n\u00eb debatin \u201cHolanda dhe Europa mes blloqeve t\u00eb fuqive bot\u00ebrore\u201d, foli p\u00ebr ecurin\u00eb e zgjerimit t\u00eb BE. P\u00ebr Shqip\u00ebrin\u00eb ai tha se \u201cpo b\u00ebhen reforma dhe po &hellip;<\/p>\n","protected":false},"author":4,"featured_media":39501,"comment_status":"closed","ping_status":"closed","sticky":false,"template":"","format":"standard","meta":{"footnotes":""},"categories":[44],"tags":[],"class_list":["post-139776","post","type-post","status-publish","format-standard","has-post-thumbnail","","category-editorial"],"_links":{"self":[{"href":"https:\/\/rdnews.al\/index.php\/wp-json\/wp\/v2\/posts\/139776","targetHints":{"allow":["GET"]}}],"collection":[{"href":"https:\/\/rdnews.al\/index.php\/wp-json\/wp\/v2\/posts"}],"about":[{"href":"https:\/\/rdnews.al\/index.php\/wp-json\/wp\/v2\/types\/post"}],"author":[{"embeddable":true,"href":"https:\/\/rdnews.al\/index.php\/wp-json\/wp\/v2\/users\/4"}],"replies":[{"embeddable":true,"href":"https:\/\/rdnews.al\/index.php\/wp-json\/wp\/v2\/comments?post=139776"}],"version-history":[{"count":1,"href":"https:\/\/rdnews.al\/index.php\/wp-json\/wp\/v2\/posts\/139776\/revisions"}],"predecessor-version":[{"id":139777,"href":"https:\/\/rdnews.al\/index.php\/wp-json\/wp\/v2\/posts\/139776\/revisions\/139777"}],"wp:featuredmedia":[{"embeddable":true,"href":"https:\/\/rdnews.al\/index.php\/wp-json\/wp\/v2\/media\/39501"}],"wp:attachment":[{"href":"https:\/\/rdnews.al\/index.php\/wp-json\/wp\/v2\/media?parent=139776"}],"wp:term":[{"taxonomy":"category","embeddable":true,"href":"https:\/\/rdnews.al\/index.php\/wp-json\/wp\/v2\/categories?post=139776"},{"taxonomy":"post_tag","embeddable":true,"href":"https:\/\/rdnews.al\/index.php\/wp-json\/wp\/v2\/tags?post=139776"}],"curies":[{"name":"wp","href":"https:\/\/api.w.org\/{rel}","templated":true}]}}