{"id":139780,"date":"2026-04-07T09:10:05","date_gmt":"2026-04-07T09:10:05","guid":{"rendered":"https:\/\/rdnews.al\/?p=139780"},"modified":"2026-04-07T09:10:05","modified_gmt":"2026-04-07T09:10:05","slug":"dallendyshja-e-ikmt-thirret-ne-spak","status":"publish","type":"post","link":"https:\/\/rdnews.al\/index.php\/2026\/04\/07\/dallendyshja-e-ikmt-thirret-ne-spak\/","title":{"rendered":"Dall\u00ebndyshja e IKMT thirret n\u00eb SPAK"},"content":{"rendered":"<p>Ish-drejtoresha e IKMT-s\u00eb Dall\u00ebndyshe Bici \u00ebsht\u00eb paraqitur paraditen e k\u00ebsaj t\u00eb mart\u00eb n\u00eb ambjentet e Prokuroris\u00eb s\u00eb Posa\u00e7me.<\/p>\n<p>Bici \u00ebsht\u00eb par\u00eb t\u00eb hyj\u00eb e vetme n\u00eb SPAK.<\/p>\n<p>Ende nuk dihen arsyet se p\u00ebrse ish-drejtoresha e IKMT-s\u00eb \u00ebsht\u00eb thirrur n\u00eb Gjykat\u00ebn e Posa\u00e7me.<\/p>\n<p>Dall\u00ebndyshe Bici u shkarkua nga posti i kryeinspektores s\u00eb Inspektoratit Komb\u00ebtar t\u00eb Mbrojtjes s\u00eb Territorit n\u00eb janar t\u00eb k\u00ebtij viti. Ajo mbante k\u00ebt\u00eb post prej 18 muajsh, kur u em\u00ebrua n\u00eb muajin korrik t\u00eb 2024.<\/p>\n<p>Nd\u00ebrkoh\u00eb, n\u00eb vendin e Dall\u00ebndyshe Bicit n\u00eb krye t\u00eb IKMT-s\u00eb u em\u00ebrua Adriatik Kupi, i cili m\u00eb par\u00eb ka mbajtur disa funksione si drejtor i Operatorit t\u00eb Sistemit t\u00eb Shp\u00ebrndarjes.<\/p>\n","protected":false},"excerpt":{"rendered":"<p>Ish-drejtoresha e IKMT-s\u00eb Dall\u00ebndyshe Bici \u00ebsht\u00eb paraqitur paraditen e k\u00ebsaj t\u00eb mart\u00eb n\u00eb ambjentet e Prokuroris\u00eb s\u00eb Posa\u00e7me. Bici \u00ebsht\u00eb par\u00eb t\u00eb hyj\u00eb e vetme n\u00eb SPAK. Ende nuk dihen arsyet se p\u00ebrse ish-drejtoresha e IKMT-s\u00eb \u00ebsht\u00eb thirrur n\u00eb Gjykat\u00ebn e Posa\u00e7me. Dall\u00ebndyshe Bici u shkarkua nga posti i kryeinspektores s\u00eb Inspektoratit Komb\u00ebtar t\u00eb Mbrojtjes &hellip;<\/p>\n","protected":false},"author":4,"featured_media":139781,"comment_status":"closed","ping_status":"closed","sticky":false,"template":"","format":"standard","meta":{"footnotes":""},"categories":[37],"tags":[],"class_list":["post-139780","post","type-post","status-publish","format-standard","has-post-thumbnail","","category-politike"],"_links":{"self":[{"href":"https:\/\/rdnews.al\/index.php\/wp-json\/wp\/v2\/posts\/139780","targetHints":{"allow":["GET"]}}],"collection":[{"href":"https:\/\/rdnews.al\/index.php\/wp-json\/wp\/v2\/posts"}],"about":[{"href":"https:\/\/rdnews.al\/index.php\/wp-json\/wp\/v2\/types\/post"}],"author":[{"embeddable":true,"href":"https:\/\/rdnews.al\/index.php\/wp-json\/wp\/v2\/users\/4"}],"replies":[{"embeddable":true,"href":"https:\/\/rdnews.al\/index.php\/wp-json\/wp\/v2\/comments?post=139780"}],"version-history":[{"count":1,"href":"https:\/\/rdnews.al\/index.php\/wp-json\/wp\/v2\/posts\/139780\/revisions"}],"predecessor-version":[{"id":139782,"href":"https:\/\/rdnews.al\/index.php\/wp-json\/wp\/v2\/posts\/139780\/revisions\/139782"}],"wp:featuredmedia":[{"embeddable":true,"href":"https:\/\/rdnews.al\/index.php\/wp-json\/wp\/v2\/media\/139781"}],"wp:attachment":[{"href":"https:\/\/rdnews.al\/index.php\/wp-json\/wp\/v2\/media?parent=139780"}],"wp:term":[{"taxonomy":"category","embeddable":true,"href":"https:\/\/rdnews.al\/index.php\/wp-json\/wp\/v2\/categories?post=139780"},{"taxonomy":"post_tag","embeddable":true,"href":"https:\/\/rdnews.al\/index.php\/wp-json\/wp\/v2\/tags?post=139780"}],"curies":[{"name":"wp","href":"https:\/\/api.w.org\/{rel}","templated":true}]}}