{"id":139787,"date":"2026-04-07T09:20:09","date_gmt":"2026-04-07T09:20:09","guid":{"rendered":"https:\/\/rdnews.al\/?p=139787"},"modified":"2026-04-07T09:20:09","modified_gmt":"2026-04-07T09:20:09","slug":"gjyqi-ndaj-ish-kryebashkiakes-se-tropojes-bardhi-i-qendrojme-kallezimit","status":"publish","type":"post","link":"https:\/\/rdnews.al\/index.php\/2026\/04\/07\/gjyqi-ndaj-ish-kryebashkiakes-se-tropojes-bardhi-i-qendrojme-kallezimit\/","title":{"rendered":"Gjyqi ndaj ish-kryebashkiakes s\u00eb Tropoj\u00ebs, Bardhi: I q\u00ebndrojm\u00eb kall\u00ebzimit&#8230;"},"content":{"rendered":"<p>Gazment Bardhi dhe disa deputet\u00eb t\u00eb tjer\u00eb t\u00eb PD jan\u00eb thirrur sot n\u00eb GJKKO si d\u00ebshmitar\u00eb n\u00eb procesin ndaj ish-kryebashkiakes s\u00eb komanduar t\u00eb Bashkis\u00eb s\u00eb Tropoj\u00ebs, Zyra Islamaj.<\/p>\n<p>SPAK e akuzon Islamajn, se ka nd\u00ebrhyr\u00eb te nd\u00ebrtuesi p\u00ebr t\u00eb ngritur nj\u00eb ur\u00eb mbi p\u00ebrroin q\u00eb kalon pran\u00eb sht\u00ebpis\u00eb s\u00eb motr\u00ebs s\u00eb saj.<\/p>\n<p>Bardhi pasi doli nga ambientet e GJKKO tha p\u00ebr gazetar\u00ebt se i q\u00ebndrojn\u00eb kall\u00ebzimit, nd\u00ebrsa theksoi se dosja ka kaluar p\u00ebr gjykim n\u00eb GJKKO.<\/p>\n<p>\u201cB\u00ebhet fjal\u00eb p\u00ebr n\u00ebnkryetaren e bashkis\u00eb s\u00eb Tropoj\u00ebs q\u00eb \u00ebsht\u00eb marr\u00eb e pandehur dhe \u00ebsht\u00eb d\u00ebrguar n\u00eb gjyq me akuz\u00ebn p\u00ebr korrupsion n\u00eb rastin e nj\u00eb prokurimi publik, ku dyshohet se ka p\u00ebrfituar nd\u00ebrtimin si dhurat\u00eb t\u00eb nj\u00eb ure nga ana e kompanis\u00eb private q\u00eb ishte kontraktuar p\u00ebr t\u00eb nd\u00ebrtuar nj\u00eb rrug\u00eb nga bashkia e Tropoj\u00ebs.<\/p>\n<p>Arsye q\u00eb erdh\u00ebm sepse nj\u00eb grup deputet\u00ebsh jan\u00eb firm\u00ebtar\u00eb t\u00eb kall\u00ebzimit. Patjet\u00ebr q\u00eb i q\u00ebndrojm\u00eb kall\u00ebzimit q\u00eb kemi b\u00ebr\u00eb n\u00eb SPAK. Kall\u00ebzimi i b\u00ebr\u00eb prej nesh \u00ebsht\u00eb gjetur i drejt\u00eb dhe me provat e duhura nga ana e SPAK, e cila n\u00eb p\u00ebrfundimit t\u00eb hetimeve i \u00ebsht\u00eb drejtuar p\u00ebr gjykim Gjykat\u00ebs s\u00eb Posa\u00e7me\u201d, tha Bardhi.<\/p>\n","protected":false},"excerpt":{"rendered":"<p>Gazment Bardhi dhe disa deputet\u00eb t\u00eb tjer\u00eb t\u00eb PD jan\u00eb thirrur sot n\u00eb GJKKO si d\u00ebshmitar\u00eb n\u00eb procesin ndaj ish-kryebashkiakes s\u00eb komanduar t\u00eb Bashkis\u00eb s\u00eb Tropoj\u00ebs, Zyra Islamaj. SPAK e akuzon Islamajn, se ka nd\u00ebrhyr\u00eb te nd\u00ebrtuesi p\u00ebr t\u00eb ngritur nj\u00eb ur\u00eb mbi p\u00ebrroin q\u00eb kalon pran\u00eb sht\u00ebpis\u00eb s\u00eb motr\u00ebs s\u00eb saj. Bardhi pasi doli &hellip;<\/p>\n","protected":false},"author":4,"featured_media":139788,"comment_status":"closed","ping_status":"closed","sticky":false,"template":"","format":"standard","meta":{"footnotes":""},"categories":[37],"tags":[],"class_list":["post-139787","post","type-post","status-publish","format-standard","has-post-thumbnail","","category-politike"],"_links":{"self":[{"href":"https:\/\/rdnews.al\/index.php\/wp-json\/wp\/v2\/posts\/139787","targetHints":{"allow":["GET"]}}],"collection":[{"href":"https:\/\/rdnews.al\/index.php\/wp-json\/wp\/v2\/posts"}],"about":[{"href":"https:\/\/rdnews.al\/index.php\/wp-json\/wp\/v2\/types\/post"}],"author":[{"embeddable":true,"href":"https:\/\/rdnews.al\/index.php\/wp-json\/wp\/v2\/users\/4"}],"replies":[{"embeddable":true,"href":"https:\/\/rdnews.al\/index.php\/wp-json\/wp\/v2\/comments?post=139787"}],"version-history":[{"count":2,"href":"https:\/\/rdnews.al\/index.php\/wp-json\/wp\/v2\/posts\/139787\/revisions"}],"predecessor-version":[{"id":139790,"href":"https:\/\/rdnews.al\/index.php\/wp-json\/wp\/v2\/posts\/139787\/revisions\/139790"}],"wp:featuredmedia":[{"embeddable":true,"href":"https:\/\/rdnews.al\/index.php\/wp-json\/wp\/v2\/media\/139788"}],"wp:attachment":[{"href":"https:\/\/rdnews.al\/index.php\/wp-json\/wp\/v2\/media?parent=139787"}],"wp:term":[{"taxonomy":"category","embeddable":true,"href":"https:\/\/rdnews.al\/index.php\/wp-json\/wp\/v2\/categories?post=139787"},{"taxonomy":"post_tag","embeddable":true,"href":"https:\/\/rdnews.al\/index.php\/wp-json\/wp\/v2\/tags?post=139787"}],"curies":[{"name":"wp","href":"https:\/\/api.w.org\/{rel}","templated":true}]}}