{"id":139819,"date":"2026-04-07T11:25:31","date_gmt":"2026-04-07T11:25:31","guid":{"rendered":"https:\/\/rdnews.al\/?p=139819"},"modified":"2026-04-07T11:25:59","modified_gmt":"2026-04-07T11:25:59","slug":"der-standard-rama-po-e-largon-shqiperine-nga-be-ai-dhe-vucici-nuk-e-duan-demokracine","status":"publish","type":"post","link":"https:\/\/rdnews.al\/index.php\/2026\/04\/07\/der-standard-rama-po-e-largon-shqiperine-nga-be-ai-dhe-vucici-nuk-e-duan-demokracine\/","title":{"rendered":"&#8220;Der Standard&#8221;: Rama po e largon Shqip\u00ebrin\u00eb nga BE, ai dhe Vu\u00e7i\u00e7 nuk e duan demokracin\u00eb&#8230;"},"content":{"rendered":"<p>Gazeta e njohur austriake \u2018Der Standard\u2019 publikoi nj\u00eb analiz\u00eb t\u00eb gazetares s\u00eb njohur Adelheid Woelfl n\u00eb lidhje me situat\u00ebn e integrimit t\u00eb rajonit ton\u00eb n\u00eb BE.<\/p>\n<p>Gazetarja thekson se ka nj\u00eb dallim t\u00eb madh mes aspiratave dhe realitetit.<\/p>\n<p>Nd\u00ebrkoh\u00eb sipas saj, Mali i Zi \u00ebsht\u00eb n\u00eb pararoj\u00eb sa i p\u00ebrket integrimit, por s\u00ebrish gj\u00ebrat nuk jan\u00eb aq roz\u00eb.<\/p>\n<p>Duke u ndalur tek Shqip\u00ebria, gazeta n\u00ebnvizon se Edi Rama po e largon Shqip\u00ebrin\u00eb nga BE pas vendimit p\u00ebr t\u00eb mbrojtur Belinda Ballukun.<\/p>\n<p>Gazetarja shkruan se Edi Rama dhe Aleksand\u00ebr Vu\u00e7i\u00e7 nuk e duan sundimin e ligjit, demokracin\u00eb, transparenc\u00ebn dhe ndarjen e pushteteve.<\/p>\n<p>\u201cN\u00eb Franc\u00eb nevojitet madje nj\u00eb referendum para se Mali i Zi t\u00eb mund t\u00eb b\u00ebhet an\u00ebtar i BE-s\u00eb. Presidenti serb, Aleksandar Vu\u00e7i\u00e7, nuk e p\u00eblqen aspak faktin q\u00eb shteti i vog\u00ebl fqinj, Mali i Zi, mund t\u00eb hyj\u00eb n\u00eb BE, nd\u00ebrsa Serbia jo.<\/p>\n<p>S\u00eb bashku me mikun e tij, kryeministrin shqiptar Edi Rama, ai shp\u00ebrndau s\u00eb fundmi n\u00eb nj\u00eb shkrim n\u00eb Frankfurter Allgemeine Zeitung iden\u00eb se shtetet e Ballkanit duhet t\u00eb hyjn\u00eb vet\u00ebm n\u00eb tregun e brendsh\u00ebm dhe t\u00eb heqin dor\u00eb nga t\u00eb drejtat e vetos.<\/p>\n<p>Nj\u00eb \u201cintegrim gradual\u201d i till\u00eb mund t\u00eb b\u00ebhej edhe tani.<\/p>\n<p>Por edhe p\u00ebr tregun e p\u00ebrbashk\u00ebt duhet nj\u00eb sistem gjyq\u00ebsor funksional dhe sundim i ligjit. Serbia, megjithat\u00eb, n\u00ebn Vu\u00e7i\u00e7 \u00ebsht\u00eb m\u00eb larg se \u00e7do vend kandidat tjet\u00ebr nga k\u00ebto kritere. Vet\u00ebm n\u00eb shkurt, n\u00eb Beograd u miratuan ligje q\u00eb dob\u00ebsojn\u00eb m\u00eb tej pavar\u00ebsin\u00eb e gjyq\u00ebsorit.<\/p>\n<p>Shkrimi i p\u00ebrbashk\u00ebt e b\u00ebri t\u00eb qart\u00eb se as Vu\u010di\u00e7 dhe as Rama nuk duan transparenc\u00eb, demokraci, ndarjen e pushteteve dhe sundim ligji.<\/p>\n<p>N\u00eb mes t\u00eb marsit, Rama me Partin\u00eb e tij Socialiste pengoi n\u00eb parlament heqjen e imunitetit p\u00ebr ish-z\u00ebvend\u00ebskryeministren Belinda Balluku, e konsideruar si krahu i tij i djatht\u00eb, p\u00ebr shkak t\u00eb akuza p\u00ebr korrupsion.<\/p>\n<p>Ky veprim jo vet\u00ebm q\u00eb minoi Autoritetin Anti-Korrupsion SPAK, i cili g\u00ebzon reputacion t\u00eb lart\u00eb te populli, por edhe largoi m\u00eb shum\u00eb perspektiv\u00ebn e an\u00ebtar\u00ebsimit t\u00eb Shqip\u00ebris\u00eb n\u00eb BE.<\/p>\n<p>Presidentja e Komisionit Evropian, Ursula von der Leyen, propozoi s\u00eb fundmi iden\u00eb e nj\u00eb \u201czgjerimi t\u00eb kund\u00ebrt\u201d. Sipas saj, qeveria amerikane d\u00ebshiron q\u00eb Ukraina t\u00eb pranoj\u00eb t\u00eb heq\u00eb dor\u00eb nga disa territore, n\u00eb k\u00ebmbim t\u00eb pranimit si an\u00ebtare e BE-s\u00eb pa plot\u00ebsuar menj\u00ebher\u00eb t\u00eb gjitha kushtet. Ky plan lidhet me nj\u00eb \u201cmarr\u00ebveshje paqeje\u201d t\u00eb mundshme me Rusin\u00eb.<\/p>\n<p>Megjithat\u00eb, Von der Leyen u t\u00ebrhoq, pasi shtetet e BE-s\u00eb insistonin n\u00eb nj\u00eb proces bazuar n\u00eb meritat. S\u00eb pari duhet t\u00eb mbaroj\u00eb lufta, t\u00eb rind\u00ebrtohet infrastruktura \u2013 dhe m\u00eb pas mund t\u00eb flitet p\u00ebr an\u00ebtar\u00ebsim n\u00eb BE\u201d, shkruan gazetarja.<\/p>\n","protected":false},"excerpt":{"rendered":"<p>Gazeta e njohur austriake \u2018Der Standard\u2019 publikoi nj\u00eb analiz\u00eb t\u00eb gazetares s\u00eb njohur Adelheid Woelfl n\u00eb lidhje me situat\u00ebn e integrimit t\u00eb rajonit ton\u00eb n\u00eb BE. Gazetarja thekson se ka nj\u00eb dallim t\u00eb madh mes aspiratave dhe realitetit. Nd\u00ebrkoh\u00eb sipas saj, Mali i Zi \u00ebsht\u00eb n\u00eb pararoj\u00eb sa i p\u00ebrket integrimit, por s\u00ebrish gj\u00ebrat nuk &hellip;<\/p>\n","protected":false},"author":4,"featured_media":139193,"comment_status":"closed","ping_status":"closed","sticky":false,"template":"","format":"standard","meta":{"footnotes":""},"categories":[37],"tags":[],"class_list":["post-139819","post","type-post","status-publish","format-standard","has-post-thumbnail","","category-politike"],"_links":{"self":[{"href":"https:\/\/rdnews.al\/index.php\/wp-json\/wp\/v2\/posts\/139819","targetHints":{"allow":["GET"]}}],"collection":[{"href":"https:\/\/rdnews.al\/index.php\/wp-json\/wp\/v2\/posts"}],"about":[{"href":"https:\/\/rdnews.al\/index.php\/wp-json\/wp\/v2\/types\/post"}],"author":[{"embeddable":true,"href":"https:\/\/rdnews.al\/index.php\/wp-json\/wp\/v2\/users\/4"}],"replies":[{"embeddable":true,"href":"https:\/\/rdnews.al\/index.php\/wp-json\/wp\/v2\/comments?post=139819"}],"version-history":[{"count":2,"href":"https:\/\/rdnews.al\/index.php\/wp-json\/wp\/v2\/posts\/139819\/revisions"}],"predecessor-version":[{"id":139821,"href":"https:\/\/rdnews.al\/index.php\/wp-json\/wp\/v2\/posts\/139819\/revisions\/139821"}],"wp:featuredmedia":[{"embeddable":true,"href":"https:\/\/rdnews.al\/index.php\/wp-json\/wp\/v2\/media\/139193"}],"wp:attachment":[{"href":"https:\/\/rdnews.al\/index.php\/wp-json\/wp\/v2\/media?parent=139819"}],"wp:term":[{"taxonomy":"category","embeddable":true,"href":"https:\/\/rdnews.al\/index.php\/wp-json\/wp\/v2\/categories?post=139819"},{"taxonomy":"post_tag","embeddable":true,"href":"https:\/\/rdnews.al\/index.php\/wp-json\/wp\/v2\/tags?post=139819"}],"curies":[{"name":"wp","href":"https:\/\/api.w.org\/{rel}","templated":true}]}}