{"id":139829,"date":"2026-04-07T16:39:23","date_gmt":"2026-04-07T16:39:23","guid":{"rendered":"https:\/\/rdnews.al\/?p=139829"},"modified":"2026-04-07T16:39:23","modified_gmt":"2026-04-07T16:39:23","slug":"ne-kulmin-e-krizes-se-naftes-sekti-rama-i-le-fermeret-pa-mbeshtetje-per-naften","status":"publish","type":"post","link":"https:\/\/rdnews.al\/index.php\/2026\/04\/07\/ne-kulmin-e-krizes-se-naftes-sekti-rama-i-le-fermeret-pa-mbeshtetje-per-naften\/","title":{"rendered":"N\u00eb kulmin e kriz\u00ebs s\u00eb naft\u00ebs, sekti Rama i l\u00eb fermer\u00ebt pa mb\u00ebshtetje p\u00ebr naft\u00ebn!"},"content":{"rendered":"<p><em><strong>Nga Bujar Leskaj<\/strong><\/em><\/p>\n<p>Sot nj\u00eb lit\u00ebr naft\u00eb kushton 220 lek\u00eb. Vendimi i marr\u00eb k\u00ebto dit\u00eb nga K\u00ebshilli i Ministrave, p\u00ebrmes Skem\u00ebs Komb\u00ebtare t\u00eb Bujq\u00ebsis\u00eb 2026 nuk e parashikon m\u00eb furnizimin me karburant n\u00eb bujq\u00ebsi, pa TVSH, akciz\u00eb dhe taksa t\u00eb tjera. Vjet k\u00ebt\u00eb mb\u00ebshtetje e mor\u00ebn 49 mij\u00eb e 800 fermer\u00eb. Kjo e b\u00ebn mb\u00ebshtetjen shtet\u00ebrore t\u00eb naft\u00ebs nj\u00eb nga instrumentet m\u00eb t\u00eb p\u00ebrdorura dhe m\u00eb t\u00eb prekshme p\u00ebr fermer\u00ebt, pasi ndikonte drejtp\u00ebrdrejt n\u00eb nj\u00eb nga kostot baz\u00eb t\u00eb prodhimit.<\/p>\n<p><strong>I. Heqja e naft\u00ebs, vet\u00ebvrasje n\u00eb bujq\u00ebsi!<\/strong><\/p>\n<p>N\u00eb bujq\u00ebsi, nafta p\u00ebrdoret n\u00eb \u00e7do faz\u00eb t\u00eb ciklit bujq\u00ebsor. Nga p\u00ebrgatitja e tok\u00ebs dhe mbjellja n\u00eb pranver\u00eb, tek korrja gjat\u00eb ver\u00ebs dhe plugimet n\u00eb vjesht\u00eb. N\u00eb k\u00ebt\u00eb kuptim, \u00e7do rritje e \u00e7mimit t\u00eb saj p\u00ebrkthehet menj\u00ebher\u00eb n\u00eb kosto m\u00eb t\u00eb larta p\u00ebr fermerin.<\/p>\n<p>Fermeri shqiptar konkurron n\u00eb treg me produkte t\u00eb importuara nga Maqedonia e Veriut, Serbia, Greqia dhe vendet e tjera t\u00eb rajonit. N\u00eb k\u00ebto vende, fermer\u00ebt vazhdojn\u00eb t\u00eb p\u00ebrfitojn\u00eb (i) naft\u00eb me taksa t\u00eb reduktuara, (ii) subvencione direkte p\u00ebr hektar, (iii) mb\u00ebshtetje p\u00ebr plehra, far\u00ebra dhe vaditje, si dhe (iv) grante p\u00ebr mekanizim. Si rezultat, prodhimi i importuar hyn n\u00eb tregun ton\u00eb me kosto m\u00eb t\u00eb ul\u00ebt sesa prodhimi vendas. N\u00ebse fermeri shqiptar paguan 110\u2013120 lek\u00eb m\u00eb shum\u00eb p\u00ebr \u00e7do lit\u00ebr naft\u00eb nga taksat q\u00eb k\u00ebtej e tutje nuk i hiqen, ai humbet automatikisht avantazhin konkurrues.<\/p>\n<p><strong>II. Fermer\u00ebt e vegj\u00ebl jan\u00eb ata q\u00eb masakrohen t\u00eb par\u00ebt<\/strong><\/p>\n<p>Kjo dukuri do t\u00eb \u00e7oj\u00eb n\u00eb rritje t\u00eb importeve t\u00eb produkteve bujq\u00ebsore, n\u00eb mbyllje t\u00eb fermave t\u00eb vogla, n\u00eb r\u00ebnie t\u00eb t\u00eb ardhurave n\u00eb zonat rurale dhe n\u00eb shtim t\u00eb emigracionit nga fshati. Fermer\u00ebt e vegj\u00ebl jan\u00eb m\u00eb t\u00eb prekurit, sepse ata kan\u00eb sip\u00ebrfaqe t\u00eb kufizuara, pak mund\u00ebsi p\u00ebr t\u00eb p\u00ebrballuar kostot e shtuara, shum\u00eb m\u00eb pak qasje n\u00eb kredi dhe m\u00eb pak mekanizim.<\/p>\n<p>P\u00ebr nj\u00eb fermer me 1\u20132 hektar\u00eb, rritja e kostos s\u00eb naft\u00ebs p\u00ebrb\u00ebn diferenc\u00ebn mes fitimit dhe humbjes. Pjesa d\u00ebrrmuese e tyre do t\u00eb detyrohen t\u00eb braktisin aktivitetin bujq\u00ebsor. Ky \u00ebsht\u00eb efekti i k\u00ebsaj politike t\u00eb mbrapsht\u00eb bujq\u00ebsore t\u00eb sektit Rama n\u00eb kulmin e kriz\u00ebs s\u00eb naft\u00ebs nga lufta ne Iran.<\/p>\n<p>N\u00eb zonat malore dhe t\u00eb thella, ku kostot e transportit jan\u00eb edhe m\u00eb t\u00eb larta, efekti b\u00ebhet edhe m\u00eb i r\u00ebnd\u00eb.<\/p>\n<p><strong>III. Ekonomia rurale n\u00eb prag t\u00eb shkat\u00ebrrimit<\/strong><\/p>\n<p>Bujq\u00ebsia mbetet nj\u00eb nga burimet kryesore t\u00eb pun\u00ebsimit n\u00eb zonat rurale. Kur fermer\u00ebt prodhojn\u00eb m\u00eb pak, efekti p\u00ebrhapet n\u00eb t\u00eb gjith\u00eb ekonomin\u00eb lokale. Ulen t\u00eb ardhurat e familjeve rurale, ulet k\u00ebrkesa p\u00ebr pun\u00eb sezonale, bien t\u00eb ardhurat e pikave t\u00eb grumbullimit dhe tregtar\u00ebve, si dhe dob\u00ebsohen bizneset e vogla q\u00eb furnizojn\u00eb fermer\u00ebt.<\/p>\n<p>Nj\u00eb ulje e aktivitetit bujq\u00ebsor me vet\u00ebm 5\u20137% mund t\u00eb ndikoj\u00eb ndjesh\u00ebm n\u00eb ekonomin\u00eb e qarqeve me baz\u00eb t\u00eb fort\u00eb bujq\u00ebsore si Fieri, Kor\u00e7a, Lushnja, Berati dhe Elbasani. Shqip\u00ebria rrezikon t\u00eb mbetet vendi me mb\u00ebshtetjen m\u00eb t\u00eb ul\u00ebt p\u00ebr bujq\u00ebsin\u00eb n\u00eb Ballkanin Per\u00ebndimor.<\/p>\n<p>Sekti Rama ofron mb\u00ebshtetje zero p\u00ebr naft\u00ebn, duke i braktisur fermer\u00ebt k\u00ebt\u00eb vit, nd\u00ebrsa Maqedonia e Veriut ofron 1.5 % t\u00eb PBB-s\u00eb p\u00ebr naft\u00ebn n\u00eb bujq\u00ebsi, Kosova 0.8%, Mali i Zi 1.2% dhe Serbia 1.7%. Ky hendek i madh tregon se fermeri shqiptar hyn n\u00eb treg me kushte duksh\u00ebm akoma dhe m\u00eb t\u00eb pafavorshme k\u00ebt\u00eb vit.<\/p>\n<p><strong>xxx\u00a0\u00a0\u00a0\u00a0\u00a0<\/strong><\/p>\n<p>Heqja e mb\u00ebshtetjes s\u00eb fermer\u00ebve me naft\u00eb pa taksa n\u00eb Skem\u00ebn Komb\u00ebtare t\u00eb Bujq\u00ebsis\u00eb p\u00ebr vitin 2026 rrit kostot e prodhimit n\u00eb bujq\u00ebsi, ul sip\u00ebrfaqet e mbjella, dob\u00ebson konkurrueshm\u00ebrin\u00eb dhe rrit \u00e7mimet p\u00ebr konsumatorin. M\u00eb t\u00eb prekurit jan\u00eb fermer\u00ebt e vegj\u00ebl dhe zonat rurale, t\u00eb cilat rrezikojn\u00eb t\u00eb humbin nj\u00eb pjes\u00eb t\u00eb r\u00ebnd\u00ebsishme t\u00eb aktivitetit ekonomik.<\/p>\n<p>N\u00eb nj\u00eb koh\u00eb kur vendet e rajonit po rrisin subvencionet p\u00ebr bujq\u00ebsin\u00eb, Shqip\u00ebria rrezikon t\u00eb ec\u00eb n\u00eb drejtimin e kund\u00ebrt. Pa mb\u00ebshtetje p\u00ebr karburantin dhe inputet kryesore, bujq\u00ebsia shqiptare do ta ket\u00eb gjithnj\u00eb e m\u00eb t\u00eb v\u00ebshtir\u00eb t\u00eb konkurroj\u00eb dhe t\u00eb siguroj\u00eb prodhim vendas me \u00e7mime t\u00eb p\u00ebrballueshme.<\/p>\n","protected":false},"excerpt":{"rendered":"<p>Nga Bujar Leskaj Sot nj\u00eb lit\u00ebr naft\u00eb kushton 220 lek\u00eb. Vendimi i marr\u00eb k\u00ebto dit\u00eb nga K\u00ebshilli i Ministrave, p\u00ebrmes Skem\u00ebs Komb\u00ebtare t\u00eb Bujq\u00ebsis\u00eb 2026 nuk e parashikon m\u00eb furnizimin me karburant n\u00eb bujq\u00ebsi, pa TVSH, akciz\u00eb dhe taksa t\u00eb tjera. Vjet k\u00ebt\u00eb mb\u00ebshtetje e mor\u00ebn 49 mij\u00eb e 800 fermer\u00eb. Kjo e b\u00ebn mb\u00ebshtetjen &hellip;<\/p>\n","protected":false},"author":4,"featured_media":73556,"comment_status":"closed","ping_status":"closed","sticky":false,"template":"","format":"standard","meta":{"footnotes":""},"categories":[44],"tags":[],"class_list":["post-139829","post","type-post","status-publish","format-standard","has-post-thumbnail","","category-editorial"],"_links":{"self":[{"href":"https:\/\/rdnews.al\/index.php\/wp-json\/wp\/v2\/posts\/139829","targetHints":{"allow":["GET"]}}],"collection":[{"href":"https:\/\/rdnews.al\/index.php\/wp-json\/wp\/v2\/posts"}],"about":[{"href":"https:\/\/rdnews.al\/index.php\/wp-json\/wp\/v2\/types\/post"}],"author":[{"embeddable":true,"href":"https:\/\/rdnews.al\/index.php\/wp-json\/wp\/v2\/users\/4"}],"replies":[{"embeddable":true,"href":"https:\/\/rdnews.al\/index.php\/wp-json\/wp\/v2\/comments?post=139829"}],"version-history":[{"count":1,"href":"https:\/\/rdnews.al\/index.php\/wp-json\/wp\/v2\/posts\/139829\/revisions"}],"predecessor-version":[{"id":139830,"href":"https:\/\/rdnews.al\/index.php\/wp-json\/wp\/v2\/posts\/139829\/revisions\/139830"}],"wp:featuredmedia":[{"embeddable":true,"href":"https:\/\/rdnews.al\/index.php\/wp-json\/wp\/v2\/media\/73556"}],"wp:attachment":[{"href":"https:\/\/rdnews.al\/index.php\/wp-json\/wp\/v2\/media?parent=139829"}],"wp:term":[{"taxonomy":"category","embeddable":true,"href":"https:\/\/rdnews.al\/index.php\/wp-json\/wp\/v2\/categories?post=139829"},{"taxonomy":"post_tag","embeddable":true,"href":"https:\/\/rdnews.al\/index.php\/wp-json\/wp\/v2\/tags?post=139829"}],"curies":[{"name":"wp","href":"https:\/\/api.w.org\/{rel}","templated":true}]}}