{"id":139848,"date":"2026-04-07T19:58:57","date_gmt":"2026-04-07T19:58:57","guid":{"rendered":"https:\/\/rdnews.al\/?p=139848"},"modified":"2026-04-07T19:58:57","modified_gmt":"2026-04-07T19:58:57","slug":"asgje-e-re-nga-brukseli-per-ramen-shqiperia-ngel-serish-ne-negociata","status":"publish","type":"post","link":"https:\/\/rdnews.al\/index.php\/2026\/04\/07\/asgje-e-re-nga-brukseli-per-ramen-shqiperia-ngel-serish-ne-negociata\/","title":{"rendered":"Asgj\u00eb e re nga Brukseli p\u00ebr Ram\u00ebn, Shqip\u00ebria ngel s\u00ebrish n\u00eb negociata!"},"content":{"rendered":"<p><em>\u201cEnde nuk ka ndonj\u00eb p\u00ebrparim, por do t\u00eb vijojn\u00eb m\u00eb shum\u00eb raunde diskutimesh\u201d<\/em>. Ky ishte p\u00ebrfundimi i mbledhjes s\u00eb k\u00ebsaj t\u00eb marte (7 prill) n\u00eb Bruksel n\u00eb Grupin e Pun\u00ebs p\u00ebr Zgjerimin (COELA) t\u00eb K\u00ebshillit Europian ku u diskutua p\u00ebr p\u00ebrparimin e Shqip\u00ebris\u00eb n\u00eb procesin e integrimit.<\/p>\n<p>Nj\u00eb burim i brendsh\u00ebm i tha lapsi.al se n\u00eb grupin e p\u00ebrb\u00ebr\u00eb nga p\u00ebrfaq\u00ebsues t\u00eb t\u00eb gjitha shteteve an\u00ebtare q\u00eb diskutojn\u00eb n\u00eb nivel teknik dhe politik procesin e zgjerimit ka pasur s\u00ebrish rezerva dhe pyetje t\u00eb ngritura p\u00ebr reformat n\u00eb Shqip\u00ebri. Sipas t\u00eb nj\u00ebjtit burim, n\u00eb tryez\u00eb ka qen\u00eb s\u00ebrish raporti IBAR, nj\u00eb instrument teknik q\u00eb b\u00ebn vler\u00ebsime n\u00ebse nj\u00eb vend kandidat ka p\u00ebrmbushur standardet nd\u00ebrmjet\u00ebse p\u00ebr t\u00eb avancuar n\u00eb negociata, ve\u00e7an\u00ebrisht n\u00eb Grupkapitullin 1 \u2013 \u201cThemeloret\u201d q\u00eb p\u00ebrfshin shtetin e s\u00eb drejt\u00ebs, drejt\u00ebsin\u00eb dhe institucionet demokratike.<\/p>\n<p>IBAR \u00ebsht\u00eb nj\u00eb lloj filtri kritik q\u00eb p\u00ebrs\u00ebritet her\u00eb pas her\u00eb n\u00eb vler\u00ebsimet p\u00ebr nj\u00eb vend kandidat. Pa kaluar IBAR-in, kapitujt nuk mbyllen dhe procesi mbetet n\u00eb vendnum\u00ebro. Negociatat e an\u00ebtar\u00ebsimit n\u00eb Bashkimin Europian nisin me k\u00ebt\u00eb Grupkapitull dhe mbyllen me t\u00eb, pasi ai konsiderohet si nj\u00eb nga m\u00eb t\u00eb r\u00ebnd\u00ebsishmit.<\/p>\n<p>Lapsi.al ka raportuar edhe m\u00eb her\u00ebt se jan\u00eb 9 vende an\u00ebtare t\u00eb Bashkimit Europian q\u00eb kan\u00eb ngritur shqet\u00ebsime n\u00eb lidhje me disa \u00e7\u00ebshtje q\u00eb kan\u00eb v\u00ebn\u00eb n\u00eb pik\u00ebpyetje avancimin e vendit ton\u00eb me negociatat. N\u00eb takimin e 1 prillit t\u00eb grupit t\u00eb COELA, p\u00ebrfaq\u00ebsuesit e Gjermanis\u00eb, Luksemburgut, Holand\u00ebs, Suedis\u00eb, Austris\u00eb, Finland\u00ebs, Polonis\u00eb, Greqis\u00eb dhe Bullgaris\u00eb ishin ata q\u00eb shpreh\u00ebn rezerva p\u00ebr reformat n\u00eb Shqip\u00ebri. T\u00eb nj\u00ebjtat burime sqaruan se arsyet e dh\u00ebna prej k\u00ebtyre vendeve ishin t\u00eb ndryshme.<\/p>\n<p>Polonia ishte kritike p\u00ebr klim\u00ebn e biznesit, Greqia p\u00ebr t\u00eb drejtat e pron\u00ebsis\u00eb, pakicat komb\u00ebtare, Bullgaria p\u00ebr pakicat, Austria p\u00ebr \u00e7\u00ebshtje konkrete si IPARD-i etj. P\u00ebrfaq\u00ebsuesi i Estonis\u00eb u shpreh se kupton shqet\u00ebsimet e Holand\u00ebs, Gjermanis\u00eb dhe t\u00eb tjer\u00ebve, por thekson r\u00ebnd\u00ebsin\u00eb e avancimit t\u00eb procesit. Spanja dhe Italia shpreh\u00ebn mb\u00ebshtetje, duke theksuar se ky \u00ebsht\u00eb edhe nj\u00eb problem komunikimi strategjik p\u00ebr BE-n\u00eb, n\u00ebse nuk arrin t\u2019i shpjegoj\u00eb Shqip\u00ebris\u00eb pse procesi po vonohet.<\/p>\n<p><span style=\"font-style: inherit; font-weight: inherit;\">P\u00ebr shkak t\u00eb rezervave, Komisioni Europian prezantoi nj\u00eb draft t\u00eb rishikuar t\u00eb pozicionit t\u00eb p\u00ebrbashk\u00ebt, duke reflektuar pjes\u00ebrisht komentet e shteteve an\u00ebtare. Ndryshimet prek\u00ebn nj\u00eb gam\u00eb t\u00eb gjer\u00eb fushash, nga funksionimi i institucioneve demokratike dhe reforma n\u00eb administrat\u00eb, tek konfiskimi i pasurive, liria e shprehjes, t\u00eb drejtat e pron\u00ebsis\u00eb dhe lufta kund\u00ebr korrupsionit.<\/span><\/p>\n<p>Komisioni Europian, ka mbajtur deri tani nj\u00eb q\u00ebndrim teknikisht pozitiv p\u00ebr Shqip\u00ebrin\u00eb duke n\u00ebnvizuar se Shqip\u00ebria<em style=\"font-weight: inherit;\">\u00a0\u201cka b\u00ebr\u00eb mjaftuesh\u00ebm p\u00ebr t\u00eb mbyllur pikat nd\u00ebrmjet\u00ebse t\u00eb Grupkapitulli 1\u201d.<\/em>\u00a0Por duket se ky vler\u00ebsim teknik nuk i ka bindur vendet an\u00ebtare p\u00ebr t\u2019i dh\u00ebn\u00eb drit\u00ebn jeshile raportit t\u00eb IBAR.<\/p>\n<p>Lapsi.al m\u00ebsoi se grupi COELA do t\u00eb mblidhet serish, pas dy dit\u00ebsh, m\u00eb 9 prill, kur nj\u00eb draft i ri pritet t\u00eb hidhet nga Komisioni Europian n\u00eb tryez\u00eb.<\/p>\n<p>Ndryshe nga ajo q\u00eb po ndodh n\u00eb Bruksel, n\u00eb Tiran\u00eb kryeministri Edi Rama po del \u00e7do dit\u00eb n\u00eb TV p\u00ebr t\u00eb p\u00ebrs\u00ebritur se\u00a0<em style=\"font-weight: inherit;\">\u201cnuk ka bllokim t\u00eb negociatave\u201d<\/em>\u00a0se gjith\u00e7ka\u00a0<em style=\"font-weight: inherit;\">\u201cpo shkon sipas planit\u201d<\/em>\u00a0dhe se vendet an\u00ebtare\u00a0<em style=\"font-weight: inherit;\">\u201cjan\u00eb thjesht duke b\u00ebr\u00eb pyetje\u201d<\/em>. Sipas tij ata q\u00eb thon\u00eb t\u00eb kund\u00ebrt\u00ebn (mediat dhe opozita)\u00a0<em style=\"font-weight: inherit;\">\u201cnuk punojn\u00eb p\u00ebr interesin komb\u00ebtar\u201d<\/em>.<\/p>\n<p>\u201cThyerja\u201d mes Tiran\u00ebs dhe vendeve kryesore t\u00eb Bashkimit Europian ishte padyshim \u00e7\u00ebshtja \u201cBalluku\u201d. Rr\u00ebzimi i k\u00ebrkes\u00ebs s\u00eb SPAK p\u00ebr t\u00eb hequr imunitetin e zv.Kryeministres, t\u00eb marr\u00eb t\u00eb pandehur nga drejt\u00ebsia, duket se u mbajt sh\u00ebnim nga selit\u00eb m\u00eb t\u00eb r\u00ebnd\u00ebsishme diplomatike europiane n\u00eb Tiran\u00eb.<\/p>\n<p>Ndaj p\u00ebr qeverin\u00eb shqiptare, p\u00ebr momentin, nuk ka\u00a0<em style=\"font-weight: inherit;\">\u201casgj\u00eb t\u00eb re nga fronti i Per\u00ebndimit\u201d.<\/em><a href=\"https:\/\/lapsi.al\/2026\/04\/07\/ekskluzive-shqiperia-ngel-serish-zbulohet-cndodhi-sot-ne-bruksel\/\" target=\"_blank\" rel=\"noopener\"><strong style=\"font-style: inherit;\">\u00a0\/Lapsi.al<\/strong><\/a><\/p>\n","protected":false},"excerpt":{"rendered":"<p>\u201cEnde nuk ka ndonj\u00eb p\u00ebrparim, por do t\u00eb vijojn\u00eb m\u00eb shum\u00eb raunde diskutimesh\u201d. Ky ishte p\u00ebrfundimi i mbledhjes s\u00eb k\u00ebsaj t\u00eb marte (7 prill) n\u00eb Bruksel n\u00eb Grupin e Pun\u00ebs p\u00ebr Zgjerimin (COELA) t\u00eb K\u00ebshillit Europian ku u diskutua p\u00ebr p\u00ebrparimin e Shqip\u00ebris\u00eb n\u00eb procesin e integrimit. Nj\u00eb burim i brendsh\u00ebm i tha lapsi.al se &hellip;<\/p>\n","protected":false},"author":4,"featured_media":138249,"comment_status":"closed","ping_status":"closed","sticky":false,"template":"","format":"standard","meta":{"footnotes":""},"categories":[37],"tags":[],"class_list":["post-139848","post","type-post","status-publish","format-standard","has-post-thumbnail","","category-politike"],"_links":{"self":[{"href":"https:\/\/rdnews.al\/index.php\/wp-json\/wp\/v2\/posts\/139848","targetHints":{"allow":["GET"]}}],"collection":[{"href":"https:\/\/rdnews.al\/index.php\/wp-json\/wp\/v2\/posts"}],"about":[{"href":"https:\/\/rdnews.al\/index.php\/wp-json\/wp\/v2\/types\/post"}],"author":[{"embeddable":true,"href":"https:\/\/rdnews.al\/index.php\/wp-json\/wp\/v2\/users\/4"}],"replies":[{"embeddable":true,"href":"https:\/\/rdnews.al\/index.php\/wp-json\/wp\/v2\/comments?post=139848"}],"version-history":[{"count":1,"href":"https:\/\/rdnews.al\/index.php\/wp-json\/wp\/v2\/posts\/139848\/revisions"}],"predecessor-version":[{"id":139849,"href":"https:\/\/rdnews.al\/index.php\/wp-json\/wp\/v2\/posts\/139848\/revisions\/139849"}],"wp:featuredmedia":[{"embeddable":true,"href":"https:\/\/rdnews.al\/index.php\/wp-json\/wp\/v2\/media\/138249"}],"wp:attachment":[{"href":"https:\/\/rdnews.al\/index.php\/wp-json\/wp\/v2\/media?parent=139848"}],"wp:term":[{"taxonomy":"category","embeddable":true,"href":"https:\/\/rdnews.al\/index.php\/wp-json\/wp\/v2\/categories?post=139848"},{"taxonomy":"post_tag","embeddable":true,"href":"https:\/\/rdnews.al\/index.php\/wp-json\/wp\/v2\/tags?post=139848"}],"curies":[{"name":"wp","href":"https:\/\/api.w.org\/{rel}","templated":true}]}}