{"id":139868,"date":"2026-04-08T08:44:38","date_gmt":"2026-04-08T08:44:38","guid":{"rendered":"https:\/\/rdnews.al\/?p=139868"},"modified":"2026-04-08T08:44:38","modified_gmt":"2026-04-08T08:44:38","slug":"analisti-rama-e-ka-mbyllur-ciklin-fundi-i-tij-nuk-do-te-jete-demokratik","status":"publish","type":"post","link":"https:\/\/rdnews.al\/index.php\/2026\/04\/08\/analisti-rama-e-ka-mbyllur-ciklin-fundi-i-tij-nuk-do-te-jete-demokratik\/","title":{"rendered":"Analisti: Rama e ka mbyllur ciklin, fundi i tij nuk do t\u00eb jet\u00eb demokratik!"},"content":{"rendered":"<p>Analisti Armand Shkullaku, ka kritikuar qeverisjen dhe Edi Ram\u00ebn, duke e cil\u00ebsuar k\u00ebt\u00eb faz\u00eb si fundin e ciklit t\u00eb tij politik.<\/p>\n<p>I ftuar n\u00eb emisionin \u2018A Show\u2019 n\u00eb SYRI TV, Shkullaku ka deklaruar se, n\u00eb vend \u00ebsht\u00eb krijuar nj\u00eb sistem ku interesat ekonomike dhe ndikimet informale nd\u00ebrthuren me vendimmarrjen institucionale.<\/p>\n<p>Gazetari theksoi se situata aktuale ka tejkaluar pritshm\u00ebrit\u00eb e publikut, duke krijuar nj\u00eb realitet q\u00eb, sipas tij, m\u00eb par\u00eb do t\u00eb dukej i pabesuesh\u00ebm.<\/p>\n<p>Sipas Shkullakut, ndryshe nga paraardh\u00ebsit, Rama \u2018e ka mbyllur ciklin\u2019 dhe se fundi i tij politik nuk pritet t\u00eb vij\u00eb p\u00ebrmes nj\u00eb procesi normal demokratik. Ai shtoi se sfida e v\u00ebrtet\u00eb p\u00ebr Ram\u00ebn mbetet m\u00ebnyra se si do t\u00eb dal\u00eb nga pushteti q\u00eb vet\u00eb ka nd\u00ebrtuar.<\/p>\n<p>\u2018Kjo \u00ebsht\u00eb aksi ose Ergys Agasi q\u00eb p\u00ebrve\u00e7 parave q\u00eb i shp\u00ebrndajn\u00eb me qejf. Sa e ke b\u00ebr\u00eb vler\u00ebn ti t\u00eb tenderit? 5 milion\u00eb, po v\u00eb 20, \u00e7a t\u00eb gjeti se mos po i paguan vet\u00eb. Dhe k\u00ebta pastaj \u00e7far\u00eb b\u00ebjn\u00eb? K\u00ebta thon\u00eb q\u00eb shiko filan band\u00eb k\u00ebrkon drejtorin e p\u00ebrgjithsh\u00ebm t\u00eb policis\u00eb. E cakton Ergys Agasi. Kjo banda tjet\u00ebr do drejtorin kund\u00ebr krimit t\u00eb organizuar, e v\u00ebm\u00eb dhe at\u00eb.<\/p>\n<p>Pra, k\u00ebto t\u00eb dyja dhe kjo \u00ebsht\u00eb dhe nj\u00eb difekt i opozit\u00ebs, nuk e di \u00e7far\u00eb, \u00e7far\u00eb duhet t\u00eb b\u00ebj\u00eb se s\u2019ka \u00e7a t\u00eb b\u00ebj\u00eb, n\u00eb kushtet ku jemi ne s\u2019ka \u00e7a b\u00ebn askush. Por, po u kthyen dhe k\u00ebto n\u00eb normalitet, kjo pastaj, nuk \u00ebsht\u00eb m\u00eb faji, si t\u00eb thuash i njer\u00ebzve q\u00eb sa m\u00eb ekstravagant t\u00eb jesh ti, aq m\u00eb i pranuesh\u00ebm b\u00ebhesh. Kjo \u00ebsht\u00eb faji q\u00eb sa m\u00eb t\u00eb<\/p>\n<p>Sa m\u00eb p\u00ebrtej imagjinat\u00ebs njer\u00ebzore t\u00eb shkosh, aq m\u00eb shokuese je p\u00ebr njer\u00ebzit, se t\u00eb thoshim ty dhe mua bashk\u00eb, na thoshte dikush, shiko, do ndodhin k\u00ebto e k\u00ebto e k\u00ebto, do ndodhin k\u00ebto, do ndodhin k\u00ebto, do t\u00eb thoshim k\u00ebta jan\u00eb \u00e7mendur, k\u00ebta b\u00ebjn\u00eb muhabete kot, se deri k\u00ebtu nuk shkojn\u00eb, kupton?<\/p>\n<p>K\u00ebta kan\u00eb shkuar deri aty ku ne nuk na e ka prer\u00eb mendja. Ndoshta kjo \u00ebsht\u00eb sfida e fundit mendoj un\u00eb e Ram\u00ebs p\u00ebr t\u00eb l\u00ebn\u00eb gjurm\u00eb me di\u00e7ka. Se derisa s\u2019ka l\u00ebn\u00eb n\u00eb asnj\u00eb l\u00ebmi ku ka tentuar t\u00eb b\u00ebj\u00eb em\u00ebr, ndoshta k\u00ebtu po mund t\u00eb jet\u00eb i pakonkuruesh\u00ebm.<\/p>\n<p>Po e the, e the ti q\u00eb \u00ebsht\u00eb dialektike dhe sigurisht q\u00eb bota nuk ka shpikur ende, hi\u00e7 Koren\u00eb e Veriut po themi se Ok. Apo po deshe dhe Kub\u00ebn. Megjith\u00ebse dhe Kuba ka b\u00ebr\u00eb ca reforma po \u00ebh, nuk ka shpikur bota e qytet\u00ebruar dhe bota demokratike, nuk ka shpikur sisteme ku nj\u00ebri t\u2019i vjedh\u00eb t\u00eb gjitha dhe t\u2019i mbaj\u00eb t\u00eb gjitha dhe t\u00eb rrij\u00eb aty deri aq sa i ka caktuar Zoti jet\u00ebgjat\u00ebsin\u00eb.<\/p>\n<p>Pra gjithmon\u00eb ka procese q\u00eb \u00e7ojn\u00eb drejt fundit. Pa diskutim, dhe fundi p\u00ebr mua \u00ebsht\u00eb i qart\u00eb. Un\u00eb nuk e di sa koh\u00eb do marri, po p\u00ebr mua, Edi Rama e ka mbyllur ciklin. Pra procesin e vet e ka mbyllur, ka disa koh\u00eb, por tani \u00ebsht\u00eb dhe duksh\u00ebm.<\/p>\n<p>Pra t\u00eb shikosh, meq\u00eb p\u00ebrmende njohjen ton\u00eb me Ram\u00ebn dikur, t\u00eb shikosh njeriun q\u00eb mahniste Parisin, t\u00eb rri i mahnitur para Dash Sul\u00ebs p\u00ebr shembull, q\u00eb e prezanton si nj\u00eb gjetje m\u00eb brilante. T\u00eb shikosh intelektualin q\u00eb linte me goj\u00eb hapur Merkelin, t\u00eb entuziazmohet nga Zeqineja, apo nga, ky \u00ebsht\u00eb niveli pra, parametri, ti e kupton q\u00eb gjith\u00e7ka ka prekur fundin.<\/p>\n<p>Dhe un\u00eb jam i bindur q\u00eb dhe Rama vet\u00eb \u00ebsht\u00eb koshient p\u00ebr derexhen\u00eb ku \u00ebsht\u00eb ai n\u00eb radh\u00eb t\u00eb par\u00eb i katandisur, por si\u00e7 thash\u00eb, ai ka hyr\u00eb n\u00eb faz\u00ebn, mendoj un\u00eb, q\u00eb n\u00eb qoft\u00eb se ka pasur ndonj\u00eb aft\u00ebsi si\u00e7 thon\u00eb k\u00ebta, Rama \u00ebsht\u00eb bir kurve, \u00e7a nuk b\u00ebn, \u00ebsht\u00eb i zgjuar, si ja b\u00ebri k\u00ebtij, si ja b\u00ebri atij. Do t\u00eb duhet q\u00eb gjith\u00eb ky birkurvll\u00ebk ta vinte n\u00eb pun\u00eb p\u00ebr t\u00eb ditur si t\u00eb dali nga pushteti ku e ka \u00e7uar veten, pra nga ky pushtet.<\/p>\n<p>Kjo \u00ebsht\u00eb, mendoj un\u00eb, zgjuarsi dhe aft\u00ebsi. Po un\u00eb mendoj q\u00eb ai \u00ebsht\u00eb i d\u00ebnuar q\u00eb nuk mund t\u00eb dali, ose nuk mund ta l\u00ebr\u00eb pushtetin normalisht. Ne kemi folur p\u00ebr Sali Berish\u00ebn, ne kemi folur p\u00ebr Fatos Nanon me 1001 t\u00eb zeza, t\u00eb k\u00ebqija, Berish\u00ebn n\u00eb \u201892-shin, \u201896-\u00ebn, \u201897-\u00ebn, Fatos Nanon e t\u00eb tjer\u00eb e t\u00eb tjer\u00eb, por n\u00eb fund t\u00eb fundit, jan\u00eb dy lider\u00eb q\u00eb e kan\u00eb l\u00ebn\u00eb pushtetin me vot\u00eb. Kan\u00eb prodhuar rotacion. Q\u00eb t\u00eb dy. Ky \u00ebsht\u00eb i vetmi rast q\u00eb ka devijuar rregullin demokratik. Dhe n\u00eb k\u00ebt\u00eb moment mendoj q\u00eb \u00ebsht\u00eb i d\u00ebnuar q\u00eb fundin nuk do ta ket\u00eb demokratik\u2019, u shpreh Shkullaku.<\/p>\n","protected":false},"excerpt":{"rendered":"<p>Analisti Armand Shkullaku, ka kritikuar qeverisjen dhe Edi Ram\u00ebn, duke e cil\u00ebsuar k\u00ebt\u00eb faz\u00eb si fundin e ciklit t\u00eb tij politik. I ftuar n\u00eb emisionin \u2018A Show\u2019 n\u00eb SYRI TV, Shkullaku ka deklaruar se, n\u00eb vend \u00ebsht\u00eb krijuar nj\u00eb sistem ku interesat ekonomike dhe ndikimet informale nd\u00ebrthuren me vendimmarrjen institucionale. Gazetari theksoi se situata aktuale &hellip;<\/p>\n","protected":false},"author":4,"featured_media":118436,"comment_status":"closed","ping_status":"closed","sticky":false,"template":"","format":"standard","meta":{"footnotes":""},"categories":[37],"tags":[],"class_list":["post-139868","post","type-post","status-publish","format-standard","has-post-thumbnail","","category-politike"],"_links":{"self":[{"href":"https:\/\/rdnews.al\/index.php\/wp-json\/wp\/v2\/posts\/139868","targetHints":{"allow":["GET"]}}],"collection":[{"href":"https:\/\/rdnews.al\/index.php\/wp-json\/wp\/v2\/posts"}],"about":[{"href":"https:\/\/rdnews.al\/index.php\/wp-json\/wp\/v2\/types\/post"}],"author":[{"embeddable":true,"href":"https:\/\/rdnews.al\/index.php\/wp-json\/wp\/v2\/users\/4"}],"replies":[{"embeddable":true,"href":"https:\/\/rdnews.al\/index.php\/wp-json\/wp\/v2\/comments?post=139868"}],"version-history":[{"count":1,"href":"https:\/\/rdnews.al\/index.php\/wp-json\/wp\/v2\/posts\/139868\/revisions"}],"predecessor-version":[{"id":139869,"href":"https:\/\/rdnews.al\/index.php\/wp-json\/wp\/v2\/posts\/139868\/revisions\/139869"}],"wp:featuredmedia":[{"embeddable":true,"href":"https:\/\/rdnews.al\/index.php\/wp-json\/wp\/v2\/media\/118436"}],"wp:attachment":[{"href":"https:\/\/rdnews.al\/index.php\/wp-json\/wp\/v2\/media?parent=139868"}],"wp:term":[{"taxonomy":"category","embeddable":true,"href":"https:\/\/rdnews.al\/index.php\/wp-json\/wp\/v2\/categories?post=139868"},{"taxonomy":"post_tag","embeddable":true,"href":"https:\/\/rdnews.al\/index.php\/wp-json\/wp\/v2\/tags?post=139868"}],"curies":[{"name":"wp","href":"https:\/\/api.w.org\/{rel}","templated":true}]}}