{"id":139872,"date":"2026-04-08T10:59:35","date_gmt":"2026-04-08T10:59:35","guid":{"rendered":"https:\/\/rdnews.al\/?p=139872"},"modified":"2026-04-08T20:07:29","modified_gmt":"2026-04-08T20:07:29","slug":"hetimet-si-dallendyshja-i-kaloi-ne-pronesi-vilen-godinat-dhe-5-hektare-toke-ergys-agasit","status":"publish","type":"post","link":"https:\/\/rdnews.al\/index.php\/2026\/04\/08\/hetimet-si-dallendyshja-i-kaloi-ne-pronesi-vilen-godinat-dhe-5-hektare-toke-ergys-agasit\/","title":{"rendered":"Hetimet\/ Si Dall\u00ebndyshja i kaloi n\u00eb pron\u00ebsi vil\u00ebn, godinat dhe 5 hektar\u00eb tok\u00eb Ergys Agasit"},"content":{"rendered":"<p>Ish-drejtoresha e Kadastr\u00ebs, Dall\u00ebndyshe Bici, \u00ebsht\u00eb paraqitur n\u00eb <a id=\"https:\/\/spak.gov.al\" href=\"https:\/\/spak.gov.al\/\" type=\"link\" target=\"_blank\" rel=\"noopener\">Prokurorin\u00eb e Posa\u00e7me<\/a>, ku ka dh\u00ebn\u00eb shpjegime n\u00eb kuad\u00ebr t\u00eb hetimeve p\u00ebr grupin e dyshuar kriminal t\u00eb lidhur me Ergys Agasin dhe Ermal Beqirin.<\/p>\n<p>Flet\u00ebthirrja ndaj saj \u00ebsht\u00eb firmosur nga prokurori Bledar Maksuti, nd\u00ebrsa burime b\u00ebjn\u00eb me dije se n\u00eb fokus t\u00eb pyetjeve kan\u00eb qen\u00eb procedurat e regjistrimit t\u00eb nj\u00eb vile luksoze n\u00eb periferi t\u00eb Tiran\u00ebs, e cila rezulton e regjistruar n\u00eb em\u00ebr t\u00eb Agasit.<\/p>\n<p>Hetuesit kan\u00eb k\u00ebrkuar sqarime p\u00ebr m\u00ebnyr\u00ebn e legalizimit dhe pajisjes me dokumentacion hipotekor t\u00eb k\u00ebsaj prone, si dhe p\u00ebr kalimin e saj n\u00eb em\u00ebr t\u00eb nj\u00eb personi t\u00eb shpallur n\u00eb k\u00ebrkim nd\u00ebrkomb\u00ebtar.<\/p>\n<p>Sipas t\u00eb nj\u00ebjtave burime, \u00e7\u00ebshtja lidhet me kompleksin \u201cEquos\u201d n\u00eb periferi t\u00eb kryeqytetit, ku dyshohet se p\u00ebrmes procedurave t\u00eb kontestuara jan\u00eb kaluar n\u00eb em\u00ebr t\u00eb Agasit nj\u00eb vil\u00eb, disa godina dhe rreth 5 hektar\u00eb tok\u00eb.<\/p>\n<p>Nj\u00eb bkznesmen do t\u00eb duhet t\u00eb sqaroj\u00eb rrjedh\u00ebn e procedurave q\u00eb dyshohet se jan\u00eb p\u00ebrdorur p\u00ebr kalimin e pron\u00ebsis\u00eb, n\u00eb nj\u00eb proces q\u00eb hetuesit po e verifikojn\u00eb p\u00ebr shkelje t\u00eb mundshme ligjore.<\/p>\n<p>Nd\u00ebrkoh\u00eb, Agasi dhe Beqiri vijojn\u00eb t\u00eb jen\u00eb n\u00eb k\u00ebrkim nd\u00ebrkomb\u00ebtar, nd\u00ebrsa hetimet p\u00ebr aktivitetin e tyre n\u00eb tenderat e AKSHI-t dhe lidhjet me struktura shtet\u00ebrore jan\u00eb n\u00eb zhvillim.<\/p>\n<p>N\u00eb arrest sht\u00ebpie ndodhet ish-drejtoresha e AKSHI-t, Mirlinda Kar\u00e7anaj, nd\u00ebrsa persona t\u00eb tjer\u00eb po hetohen n\u00eb masa m\u00eb t\u00eb lehta sigurie, n\u00eb nj\u00eb nga dosjet m\u00eb t\u00eb ndjeshme q\u00eb lidhet me abuzimet me fondet publike dhe pronat n\u00eb vend.<\/p>\n","protected":false},"excerpt":{"rendered":"<p>Ish-drejtoresha e Kadastr\u00ebs, Dall\u00ebndyshe Bici, \u00ebsht\u00eb paraqitur n\u00eb Prokurorin\u00eb e Posa\u00e7me, ku ka dh\u00ebn\u00eb shpjegime n\u00eb kuad\u00ebr t\u00eb hetimeve p\u00ebr grupin e dyshuar kriminal t\u00eb lidhur me Ergys Agasin dhe Ermal Beqirin. Flet\u00ebthirrja ndaj saj \u00ebsht\u00eb firmosur nga prokurori Bledar Maksuti, nd\u00ebrsa burime b\u00ebjn\u00eb me dije se n\u00eb fokus t\u00eb pyetjeve kan\u00eb qen\u00eb procedurat e &hellip;<\/p>\n","protected":false},"author":3,"featured_media":139873,"comment_status":"closed","ping_status":"closed","sticky":false,"template":"","format":"standard","meta":{"footnotes":""},"categories":[37,40],"tags":[],"class_list":["post-139872","post","type-post","status-publish","format-standard","has-post-thumbnail","","category-politike","category-aktualitet"],"_links":{"self":[{"href":"https:\/\/rdnews.al\/index.php\/wp-json\/wp\/v2\/posts\/139872","targetHints":{"allow":["GET"]}}],"collection":[{"href":"https:\/\/rdnews.al\/index.php\/wp-json\/wp\/v2\/posts"}],"about":[{"href":"https:\/\/rdnews.al\/index.php\/wp-json\/wp\/v2\/types\/post"}],"author":[{"embeddable":true,"href":"https:\/\/rdnews.al\/index.php\/wp-json\/wp\/v2\/users\/3"}],"replies":[{"embeddable":true,"href":"https:\/\/rdnews.al\/index.php\/wp-json\/wp\/v2\/comments?post=139872"}],"version-history":[{"count":3,"href":"https:\/\/rdnews.al\/index.php\/wp-json\/wp\/v2\/posts\/139872\/revisions"}],"predecessor-version":[{"id":139898,"href":"https:\/\/rdnews.al\/index.php\/wp-json\/wp\/v2\/posts\/139872\/revisions\/139898"}],"wp:featuredmedia":[{"embeddable":true,"href":"https:\/\/rdnews.al\/index.php\/wp-json\/wp\/v2\/media\/139873"}],"wp:attachment":[{"href":"https:\/\/rdnews.al\/index.php\/wp-json\/wp\/v2\/media?parent=139872"}],"wp:term":[{"taxonomy":"category","embeddable":true,"href":"https:\/\/rdnews.al\/index.php\/wp-json\/wp\/v2\/categories?post=139872"},{"taxonomy":"post_tag","embeddable":true,"href":"https:\/\/rdnews.al\/index.php\/wp-json\/wp\/v2\/tags?post=139872"}],"curies":[{"name":"wp","href":"https:\/\/api.w.org\/{rel}","templated":true}]}}