{"id":139899,"date":"2026-04-08T20:04:47","date_gmt":"2026-04-08T20:04:47","guid":{"rendered":"https:\/\/rdnews.al\/?p=139899"},"modified":"2026-04-08T20:04:47","modified_gmt":"2026-04-08T20:04:47","slug":"neser-vendimi-kriminal-per-hapjen-e-burgjeve-pioneri-i-enverit-do-liroje-veliajn","status":"publish","type":"post","link":"https:\/\/rdnews.al\/index.php\/2026\/04\/08\/neser-vendimi-kriminal-per-hapjen-e-burgjeve-pioneri-i-enverit-do-liroje-veliajn\/","title":{"rendered":"Nes\u00ebr vendimi kriminal p\u00ebr hapjen e burgjeve\/ Pioneri i Enverit do liroj\u00eb Veliajn"},"content":{"rendered":"<p><strong>Belind K\u00eblli\u00e7i<\/strong><\/p>\n<p>A mund t\u00eb ndodh\u00eb q\u00eb n\u00eb vendin me qeverin\u00eb m\u00eb t\u00eb korruptuar n\u00eb Europ\u00eb, n\u00eb vendin me stokun m\u00eb t\u00eb madh t\u00eb \u00e7\u00ebshtjeve q\u00eb presin t\u00eb gjykohen, n\u00eb vendin ku krimi i organizuar ka zyr\u00eb koordinimi n\u00eb Kryeministri, ta nis\u00eb dit\u00ebn kryegjyqtari i k\u00ebtij vendi me iden\u00eb p\u00ebr t\u00eb liruar mikun e tij me 13 akuza n\u00eb kurriz?! K\u00ebt\u00eb do t\u00eb b\u00ebj\u00eb nes\u00ebr Sadushi i rilindjes. Do t\u00eb inicioj\u00eb ai vet\u00eb nj\u00eb vendim q\u00eb pritet t\u00eb leht\u00ebsoj\u00eb mas\u00ebn e paraburgimit p\u00ebr kreun e 5D Erion Veliajn. Ky do t\u00eb jet\u00eb niveli m\u00eb spektakolar i kapjes s\u00eb shtetit n\u00eb historin\u00eb ton\u00eb. Rasti kur nj\u00eb kryebashkiak i korruptuar t\u00eb v\u00ebr\u00eb n\u00eb l\u00ebvizje Kryetarin e Gjykat\u00ebs s\u00eb Lart\u00eb, i cili me nj\u00eb vendim unifikues pritet t\u00eb p\u00ebrmbys\u00eb praktik\u00ebn gjyq\u00ebsore, vet\u00ebm e vet\u00ebm q\u00eb Erion Veliaj t\u00eb l\u00ebr\u00eb qelin\u00eb. Pa pyetur fare p\u00ebr pasojat e r\u00ebnda q\u00eb do vijn\u00eb nga kjo! Para shqiptar\u00ebve t\u00eb vjedhur e keq qeverisur pritet t\u00eb vihet nes\u00ebr n\u00eb sken\u00eb edhe kjo fars\u00eb. Dhe sa do durojn\u00eb qytetar\u00ebt?! Kemi ne n\u00eb dor\u00eb t\u00eb marrim nj\u00eb vendim t\u00eb madh. Me 17 prill bashkohemi para zyr\u00ebs s\u00eb krimit e korrupsionit p\u00ebr t\u00eb shp\u00ebtuar Shqip\u00ebrin\u00eb.<\/p>\n","protected":false},"excerpt":{"rendered":"<p>Belind K\u00eblli\u00e7i A mund t\u00eb ndodh\u00eb q\u00eb n\u00eb vendin me qeverin\u00eb m\u00eb t\u00eb korruptuar n\u00eb Europ\u00eb, n\u00eb vendin me stokun m\u00eb t\u00eb madh t\u00eb \u00e7\u00ebshtjeve q\u00eb presin t\u00eb gjykohen, n\u00eb vendin ku krimi i organizuar ka zyr\u00eb koordinimi n\u00eb Kryeministri, ta nis\u00eb dit\u00ebn kryegjyqtari i k\u00ebtij vendi me iden\u00eb p\u00ebr t\u00eb liruar mikun e tij &hellip;<\/p>\n","protected":false},"author":3,"featured_media":139900,"comment_status":"closed","ping_status":"closed","sticky":false,"template":"","format":"standard","meta":{"footnotes":""},"categories":[37],"tags":[],"class_list":["post-139899","post","type-post","status-publish","format-standard","has-post-thumbnail","","category-politike"],"_links":{"self":[{"href":"https:\/\/rdnews.al\/index.php\/wp-json\/wp\/v2\/posts\/139899","targetHints":{"allow":["GET"]}}],"collection":[{"href":"https:\/\/rdnews.al\/index.php\/wp-json\/wp\/v2\/posts"}],"about":[{"href":"https:\/\/rdnews.al\/index.php\/wp-json\/wp\/v2\/types\/post"}],"author":[{"embeddable":true,"href":"https:\/\/rdnews.al\/index.php\/wp-json\/wp\/v2\/users\/3"}],"replies":[{"embeddable":true,"href":"https:\/\/rdnews.al\/index.php\/wp-json\/wp\/v2\/comments?post=139899"}],"version-history":[{"count":1,"href":"https:\/\/rdnews.al\/index.php\/wp-json\/wp\/v2\/posts\/139899\/revisions"}],"predecessor-version":[{"id":139901,"href":"https:\/\/rdnews.al\/index.php\/wp-json\/wp\/v2\/posts\/139899\/revisions\/139901"}],"wp:featuredmedia":[{"embeddable":true,"href":"https:\/\/rdnews.al\/index.php\/wp-json\/wp\/v2\/media\/139900"}],"wp:attachment":[{"href":"https:\/\/rdnews.al\/index.php\/wp-json\/wp\/v2\/media?parent=139899"}],"wp:term":[{"taxonomy":"category","embeddable":true,"href":"https:\/\/rdnews.al\/index.php\/wp-json\/wp\/v2\/categories?post=139899"},{"taxonomy":"post_tag","embeddable":true,"href":"https:\/\/rdnews.al\/index.php\/wp-json\/wp\/v2\/tags?post=139899"}],"curies":[{"name":"wp","href":"https:\/\/api.w.org\/{rel}","templated":true}]}}