{"id":139911,"date":"2026-04-09T08:35:18","date_gmt":"2026-04-09T08:35:18","guid":{"rendered":"https:\/\/rdnews.al\/?p=139911"},"modified":"2026-04-09T08:35:18","modified_gmt":"2026-04-09T08:35:18","slug":"tabaku-shqiperia-po-varferohet-nga-politikat-e-ndarjes-se-aseteve-publike","status":"publish","type":"post","link":"https:\/\/rdnews.al\/index.php\/2026\/04\/09\/tabaku-shqiperia-po-varferohet-nga-politikat-e-ndarjes-se-aseteve-publike\/","title":{"rendered":"Tabaku: Shqip\u00ebria po varf\u00ebrohet nga politikat e ndarjes s\u00eb aseteve publike"},"content":{"rendered":"<p>Nj\u00eb ligj i miratuar n\u00eb koh\u00eb rekord n\u00eb Parlamentin e Shqip\u00ebris\u00eb \u00ebsht\u00eb cil\u00ebsuar si nj\u00eb \u201cligj me porosi\u201d dhe pjes\u00eb e nj\u00eb modeli qeveris\u00ebs q\u00eb po e varf\u00ebron vendin.<\/p>\n<p>N\u00eb nj\u00eb deklarat\u00eb p\u00ebr media deputetja e opozit\u00ebs Jorida Tabaku tha se ky akt ligjor nuk \u00ebsht\u00eb nj\u00eb ndryshim i thjesht\u00eb, por nj\u00eb mekaniz\u00ebm p\u00ebr t\u00eb shp\u00ebrndar\u00eb paran\u00eb, asetet dhe pronat publike pa asnj\u00eb lloj gare.<\/p>\n<p>Gjat\u00eb fjal\u00ebs s\u00eb saj, deputetja argumentoi se ky ligj \u00ebsht\u00eb shprehje e nj\u00eb \u201cmodeli qeverisjeje q\u00eb i ndan pronat publike sikur t&#8217;i ken\u00eb t\u00eb n\u00ebn\u00ebs e t\u00eb bab\u00ebs\u201d.<\/p>\n<p>Ky model, sipas saj, po e varf\u00ebron Shqip\u00ebrin\u00eb dhe nj\u00ebkoh\u00ebsisht tregon m\u00ebnyr\u00ebn se si qeveria e koncepton procesin e integrimit evropian.<\/p>\n<p>N\u00eb m\u00ebnyr\u00eb specifike, ligji p\u00ebr investimet strategjike bie ndesh me detyrimet e Shqip\u00ebris\u00eb n\u00eb kuad\u00ebr t\u00eb negociatave me BE-n\u00eb.<\/p>\n<p>Theksohet se Kapitulli 31 i negociatave k\u00ebrkonte pik\u00ebrisht shfuqizimin e k\u00ebtij ligji. \u201cNd\u00ebrkoh\u00eb q\u00eb k\u00ebt\u00eb ligj e kam akoma n\u00eb fuqi dhe duhet t\u00eb p\u00ebrfundoj\u00eb brenda k\u00ebtij viti, qeveria shqiptare thot\u00eb, kush merr nj\u00eb investim strategjik, ne do i japim dhe nj\u00eb port\u00eb.<\/p>\n<p><strong>Deklarata<\/strong><\/p>\n<p>&#8220;K\u00ebtu nuk b\u00ebhet fjal\u00eb vet\u00ebm thjesht p\u00ebr nj\u00eb ndryshim t\u00eb thjesht\u00eb ligjor. K\u00ebtu b\u00ebhet fjal\u00eb p\u00ebr nj\u00eb model qeverisje, nj\u00eb model qeverisje q\u00eb e ndan paran\u00eb publike, q\u00eb i ndan asetet publike, q\u00eb i ndan pronat publike sikur t&#8217;i ken\u00eb t\u00eb n\u00ebn\u00ebs e t\u00eb bab\u00ebs.<\/p>\n<p>\u00cbsht\u00eb nj\u00eb model qeverisje q\u00eb fatkeq\u00ebsisht sot po e varf\u00ebron Shqip\u00ebrin\u00eb. Por nga ana tjet\u00ebr \u00ebsht\u00eb edhe m\u00ebnyra se si qeveria shqiptare e koncepton procesin e integrimit. Procesi i integrimit n\u00eb fund t\u00eb dit\u00ebs nuk \u00ebsht\u00eb vet\u00ebm nj\u00eb list\u00eb detyrimesh q\u00eb kryhen n\u00eb let\u00ebr dhe nuk zbatohen, por jan\u00eb edhe standarte n\u00eb praktik\u00eb.<\/p>\n<p>Qeveria shqiptare ka marr\u00eb parasysh q\u00eb ligjin e investimeve strategjike ta anulloj\u00eb dhe ta pezulloj\u00eb at\u00eb menj\u00ebher\u00eb edhe si detyrim i kapitullit 31.<\/p>\n<p>\u00cbsht\u00eb nj\u00eb nga detyrimet p\u00ebrmbyll\u00ebse t\u00eb kapitullit 31, ligji i investimeve strategjike. Nd\u00ebrkoh\u00eb q\u00eb k\u00ebt\u00eb ligj e kam akoma n\u00eb fuqi dhe duhet t\u00eb p\u00ebrfundoj\u00eb brenda k\u00ebtij viti.<\/p>\n<p>Qeveria shqiptare thot\u00eb, kush merr nj\u00eb investim strategjik, ne do i japim dhe nj\u00eb port\u00eb. Pa gar\u00eb, k\u00ebto t\u00eb gjitha do marrin dhe p\u00ebrfitime taksash, nd\u00ebrkoh\u00eb q\u00eb n\u00eb \u00e7do prokurim tjet\u00ebr publik, edhe p\u00ebr nj\u00eb stilolaps, edhe p\u00ebr nj\u00eb mjet pune t\u00eb \u00e7do bashkie e t\u00eb \u00e7do drejtorie ka gar\u00eb, asetet publike k\u00ebtu ipen pa gar\u00eb.<\/p>\n<p>Ky \u00ebsht\u00eb ligji m\u00eb i shpejt\u00eb, t\u00eb pakt\u00ebn n\u00eb kaq vite sa jam un\u00eb n\u00eb parlament, ligji q\u00eb ka kaluar me shpejt\u00ebsi m\u00eb t\u00eb madhe.<\/p>\n<p>Dit\u00ebn e mart\u00eb nis\u00ebn diskutimet n\u00eb or\u00ebn 11:30 dhe p\u00ebrfunduan po dit\u00ebn e mart\u00eb n\u00eb or\u00ebn 10:00 t\u00eb dark\u00ebs. Nj\u00eb ligj q\u00eb \u00ebsht\u00eb miratuar me shpejt\u00ebsin\u00eb e drit\u00ebs. Kemi pasur ligje t\u00eb tjera t\u00eb r\u00ebnd\u00ebsishme q\u00eb duheshin edhe p\u00ebr procesin e integrimit e nuk kan\u00eb kaluar.<\/p>\n<p>Un\u00eb nuk besoj q\u00eb \u00ebsht\u00eb vendi q\u00eb as Komisioni, as vendet an\u00ebtare, as Parlamenti Europian t\u00eb mbylli syt\u00eb, por \u00ebsht\u00eb momenti q\u00eb tani q\u00eb negociatat jan\u00eb hapur, t\u00eb ket\u00eb m\u00eb shum\u00eb v\u00ebmendje ndaj Shqip\u00ebris\u00eb, p\u00ebr \u00e7do ligj q\u00eb kalon k\u00ebtu, po edhe p\u00ebr \u00e7do vjedhje dhe zaftim q\u00eb ndodh, sepse kjo n\u00eb fakt \u00ebsht\u00eb vjedhja dhe zaftimi i pron\u00ebs publike. Faleminderit!<\/p>\n","protected":false},"excerpt":{"rendered":"<p>Nj\u00eb ligj i miratuar n\u00eb koh\u00eb rekord n\u00eb Parlamentin e Shqip\u00ebris\u00eb \u00ebsht\u00eb cil\u00ebsuar si nj\u00eb \u201cligj me porosi\u201d dhe pjes\u00eb e nj\u00eb modeli qeveris\u00ebs q\u00eb po e varf\u00ebron vendin. N\u00eb nj\u00eb deklarat\u00eb p\u00ebr media deputetja e opozit\u00ebs Jorida Tabaku tha se ky akt ligjor nuk \u00ebsht\u00eb nj\u00eb ndryshim i thjesht\u00eb, por nj\u00eb mekaniz\u00ebm p\u00ebr t\u00eb &hellip;<\/p>\n","protected":false},"author":4,"featured_media":139912,"comment_status":"closed","ping_status":"closed","sticky":false,"template":"","format":"standard","meta":{"footnotes":""},"categories":[37],"tags":[],"class_list":["post-139911","post","type-post","status-publish","format-standard","has-post-thumbnail","","category-politike"],"_links":{"self":[{"href":"https:\/\/rdnews.al\/index.php\/wp-json\/wp\/v2\/posts\/139911","targetHints":{"allow":["GET"]}}],"collection":[{"href":"https:\/\/rdnews.al\/index.php\/wp-json\/wp\/v2\/posts"}],"about":[{"href":"https:\/\/rdnews.al\/index.php\/wp-json\/wp\/v2\/types\/post"}],"author":[{"embeddable":true,"href":"https:\/\/rdnews.al\/index.php\/wp-json\/wp\/v2\/users\/4"}],"replies":[{"embeddable":true,"href":"https:\/\/rdnews.al\/index.php\/wp-json\/wp\/v2\/comments?post=139911"}],"version-history":[{"count":1,"href":"https:\/\/rdnews.al\/index.php\/wp-json\/wp\/v2\/posts\/139911\/revisions"}],"predecessor-version":[{"id":139913,"href":"https:\/\/rdnews.al\/index.php\/wp-json\/wp\/v2\/posts\/139911\/revisions\/139913"}],"wp:featuredmedia":[{"embeddable":true,"href":"https:\/\/rdnews.al\/index.php\/wp-json\/wp\/v2\/media\/139912"}],"wp:attachment":[{"href":"https:\/\/rdnews.al\/index.php\/wp-json\/wp\/v2\/media?parent=139911"}],"wp:term":[{"taxonomy":"category","embeddable":true,"href":"https:\/\/rdnews.al\/index.php\/wp-json\/wp\/v2\/categories?post=139911"},{"taxonomy":"post_tag","embeddable":true,"href":"https:\/\/rdnews.al\/index.php\/wp-json\/wp\/v2\/tags?post=139911"}],"curies":[{"name":"wp","href":"https:\/\/api.w.org\/{rel}","templated":true}]}}