{"id":139943,"date":"2026-04-09T10:57:55","date_gmt":"2026-04-09T10:57:55","guid":{"rendered":"https:\/\/rdnews.al\/?p=139943"},"modified":"2026-04-09T10:57:55","modified_gmt":"2026-04-09T10:57:55","slug":"ps-rrezon-kerkesen-e-pd-per-projektligjin-e-uljes-se-cmimit-te-naftes","status":"publish","type":"post","link":"https:\/\/rdnews.al\/index.php\/2026\/04\/09\/ps-rrezon-kerkesen-e-pd-per-projektligjin-e-uljes-se-cmimit-te-naftes\/","title":{"rendered":"PS rr\u00ebzon k\u00ebrkes\u00ebn e PD p\u00ebr projektligjin e uljes s\u00eb \u00e7mimit t\u00eb naft\u00ebs!"},"content":{"rendered":"<p>Mazhoranca n\u00eb Kuvend ka rr\u00ebzuar me 77 vota kund\u00ebr k\u00ebrkes\u00ebn e Partis\u00eb Demokratike p\u00ebr t\u00eb nisur procedur\u00ebn e p\u00ebrshpejtuar lidhur me projektligjin e propozuar p\u00ebr naft\u00ebn.<\/p>\n<p>Ky projektligj synonte futjen e nj\u00eb mekanizmi t\u00eb ri p\u00ebr kontrollin e \u00e7mimit t\u00eb naft\u00ebs.<\/p>\n<p>Deputeti demokrat Eno Bozdo argumentoi se mekanizmi i propozuar nga PD do t\u00eb siguronte transparenc\u00eb dhe ulje automatike t\u00eb \u00e7mimit, duke mos lejuar q\u00eb qeveria t\u00eb p\u00ebrfitonte nga krizat.<\/p>\n<p>Ai theksoi se bordi i transparenc\u00ebs aktualisht vet\u00ebm \u201cvrojton rritjen\u201d e \u00e7mimit, nd\u00ebrsa ligji i propozuar do t\u00eb mbronte qytetar\u00ebt, fermer\u00ebt dhe ekonomin\u00eb familjare.<\/p>\n<p>Nga ana tjet\u00ebr, kreu i Grupit Parlamentar t\u00eb PS, Taulant Balla, kund\u00ebrshtoi k\u00ebrkes\u00ebn duke theksuar se projektligji nuk ishte n\u00eb rendin e dit\u00ebs dhe se kalendari i punimeve ishte miratuar me konsensus p\u00ebr ta shqyrtuar m\u00eb 30 t\u00eb muajit.<\/p>\n<p><strong>\u00c7far\u00eb parashikon paketa ligjore PD?<\/strong><\/p>\n<p>\u2013 Uljen e taks\u00ebs s\u00eb qarkullimit n\u00eb nivelin q\u00eb ka qen\u00eb n\u00eb vitin 2013,p\u00ebrpara se qeveria Rama ta rriste 4 fish;<\/p>\n<p>\u2013 Aplikimin e modelit t\u00eb \u201cakciz\u00ebs s\u00eb ndryshueshme\u201d, sipas praktik\u00ebs s\u00eb ndjekur nga Italia, ku teprica e TVSH-s\u00eb nga rritja e \u00e7mimit t\u00eb karburantit p\u00ebrdoret p\u00ebr uljen e akciz\u00ebs,duke ofruar k\u00ebshtu nj\u00eb mekaniz\u00ebm shum\u00eb t\u00eb ndersh\u00ebm dhe n\u00eb dobi t\u00eb qytetar\u00ebve.<\/p>\n<p>Zbatimi i k\u00ebtyre masave do t\u00eb sillte nj\u00eb ulje t\u00eb menj\u00ebhershme t\u00eb \u00e7mimit t\u00eb naft\u00ebs, nga rreth 220 lek\u00eb\/lit\u00ebr qe po shitet sot, n\u00eb t\u00eb pakt\u00ebn 175 lek\u00eb\/lit\u00ebr. Kjo do t\u00eb ishte nj\u00eb ndihm\u00eb e madhe p\u00ebr qytetar\u00ebt shqiptar\u00eb, t\u00eb cil\u00ebt sot p\u00ebrballen me v\u00ebshtir\u00ebsi t\u00eb r\u00ebnda ekonomike p\u00ebr shkak t\u00eb rritjes s\u00eb \u00e7mimeve dhe munges\u00ebs s\u00eb paketave mb\u00ebshtet\u00ebse nga ana e qeverise.<\/p>\n<p>Nga ana tjet\u00ebr, propozimi ligjor trajton edhe menaxhimin e rezervave strategjike t\u00eb naft\u00ebs, t\u00eb detyrueshme sipas standardeve t\u00eb BE-s\u00eb.<\/p>\n<p>Aktualisht, sipas deklarimeve publike, rezervat e naft\u00ebs n\u00eb Shqip\u00ebri mbulojn\u00eb vet\u00ebm 30 dit\u00eb, nd\u00ebrkoh\u00eb q\u00eb standardi i BE-s\u00eb bazuar n\u00eb direktiv\u00ebn 2009\/119\/EC, k\u00ebrkon mbulim p\u00ebr 90 dit\u00eb importe.<\/p>\n","protected":false},"excerpt":{"rendered":"<p>Mazhoranca n\u00eb Kuvend ka rr\u00ebzuar me 77 vota kund\u00ebr k\u00ebrkes\u00ebn e Partis\u00eb Demokratike p\u00ebr t\u00eb nisur procedur\u00ebn e p\u00ebrshpejtuar lidhur me projektligjin e propozuar p\u00ebr naft\u00ebn. Ky projektligj synonte futjen e nj\u00eb mekanizmi t\u00eb ri p\u00ebr kontrollin e \u00e7mimit t\u00eb naft\u00ebs. Deputeti demokrat Eno Bozdo argumentoi se mekanizmi i propozuar nga PD do t\u00eb siguronte &hellip;<\/p>\n","protected":false},"author":4,"featured_media":139419,"comment_status":"closed","ping_status":"closed","sticky":false,"template":"","format":"standard","meta":{"footnotes":""},"categories":[37],"tags":[],"class_list":["post-139943","post","type-post","status-publish","format-standard","has-post-thumbnail","","category-politike"],"_links":{"self":[{"href":"https:\/\/rdnews.al\/index.php\/wp-json\/wp\/v2\/posts\/139943","targetHints":{"allow":["GET"]}}],"collection":[{"href":"https:\/\/rdnews.al\/index.php\/wp-json\/wp\/v2\/posts"}],"about":[{"href":"https:\/\/rdnews.al\/index.php\/wp-json\/wp\/v2\/types\/post"}],"author":[{"embeddable":true,"href":"https:\/\/rdnews.al\/index.php\/wp-json\/wp\/v2\/users\/4"}],"replies":[{"embeddable":true,"href":"https:\/\/rdnews.al\/index.php\/wp-json\/wp\/v2\/comments?post=139943"}],"version-history":[{"count":1,"href":"https:\/\/rdnews.al\/index.php\/wp-json\/wp\/v2\/posts\/139943\/revisions"}],"predecessor-version":[{"id":139944,"href":"https:\/\/rdnews.al\/index.php\/wp-json\/wp\/v2\/posts\/139943\/revisions\/139944"}],"wp:featuredmedia":[{"embeddable":true,"href":"https:\/\/rdnews.al\/index.php\/wp-json\/wp\/v2\/media\/139419"}],"wp:attachment":[{"href":"https:\/\/rdnews.al\/index.php\/wp-json\/wp\/v2\/media?parent=139943"}],"wp:term":[{"taxonomy":"category","embeddable":true,"href":"https:\/\/rdnews.al\/index.php\/wp-json\/wp\/v2\/categories?post=139943"},{"taxonomy":"post_tag","embeddable":true,"href":"https:\/\/rdnews.al\/index.php\/wp-json\/wp\/v2\/tags?post=139943"}],"curies":[{"name":"wp","href":"https:\/\/api.w.org\/{rel}","templated":true}]}}