{"id":139945,"date":"2026-04-09T11:52:10","date_gmt":"2026-04-09T11:52:10","guid":{"rendered":"https:\/\/rdnews.al\/?p=139945"},"modified":"2026-04-09T11:53:31","modified_gmt":"2026-04-09T11:53:31","slug":"projektlgji-per-portet-turistike-kellici-pse-po-nxiton-rama-dhe-per-ke","status":"publish","type":"post","link":"https:\/\/rdnews.al\/index.php\/2026\/04\/09\/projektlgji-per-portet-turistike-kellici-pse-po-nxiton-rama-dhe-per-ke\/","title":{"rendered":"Projektligji p\u00ebr portet turistike\/ K\u00eblli\u00e7i: Pse po nxiton Rama dhe p\u00ebr k\u00eb?!"},"content":{"rendered":"<p>Deputeti i PD, Belind K\u00eblli\u00e7i, ka reaguar n\u00eb Kuvend ndaj projektligjit p\u00ebr portet turistike, duke akuzuar qeverin\u00eb p\u00ebr munges\u00eb transparence dhe nxitim t\u00eb pajustifikuar n\u00eb miratimin e tij.<\/p>\n<p>Gjat\u00eb fjal\u00ebs s\u00eb tij, K\u00eblli\u00e7i theksoi se ligji po kalon me procedur\u00eb t\u00eb p\u00ebrshpejtuar, nd\u00ebrsa ngriti pik\u00ebpyetje mbi arsyet e k\u00ebtij vendimi.<\/p>\n<p>Ai deklaroi se projektligji synon t\u2019i jap\u00eb portet turistike investitor\u00ebve strategjik\u00eb pa gar\u00eb dhe pa transparenc\u00eb, duke e cil\u00ebsuar k\u00ebt\u00eb si nj\u00eb veprim n\u00eb kund\u00ebrshtim me interesin publik.<\/p>\n<p>\u201cSa her\u00eb n\u00eb k\u00ebt\u00eb sall\u00eb shtrohen pyetjet n\u00eb interes t\u00eb qytetar\u00ebve, t\u2019i jepet nj\u00eb minut\u00eb koh\u00eb deputet\u00ebve q\u00eb shtrojn\u00eb k\u00ebto pyetje. Sot n\u00eb k\u00ebt\u00eb sall\u00eb po k\u00ebrkohet q\u00eb t\u00eb miratohet me procedur\u00eb t\u00eb p\u00ebrshpejtuar nj\u00eb ligj p\u00ebr portet turistike n\u00eb Republik\u00ebn e Shqip\u00ebris\u00eb.<\/p>\n<p>Pyetja q\u00eb shtrojm\u00eb sot; p\u00ebrse po nxiton dhe p\u00ebr k\u00eb po nxiton kjo qeveri? Se p\u00ebr shqiptar\u00ebt nuk \u00ebsht\u00eb nxituar p\u00ebr t\u00eb ulur \u00e7mimin e naft\u00ebs, apo p\u00ebr ndihm\u00eb p\u00ebr fermer\u00ebt, apo p\u00ebr ila\u00e7et n\u00ebp\u00ebr spitale.<\/p>\n<p>Kjo qeveri nxiton sa her\u00eb q\u00eb vjen puna te klient\u00ebt e saj strategjik\u00eb, grupet kriminale. Sot k\u00ebrkohet q\u00eb portet t\u00eb jepen pa gar\u00eb dhe pa transparenc\u00eb investitor\u00ebve strategjik\u00eb. Ky nuk \u00ebsht\u00eb interes publik, por \u00ebsht\u00eb grabitje. Dh\u00ebnia e tyre pa gar\u00eb cenon interesin publik.<\/p>\n<p>K\u00ebtu q\u00ebndron problemi m\u00eb i madh, pasi ky projektligj bie ndesh me rrug\u00ebn drejt BE. N\u00eb nj\u00eb koh\u00eb kur u ngrit kartoni i kuq kur nuk u dha autorizimi p\u00ebr arrestimin e Ballukut, u mbyll rruga e integrimit.<\/p>\n<p>E kemi par\u00eb afer\u00ebn te porti i Durr\u00ebsit apo afera t\u00eb tjera. K\u00ebto jan\u00eb kosto t\u00eb reja p\u00ebr qytetar\u00ebt, dhe dob\u00ebsim i pozicionit ton\u00eb n\u00eb rajon. Kjo qeveri dhe Rama po ashtu sillet me Shqip\u00ebrin\u00eb sikur e ka tok\u00eb t\u00eb bab\u00ebs\u201d, tha ai.<\/p>\n<p>&nbsp;<\/p>\n","protected":false},"excerpt":{"rendered":"<p>Deputeti i PD, Belind K\u00eblli\u00e7i, ka reaguar n\u00eb Kuvend ndaj projektligjit p\u00ebr portet turistike, duke akuzuar qeverin\u00eb p\u00ebr munges\u00eb transparence dhe nxitim t\u00eb pajustifikuar n\u00eb miratimin e tij. Gjat\u00eb fjal\u00ebs s\u00eb tij, K\u00eblli\u00e7i theksoi se ligji po kalon me procedur\u00eb t\u00eb p\u00ebrshpejtuar, nd\u00ebrsa ngriti pik\u00ebpyetje mbi arsyet e k\u00ebtij vendimi. Ai deklaroi se projektligji synon &hellip;<\/p>\n","protected":false},"author":4,"featured_media":139947,"comment_status":"closed","ping_status":"closed","sticky":false,"template":"","format":"standard","meta":{"footnotes":""},"categories":[37],"tags":[],"class_list":["post-139945","post","type-post","status-publish","format-standard","has-post-thumbnail","","category-politike"],"_links":{"self":[{"href":"https:\/\/rdnews.al\/index.php\/wp-json\/wp\/v2\/posts\/139945","targetHints":{"allow":["GET"]}}],"collection":[{"href":"https:\/\/rdnews.al\/index.php\/wp-json\/wp\/v2\/posts"}],"about":[{"href":"https:\/\/rdnews.al\/index.php\/wp-json\/wp\/v2\/types\/post"}],"author":[{"embeddable":true,"href":"https:\/\/rdnews.al\/index.php\/wp-json\/wp\/v2\/users\/4"}],"replies":[{"embeddable":true,"href":"https:\/\/rdnews.al\/index.php\/wp-json\/wp\/v2\/comments?post=139945"}],"version-history":[{"count":2,"href":"https:\/\/rdnews.al\/index.php\/wp-json\/wp\/v2\/posts\/139945\/revisions"}],"predecessor-version":[{"id":139948,"href":"https:\/\/rdnews.al\/index.php\/wp-json\/wp\/v2\/posts\/139945\/revisions\/139948"}],"wp:featuredmedia":[{"embeddable":true,"href":"https:\/\/rdnews.al\/index.php\/wp-json\/wp\/v2\/media\/139947"}],"wp:attachment":[{"href":"https:\/\/rdnews.al\/index.php\/wp-json\/wp\/v2\/media?parent=139945"}],"wp:term":[{"taxonomy":"category","embeddable":true,"href":"https:\/\/rdnews.al\/index.php\/wp-json\/wp\/v2\/categories?post=139945"},{"taxonomy":"post_tag","embeddable":true,"href":"https:\/\/rdnews.al\/index.php\/wp-json\/wp\/v2\/tags?post=139945"}],"curies":[{"name":"wp","href":"https:\/\/api.w.org\/{rel}","templated":true}]}}