{"id":140063,"date":"2026-04-10T18:14:23","date_gmt":"2026-04-10T18:14:23","guid":{"rendered":"https:\/\/rdnews.al\/?p=140063"},"modified":"2026-04-10T18:14:23","modified_gmt":"2026-04-10T18:14:23","slug":"te-shtena-me-arme-ne-fushe-kruje-nje-i-vrare","status":"publish","type":"post","link":"https:\/\/rdnews.al\/index.php\/2026\/04\/10\/te-shtena-me-arme-ne-fushe-kruje-nje-i-vrare\/","title":{"rendered":"T\u00eb sht\u00ebna me arm\u00eb n\u00eb Fush\u00eb-Kruj\u00eb, nj\u00eb i vrar\u00eb"},"content":{"rendered":"<p>T\u00eb sht\u00ebna me\u00a0arm\u00eb zjarri jan\u00eb raportuar pasditen e sotme n\u00eb Nik\u00ebl t\u00eb Fush\u00eb-Kruj\u00ebs ku nj\u00eb person ka mbetur i vdekur.<\/p>\n<p>Ngjarja ka ndodhur pas nj\u00eb konflikti q\u00eb \u00c7angu kishte pasur me shtetasin Eduart Ahmataj. Ky i fundit e ka q\u00eblluar me arm\u00eb zjarri dhe e ka l\u00ebn\u00eb t\u00eb vdekur.<\/p>\n<p>Raportohet se\u00a0<strong style=\"font-style: inherit;\">Eduart Ahmataj<\/strong>\u00a0ka vrar\u00eb me arm\u00eb zjarri kunatin.<\/p>\n<p>Ngjarja ka ndodhur n\u00eb fshatin Vrion, teksa viktima raportohet t\u00eb jet\u00eb shtetasi\u00a0<strong style=\"font-style: inherit;\">Artur \u00c7angu<\/strong>.<\/p>\n<p>\u201cRreth or\u00ebs 18:15, n\u00eb fshatin Vrion, Nik\u00ebl, dyshohet se shtetasi E. A, gjat\u00eb nj\u00eb konflikti p\u00ebr motive t\u00eb dob\u00ebta ka vrar\u00eb me arm\u00eb shtetasin A. C.<\/p>\n<p><span style=\"font-weight: inherit;\">Sh\u00ebrbimet e Policis\u00eb vijojn\u00eb kontrollet p\u00ebr kapjen e autorit t\u00eb dyshuar shtetasit E. A.\u201d<\/span>\u2013 njofton policia.<\/p>\n<p>Grupi hetimor ndodhet n\u00eb vendngjarje dhe punon p\u00ebr sqarimin e plot\u00eb e rrethanave t\u00eb rastit dhe dokumentimin e plot\u00eb ligjor t\u00eb tij.<\/p>\n","protected":false},"excerpt":{"rendered":"<p>T\u00eb sht\u00ebna me\u00a0arm\u00eb zjarri jan\u00eb raportuar pasditen e sotme n\u00eb Nik\u00ebl t\u00eb Fush\u00eb-Kruj\u00ebs ku nj\u00eb person ka mbetur i vdekur. Ngjarja ka ndodhur pas nj\u00eb konflikti q\u00eb \u00c7angu kishte pasur me shtetasin Eduart Ahmataj. Ky i fundit e ka q\u00eblluar me arm\u00eb zjarri dhe e ka l\u00ebn\u00eb t\u00eb vdekur. Raportohet se\u00a0Eduart Ahmataj\u00a0ka vrar\u00eb me arm\u00eb &hellip;<\/p>\n","protected":false},"author":4,"featured_media":85982,"comment_status":"closed","ping_status":"closed","sticky":false,"template":"","format":"standard","meta":{"footnotes":""},"categories":[37],"tags":[],"class_list":["post-140063","post","type-post","status-publish","format-standard","has-post-thumbnail","","category-politike"],"_links":{"self":[{"href":"https:\/\/rdnews.al\/index.php\/wp-json\/wp\/v2\/posts\/140063","targetHints":{"allow":["GET"]}}],"collection":[{"href":"https:\/\/rdnews.al\/index.php\/wp-json\/wp\/v2\/posts"}],"about":[{"href":"https:\/\/rdnews.al\/index.php\/wp-json\/wp\/v2\/types\/post"}],"author":[{"embeddable":true,"href":"https:\/\/rdnews.al\/index.php\/wp-json\/wp\/v2\/users\/4"}],"replies":[{"embeddable":true,"href":"https:\/\/rdnews.al\/index.php\/wp-json\/wp\/v2\/comments?post=140063"}],"version-history":[{"count":1,"href":"https:\/\/rdnews.al\/index.php\/wp-json\/wp\/v2\/posts\/140063\/revisions"}],"predecessor-version":[{"id":140064,"href":"https:\/\/rdnews.al\/index.php\/wp-json\/wp\/v2\/posts\/140063\/revisions\/140064"}],"wp:featuredmedia":[{"embeddable":true,"href":"https:\/\/rdnews.al\/index.php\/wp-json\/wp\/v2\/media\/85982"}],"wp:attachment":[{"href":"https:\/\/rdnews.al\/index.php\/wp-json\/wp\/v2\/media?parent=140063"}],"wp:term":[{"taxonomy":"category","embeddable":true,"href":"https:\/\/rdnews.al\/index.php\/wp-json\/wp\/v2\/categories?post=140063"},{"taxonomy":"post_tag","embeddable":true,"href":"https:\/\/rdnews.al\/index.php\/wp-json\/wp\/v2\/tags?post=140063"}],"curies":[{"name":"wp","href":"https:\/\/api.w.org\/{rel}","templated":true}]}}