{"id":140065,"date":"2026-04-10T18:20:42","date_gmt":"2026-04-10T18:20:42","guid":{"rendered":"https:\/\/rdnews.al\/?p=140065"},"modified":"2026-04-10T18:20:55","modified_gmt":"2026-04-10T18:20:55","slug":"edi-ramakerkon-te-riktheje-kooperativat-ne-berat","status":"publish","type":"post","link":"https:\/\/rdnews.al\/index.php\/2026\/04\/10\/edi-ramakerkon-te-riktheje-kooperativat-ne-berat\/","title":{"rendered":"Edi Rama k\u00ebrkon t\u00eb rikthej\u00eb kooperativat n\u00eb Berat!"},"content":{"rendered":"<p><strong>Nga Eno BOZDO<\/strong><\/p>\n<p>Edi Rama takon fermer\u00ebt e Beratit, por nuk ka \u00e7&#8217;tu thot\u00eb ve\u00e7se g\u00ebnjeshtra dhe fjali pa kuptim.<\/p>\n<p>Sot Edi Rama u kujtua t\u00eb laj\u00eb goj\u00ebn me p\u00ebrfaq\u00ebsues t\u00eb fermer\u00ebve, n\u00eb nj\u00eb takim ku foli thuajse vet\u00ebn ai, dhe ku pjes\u00ebmmar\u00ebsit e shkret\u00eb ishin aty nga halli e aspak nga malli.<\/p>\n<p>Deklaratat e Edi Rama p\u00ebr \u2018shoq\u00ebrit\u00eb e bashkuara bujq\u00ebsore\u2019 nuk jan\u00eb asgj\u00eb tjet\u00ebr ve\u00e7se nj\u00eb p\u00ebrpjekje p\u00ebr t\u00eb rikthyer nj\u00eb model t\u00eb d\u00ebshtuar q\u00eb shqiptar\u00ebt e kan\u00eb provuar, kooperativat. Pas m\u00eb shum\u00eb se nj\u00eb dekade n\u00eb pushtet, kryeministri nuk ofron mb\u00ebshtetje, por vendos kushte ose bashkohuni si\u00e7 them un\u00eb, ose nuk p\u00ebrfitoni asgj\u00eb.<\/p>\n<p>Fermer\u00ebt e Beratit, sidomos kultivuesit e ullirit, q\u00eb nga viti 2013 e deri m\u00eb sot\u00eb nuk kan\u00eb marr\u00eb asnj\u00eb mb\u00ebshtetje direkte. Zero lek\u00eb. Nd\u00ebrkoh\u00eb, jan\u00eb pik\u00ebrisht ata q\u00eb mbajn\u00eb n\u00eb k\u00ebmb\u00eb tregun e vajit t\u00eb ullirit dhe arrijn\u00eb edhe t\u00eb eksportojn\u00eb, pa asnj\u00eb ndihm\u00eb nga shteti.<\/p>\n<p>Dhe nd\u00ebrkoh\u00eb flitet p\u00ebr \u2018investime\u2019. P\u00ebr cilat investime kryeminist\u00ebr?<\/p>\n<p>P\u00ebr rritjen e \u00e7mimit t\u00eb naft\u00ebs q\u00eb po i falimenton fermer\u00ebt?<\/p>\n<p>Apo p\u00ebr tregje q\u00eb kan\u00eb kushtuar rreth 253 mije euro p\u00ebr \u2018Green Market\u2019 dhe keto para kan\u00eb p\u00ebrfunduar n\u00eb xhepat e bashkiak\u00ebve dhe klientel\u00ebs s\u00eb pushtetit?<\/p>\n<p>Nd\u00ebrkoh\u00eb, propaganda vazhdon t\u00eb ushqej\u00eb opinionin publik me pretendime p\u00ebr kthim emigrant\u00ebsh n\u00eb Berat.<\/p>\n<p>Por faktet flasin ndryshe sipas INSTAT, ky qark ka p\u00ebsuar nj\u00eb nga r\u00ebniet m\u00eb t\u00eb m\u00ebdha t\u00eb popullsis\u00eb (-3.6%). Pra njer\u00ebzit nuk po kthehen po largohen \u00e7do dit\u00eb edhe m\u00eb shum\u00eb nga kjo qeveri.<\/p>\n<p>Kjo qeveri nuk ka mb\u00ebshtetur fermer\u00ebt dhe nuk ka ulur kostot aspak. N\u00eb vend t\u00eb k\u00ebsaj, u k\u00ebrkon t\u00eb dor\u00ebzojn\u00eb pavar\u00ebsin\u00eb e tyre p\u00ebr t\u00eb marr\u00eb at\u00eb q\u00eb u takon.<\/p>\n<p>Fermer\u00ebt shqiptar\u00eb nuk kan\u00eb nevoj\u00eb p\u00ebr imponime dhe projekte t\u00eb d\u00ebshtuara. Ata kan\u00eb nevoj\u00eb p\u00ebr mb\u00ebshtetje reale. Dhe kjo qeveri ka treguar qart\u00eb se nuk \u00ebsht\u00eb n\u00eb an\u00ebn e tyre.<\/p>\n","protected":false},"excerpt":{"rendered":"<p>Nga Eno BOZDO Edi Rama takon fermer\u00ebt e Beratit, por nuk ka \u00e7&#8217;tu thot\u00eb ve\u00e7se g\u00ebnjeshtra dhe fjali pa kuptim. Sot Edi Rama u kujtua t\u00eb laj\u00eb goj\u00ebn me p\u00ebrfaq\u00ebsues t\u00eb fermer\u00ebve, n\u00eb nj\u00eb takim ku foli thuajse vet\u00ebn ai, dhe ku pjes\u00ebmmar\u00ebsit e shkret\u00eb ishin aty nga halli e aspak nga malli. Deklaratat e &hellip;<\/p>\n","protected":false},"author":4,"featured_media":140066,"comment_status":"closed","ping_status":"closed","sticky":false,"template":"","format":"standard","meta":{"footnotes":""},"categories":[37],"tags":[],"class_list":["post-140065","post","type-post","status-publish","format-standard","has-post-thumbnail","","category-politike"],"_links":{"self":[{"href":"https:\/\/rdnews.al\/index.php\/wp-json\/wp\/v2\/posts\/140065","targetHints":{"allow":["GET"]}}],"collection":[{"href":"https:\/\/rdnews.al\/index.php\/wp-json\/wp\/v2\/posts"}],"about":[{"href":"https:\/\/rdnews.al\/index.php\/wp-json\/wp\/v2\/types\/post"}],"author":[{"embeddable":true,"href":"https:\/\/rdnews.al\/index.php\/wp-json\/wp\/v2\/users\/4"}],"replies":[{"embeddable":true,"href":"https:\/\/rdnews.al\/index.php\/wp-json\/wp\/v2\/comments?post=140065"}],"version-history":[{"count":2,"href":"https:\/\/rdnews.al\/index.php\/wp-json\/wp\/v2\/posts\/140065\/revisions"}],"predecessor-version":[{"id":140068,"href":"https:\/\/rdnews.al\/index.php\/wp-json\/wp\/v2\/posts\/140065\/revisions\/140068"}],"wp:featuredmedia":[{"embeddable":true,"href":"https:\/\/rdnews.al\/index.php\/wp-json\/wp\/v2\/media\/140066"}],"wp:attachment":[{"href":"https:\/\/rdnews.al\/index.php\/wp-json\/wp\/v2\/media?parent=140065"}],"wp:term":[{"taxonomy":"category","embeddable":true,"href":"https:\/\/rdnews.al\/index.php\/wp-json\/wp\/v2\/categories?post=140065"},{"taxonomy":"post_tag","embeddable":true,"href":"https:\/\/rdnews.al\/index.php\/wp-json\/wp\/v2\/tags?post=140065"}],"curies":[{"name":"wp","href":"https:\/\/api.w.org\/{rel}","templated":true}]}}