{"id":140069,"date":"2026-04-10T18:42:18","date_gmt":"2026-04-10T18:42:18","guid":{"rendered":"https:\/\/rdnews.al\/?p=140069"},"modified":"2026-04-10T19:17:36","modified_gmt":"2026-04-10T19:17:36","slug":"reagimi-i-forte-i-arben-malajt-ndaj-balles-vetem-hajdutet-e-miliardave-mund-te-guxojne-te-kercenojne","status":"publish","type":"post","link":"https:\/\/rdnews.al\/index.php\/2026\/04\/10\/reagimi-i-forte-i-arben-malajt-ndaj-balles-vetem-hajdutet-e-miliardave-mund-te-guxojne-te-kercenojne\/","title":{"rendered":"Ish-ministri i PS nxin Ram\u00ebn\/ I bab\u00ebzitur p\u00ebr pushtet absolut ekonomik dhe politik"},"content":{"rendered":"<p><strong>Arben Malaj<\/strong><\/p>\n<p>Vet\u00ebm ata q\u00eb e shohin vendin si pla\u00e7k\u00eb, hajdut\u00ebt e miliardave, bixhozxhinjt\u00eb e fateve tona dhe t\u00eb pabes\u00ebt ndaj vendit te tyre, mund t\u00eb guxojn\u00eb t\u00eb k\u00ebrc\u00ebnojn\u00eb me \u2018shumic\u00eb votash\u2019 t\u00eb fituara p\u00ebrmes presionit mbi buk\u00ebn e goj\u00ebs dhe \u2018drogimit: t\u00eb shum\u00eb politikaneve dhe pjes\u00eb t\u00eb administrat\u00ebs publike p\u00ebr t\u00eb vjedhur \u00e7do vot\u00eb.<\/p>\n<p>Raportet e OSCE-ODIHR\u00a0v\u00ebrtetojn\u00eb profilin vota-vjedh\u00ebs t\u00eb qeverise Rama.<\/p>\n<p>\u00cbsht\u00eb nj\u00eb paradoks i dhimbsh\u00ebm: nd\u00ebrsa integrimi evropian p\u00ebrdoret si slogan strategjik, n\u00eb prapasken\u00eb b\u00ebhet gjith\u00e7ka q\u00eb ai t\u00eb mos ndodh\u00eb.<\/p>\n<p>Fakti q\u00eb Shqip\u00ebria mbetet pas fqinj\u00ebve si Mali i Zi, tregon se bllokimi nuk \u00ebsht\u00eb thjesht teknik, por pasoj\u00eb e nj\u00eb bab\u00ebzie p\u00ebr pushtet absolut ekonomik dhe politik.<\/p>\n<p>Kur krimi dhe politika bashk\u00ebpunojn\u00eb p\u00ebr t\u00eb penguar sfid\u00ebn ton\u00eb m\u00eb t\u00eb madhe komb\u00ebtare, Parlamenti pushon s\u00eb qeni tempull i demokracis\u00eb dhe kthehet n\u00eb nj\u00eb mjet abuzimi n\u00eb duart e politikan\u00ebve t\u00eb bab\u00ebzitur.<\/p>\n<p>&nbsp;<\/p>\n<p>&nbsp;<\/p>\n","protected":false},"excerpt":{"rendered":"<p>Arben Malaj Vet\u00ebm ata q\u00eb e shohin vendin si pla\u00e7k\u00eb, hajdut\u00ebt e miliardave, bixhozxhinjt\u00eb e fateve tona dhe t\u00eb pabes\u00ebt ndaj vendit te tyre, mund t\u00eb guxojn\u00eb t\u00eb k\u00ebrc\u00ebnojn\u00eb me \u2018shumic\u00eb votash\u2019 t\u00eb fituara p\u00ebrmes presionit mbi buk\u00ebn e goj\u00ebs dhe \u2018drogimit: t\u00eb shum\u00eb politikaneve dhe pjes\u00eb t\u00eb administrat\u00ebs publike p\u00ebr t\u00eb vjedhur \u00e7do vot\u00eb. &hellip;<\/p>\n","protected":false},"author":4,"featured_media":140076,"comment_status":"closed","ping_status":"closed","sticky":false,"template":"","format":"standard","meta":{"footnotes":""},"categories":[37],"tags":[],"class_list":["post-140069","post","type-post","status-publish","format-standard","has-post-thumbnail","","category-politike"],"_links":{"self":[{"href":"https:\/\/rdnews.al\/index.php\/wp-json\/wp\/v2\/posts\/140069","targetHints":{"allow":["GET"]}}],"collection":[{"href":"https:\/\/rdnews.al\/index.php\/wp-json\/wp\/v2\/posts"}],"about":[{"href":"https:\/\/rdnews.al\/index.php\/wp-json\/wp\/v2\/types\/post"}],"author":[{"embeddable":true,"href":"https:\/\/rdnews.al\/index.php\/wp-json\/wp\/v2\/users\/4"}],"replies":[{"embeddable":true,"href":"https:\/\/rdnews.al\/index.php\/wp-json\/wp\/v2\/comments?post=140069"}],"version-history":[{"count":3,"href":"https:\/\/rdnews.al\/index.php\/wp-json\/wp\/v2\/posts\/140069\/revisions"}],"predecessor-version":[{"id":140077,"href":"https:\/\/rdnews.al\/index.php\/wp-json\/wp\/v2\/posts\/140069\/revisions\/140077"}],"wp:featuredmedia":[{"embeddable":true,"href":"https:\/\/rdnews.al\/index.php\/wp-json\/wp\/v2\/media\/140076"}],"wp:attachment":[{"href":"https:\/\/rdnews.al\/index.php\/wp-json\/wp\/v2\/media?parent=140069"}],"wp:term":[{"taxonomy":"category","embeddable":true,"href":"https:\/\/rdnews.al\/index.php\/wp-json\/wp\/v2\/categories?post=140069"},{"taxonomy":"post_tag","embeddable":true,"href":"https:\/\/rdnews.al\/index.php\/wp-json\/wp\/v2\/tags?post=140069"}],"curies":[{"name":"wp","href":"https:\/\/api.w.org\/{rel}","templated":true}]}}