{"id":14010,"date":"2022-06-01T17:38:14","date_gmt":"2022-06-01T17:38:14","guid":{"rendered":"https:\/\/rdnews.al\/?p=14010"},"modified":"2022-06-01T17:38:14","modified_gmt":"2022-06-01T17:38:14","slug":"rezoluta-per-kosoven-shehu-felaj-zedhenese-e-rames-pas-deklarates-fshihet-dora-e-vucic","status":"publish","type":"post","link":"https:\/\/rdnews.al\/index.php\/2022\/06\/01\/rezoluta-per-kosoven-shehu-felaj-zedhenese-e-rames-pas-deklarates-fshihet-dora-e-vucic\/","title":{"rendered":"Rezoluta p\u00ebr Kosov\u00ebn, Shehu: Felaj z\u00ebdh\u00ebn\u00ebse e Ram\u00ebs, pas deklarat\u00ebs fshihet dora e Vu\u00e7i\u00e7"},"content":{"rendered":"<p>Deputeti i PD, Tritan Shehu komentoi n\u00eb edicionin e pasdites me Bled Markun n\u00eb Syri Tv rezolut\u00ebn e propozuar nga PD p\u00ebr njohjen e gjenocidit serb n\u00eb Kosov\u00eb dhe deklarat\u00ebn e Felajt e cila paralajm\u00ebroi rr\u00ebzimin e rezolut\u00ebs me argumentin se bie ndesh me Ballkanin e Hapur.<\/p>\n<p>Shehu tha se deklaratat e Felajt jan\u00eb tragjike dhe t\u00eb r\u00ebnda teksa paralajm\u00ebrojn\u00eb rr\u00ebzimin e radh\u00ebs si ajo me rezolut\u00ebn e Srebrenic\u00ebs.<\/p>\n<p>Sakaq, teksa e quajti Felajn z\u00ebdh\u00ebn\u00ebse t\u00eb Ram\u00ebs, u shpreh\u00ebn se pas gjith\u00eb k\u00ebsaj fshihet dora e Aleksand\u00ebr Vu\u00e7i\u00e7it q\u00eb do ta l\u00eb Kosov\u00ebn n\u00eb heshtje.<\/p>\n<p>\u201cAjo q\u00eb tha Felaj \u00ebsht\u00eb z\u00ebdh\u00ebnie e nj\u00eb vullneti t\u00eb mazhoranc\u00ebs, apo liderit t\u00eb saj, Ram\u00ebs, duke paralajm\u00ebruar rr\u00ebzimin e mocionit si\u00e7 vepruan edhe me at\u00eb p\u00ebr Srebrenci\u00ebn.<\/p>\n<p>E nj\u00ebjta linj\u00eb, deklarata e mbr\u00ebmshme ishte paraprirje e asaj q\u00eb do t\u00eb ndodh\u00eb p\u00ebr rezolutat q\u00eb lidhen me njohjen e gjenocidit serb n\u00eb Kosov\u00eb. Mendoj se \u00ebsht\u00eb nj\u00eb veprim skandaloz, vendim fatal n\u00ebse mazhoranca do vazhdoj\u00eb k\u00ebshtu.<\/p>\n<p>Argumentimi i Felajt ishte jo vet\u00ebm qesharak, por i dhimbsh\u00ebm dhe tragjik. Thot\u00eb bie ndesh me Ballkanin e Hapur, do t\u00eb thot\u00eb bie ndesh me vullnetin e Vu\u00e7i\u00e7, udh\u00ebzimet dhe k\u00ebrkesat e tij.<\/p>\n<p>Ballkani i Hapur \u00ebsht\u00eb instrument i Vu\u00e7i\u00e7it, nj\u00eb instrument p\u00ebr t\u00eb sanksionuar hegjemonin\u00eb politike dhe ekonomik\u00eb t\u00eb Serbis\u00eb.<\/p>\n<p>Nism\u00eb e Vu\u00e7i\u00e7 p\u00ebr t\u00eb dominuar rajonin dhe p\u00ebr t\u00eb l\u00ebn\u00eb Kosov\u00ebn n\u00eb heshtje. T\u00eb thuash se bie ndesh me Open Balkan, do t\u00eb thot\u00eb q\u00eb \u00ebsht\u00eb dora e Vu\u00e7i\u00e7it q\u00eb k\u00ebrkon t\u00eb ndaloj\u00eb k\u00ebto gj\u00ebra\u201d, tha Shehu.<\/p>\n","protected":false},"excerpt":{"rendered":"<p>Deputeti i PD, Tritan Shehu komentoi n\u00eb edicionin e pasdites me Bled Markun n\u00eb Syri Tv rezolut\u00ebn e propozuar nga PD p\u00ebr njohjen e gjenocidit serb n\u00eb Kosov\u00eb dhe deklarat\u00ebn e Felajt e cila paralajm\u00ebroi rr\u00ebzimin e rezolut\u00ebs me argumentin se bie ndesh me Ballkanin e Hapur. Shehu tha se deklaratat e Felajt jan\u00eb tragjike &hellip;<\/p>\n","protected":false},"author":4,"featured_media":0,"comment_status":"open","ping_status":"open","sticky":false,"template":"","format":"standard","meta":{"footnotes":""},"categories":[37],"tags":[],"class_list":["post-14010","post","type-post","status-publish","format-standard","","category-politike"],"_links":{"self":[{"href":"https:\/\/rdnews.al\/index.php\/wp-json\/wp\/v2\/posts\/14010","targetHints":{"allow":["GET"]}}],"collection":[{"href":"https:\/\/rdnews.al\/index.php\/wp-json\/wp\/v2\/posts"}],"about":[{"href":"https:\/\/rdnews.al\/index.php\/wp-json\/wp\/v2\/types\/post"}],"author":[{"embeddable":true,"href":"https:\/\/rdnews.al\/index.php\/wp-json\/wp\/v2\/users\/4"}],"replies":[{"embeddable":true,"href":"https:\/\/rdnews.al\/index.php\/wp-json\/wp\/v2\/comments?post=14010"}],"version-history":[{"count":0,"href":"https:\/\/rdnews.al\/index.php\/wp-json\/wp\/v2\/posts\/14010\/revisions"}],"wp:attachment":[{"href":"https:\/\/rdnews.al\/index.php\/wp-json\/wp\/v2\/media?parent=14010"}],"wp:term":[{"taxonomy":"category","embeddable":true,"href":"https:\/\/rdnews.al\/index.php\/wp-json\/wp\/v2\/categories?post=14010"},{"taxonomy":"post_tag","embeddable":true,"href":"https:\/\/rdnews.al\/index.php\/wp-json\/wp\/v2\/tags?post=14010"}],"curies":[{"name":"wp","href":"https:\/\/api.w.org\/{rel}","templated":true}]}}