{"id":140107,"date":"2026-04-11T09:19:11","date_gmt":"2026-04-11T09:19:11","guid":{"rendered":"https:\/\/rdnews.al\/?p=140107"},"modified":"2026-04-11T09:19:37","modified_gmt":"2026-04-11T09:19:37","slug":"berisha-dielli-perendoi-pergjithmone-per-eliot-engel-mikun-e-shquar-te-kombit-shqiptar","status":"publish","type":"post","link":"https:\/\/rdnews.al\/index.php\/2026\/04\/11\/berisha-dielli-perendoi-pergjithmone-per-eliot-engel-mikun-e-shquar-te-kombit-shqiptar\/","title":{"rendered":"Berisha: Dielli per\u00ebndoi p\u00ebrgjithmon\u00eb p\u00ebr Eliot Engel, mikun e shquar t\u00eb kombit shqiptar!"},"content":{"rendered":"<p>Kryetari i PD, Sali Berisha shp\u00ebrndau n\u00eb rrjete sociale nj\u00eb reagim p\u00ebr ndarjen nga jeta t\u00eb ish-kongresisti amerikan, Eliot Engel, nj\u00eb nga mb\u00ebshtet\u00ebsit m\u00eb t\u00eb m\u00ebdhenj t\u00eb kombit shqiptar e Kosov\u00ebs.<\/p>\n<p>Kjo \u00ebsht\u00eb nj\u00eb humbje e madhe jo vet\u00ebm p\u00ebr kombin amerikan, t\u00eb cilit Kongresmeni Engel i sh\u00ebrbeu me dinjitet t\u00eb lart\u00eb n\u00eb 16 legjislatura p\u00ebr m\u00eb shum\u00eb se tri dekada si p\u00ebrfaq\u00ebsues i tij n\u00eb Kongresin e SHBA-s\u00eb, por \u00ebsht\u00eb nj\u00eb humbje e madhe edhe p\u00ebr kombin shqiptar, shkruan Berisha.<\/p>\n<p>Kongresmeni Eliot Engel ishte nj\u00eb nga promotor\u00ebt kryesor\u00eb t\u00eb shnd\u00ebrrimit t\u00eb \u00e7\u00ebshtjes s\u00eb drejt\u00eb t\u00eb liris\u00eb dhe pavar\u00ebsis\u00eb s\u00eb Kosov\u00ebs n\u00eb nj\u00eb \u00e7\u00ebshtje prioritare t\u00eb politik\u00ebs s\u00eb jashtme t\u00eb Kongresit dhe qeveris\u00eb s\u00eb SHBA-s\u00eb si dhe nj\u00eb mik i shtrenjt\u00eb i demokracis\u00eb n\u00eb Shqip\u00ebri q\u00eb nga hapat e saj t\u00eb par\u00eb e n\u00eb vazhdim.<\/p>\n<p>Engel u nda nga jeta m\u00eb 10 prill n\u00eb mosh\u00ebn 79-vje\u00e7are.<\/p>\n<p>T\u00eb dashur miq,<\/p>\n<p>Ish-kongresmeni amerikan, ish-kryetari i Komisionit t\u00eb Jasht\u00ebm t\u00eb Kongresit t\u00eb SHBA-s\u00eb, Eliot Engel, nj\u00eb nga miqt\u00eb m\u00eb t\u00eb m\u00ebdhenj, m\u00eb t\u00eb dashur e m\u00eb t\u00eb \u00e7muar t\u00eb kombit shqiptar, edhe n\u00eb koh\u00ebrat tona m\u00eb t\u00eb v\u00ebshtira, mbylli syt\u00eb p\u00ebrgjithmon\u00eb.<\/p>\n<p>Kjo \u00ebsht\u00eb nj\u00eb humbje e madhe jo vet\u00ebm p\u00ebr kombin amerikan, t\u00eb cilit Kongresmeni Engel i sh\u00ebrbeu me dinjitet t\u00eb lart\u00eb n\u00eb 16 legjislatura p\u00ebr m\u00eb shum\u00eb se tri dekada si p\u00ebrfaq\u00ebsues i tij n\u00eb Kongresin e SHBA-s\u00eb, por \u00ebsht\u00eb nj\u00eb humbje e madhe edhe p\u00ebr kombin shqiptar.<\/p>\n<p>Eliot Engel, q\u00eb nga fillimi i viteve &#8217;90 dhe deri n\u00eb fund t\u00eb jet\u00ebs s\u00eb tij, ishte nj\u00eb nga z\u00ebrat m\u00eb t\u00eb fuqish\u00ebm t\u00eb kauz\u00ebs s\u00eb drejt\u00eb t\u00eb shqiptar\u00ebve t\u00eb Kosov\u00ebs, liris\u00eb dhe pavar\u00ebsis\u00eb s\u00eb saj. Ai ishte nj\u00eb nga promotor\u00ebt kryesor\u00eb t\u00eb shnd\u00ebrrimit t\u00eb \u00e7\u00ebshtjes s\u00eb drejt\u00eb t\u00eb liris\u00eb dhe pavar\u00ebsis\u00eb s\u00eb Kosov\u00ebs n\u00eb nj\u00eb \u00e7\u00ebshtje prioritare t\u00eb politik\u00ebs s\u00eb jashtme t\u00eb Kongresit dhe qeveris\u00eb s\u00eb SHBA-s\u00eb.<\/p>\n<p>Por, Kongresmeni Eliot Engel ishte gjithashtu nj\u00eb mik i shtrenjt\u00eb i demokracis\u00eb n\u00eb Shqip\u00ebri q\u00eb nga hapat e saj t\u00eb par\u00eb e n\u00eb vazhdim. Ai ishte nj\u00eb mb\u00ebshtet\u00ebs i \u00e7muar i vot\u00ebs s\u00eb lir\u00eb, i integrimit euroatlantik dhe i an\u00ebtar\u00ebsimit t\u00eb Shqip\u00ebris\u00eb n\u00eb NATO. Kongresmeni Engel ishte nj\u00eb avokat i fuqish\u00ebm n\u00eb Kongresin e SHBA-s\u00eb p\u00ebr lirit\u00eb dhe t\u00eb drejtat komb\u00ebtare t\u00eb shqiptar\u00ebve n\u00eb Maqedonin\u00eb e Veriut, Mal t\u00eb Zi, Preshev\u00eb dhe kudo n\u00eb bot\u00eb.<\/p>\n<p>Kam pasur fatin ta takoj shum\u00eb her\u00eb, q\u00eb nga viti 1992, k\u00ebt\u00eb mik t\u00eb shquar; ta pres n\u00eb Shqip\u00ebri e ta takoj n\u00eb Washington e New York, duke pasur mb\u00ebshtetjen e tij t\u00eb \u00e7muar dhe duke bashk\u00ebpunuar ngusht\u00eb p\u00ebr \u00e7\u00ebshtje t\u00eb politik\u00ebs s\u00eb jashtme dhe interesit t\u00eb p\u00ebrbashk\u00ebt.<\/p>\n<p>Duke shprehur nderimin tim m\u00eb t\u00eb madh dhe mir\u00ebnjohjen e pakufishme p\u00ebr gjith\u00e7ka b\u00ebri p\u00ebr shqiptar\u00ebt, ky burr i shquar i kombit amerikan, i p\u00ebrcjell ngush\u00ebllimet m\u00eb t\u00eb ndjera familjes, miqve dhe t\u00eb af\u00ebrmve t\u00eb Kongresmenit Engel, si dhe autoriteteve t\u00eb vendit t\u00eb tij.<\/p>\n<p>I lutem Zotit q\u00eb shpirti i tij i mire t\u00eb gjej\u00eb paqen e merituar.<br \/>\nAmin.<\/p>\n<p><img decoding=\"async\" src=\"https:\/\/scontent.ftia9-1.fna.fbcdn.net\/v\/t39.30808-6\/670409926_1741685303979231_1013039439253021115_n.jpg?stp=dst-jpg_s590x590_tt6&amp;_nc_cat=100&amp;ccb=1-7&amp;_nc_sid=7b2446&amp;_nc_ohc=McxUZUjSkvMQ7kNvwFDLfLk&amp;_nc_oc=Adpd8B4bxPZYYKidbpyiAlWyfuIoQAOk0w-Pv8C1VMngJSwE7qkMj5XxoAfmPCCvI2c&amp;_nc_zt=23&amp;_nc_ht=scontent.ftia9-1.fna&amp;_nc_gid=GHSxh8c3KEnsRBAg1PD04g&amp;_nc_ss=7a3a8&amp;oh=00_Af3BXiPyOPMtE3aXuO3Xn2x9SMzJ4ozSORJYi3Pwe_Zu2w&amp;oe=69DFD622\" \/><\/p>\n","protected":false},"excerpt":{"rendered":"<p>Kryetari i PD, Sali Berisha shp\u00ebrndau n\u00eb rrjete sociale nj\u00eb reagim p\u00ebr ndarjen nga jeta t\u00eb ish-kongresisti amerikan, Eliot Engel, nj\u00eb nga mb\u00ebshtet\u00ebsit m\u00eb t\u00eb m\u00ebdhenj t\u00eb kombit shqiptar e Kosov\u00ebs. Kjo \u00ebsht\u00eb nj\u00eb humbje e madhe jo vet\u00ebm p\u00ebr kombin amerikan, t\u00eb cilit Kongresmeni Engel i sh\u00ebrbeu me dinjitet t\u00eb lart\u00eb n\u00eb 16 legjislatura &hellip;<\/p>\n","protected":false},"author":4,"featured_media":140108,"comment_status":"closed","ping_status":"closed","sticky":false,"template":"","format":"standard","meta":{"footnotes":""},"categories":[37],"tags":[],"class_list":["post-140107","post","type-post","status-publish","format-standard","has-post-thumbnail","","category-politike"],"_links":{"self":[{"href":"https:\/\/rdnews.al\/index.php\/wp-json\/wp\/v2\/posts\/140107","targetHints":{"allow":["GET"]}}],"collection":[{"href":"https:\/\/rdnews.al\/index.php\/wp-json\/wp\/v2\/posts"}],"about":[{"href":"https:\/\/rdnews.al\/index.php\/wp-json\/wp\/v2\/types\/post"}],"author":[{"embeddable":true,"href":"https:\/\/rdnews.al\/index.php\/wp-json\/wp\/v2\/users\/4"}],"replies":[{"embeddable":true,"href":"https:\/\/rdnews.al\/index.php\/wp-json\/wp\/v2\/comments?post=140107"}],"version-history":[{"count":2,"href":"https:\/\/rdnews.al\/index.php\/wp-json\/wp\/v2\/posts\/140107\/revisions"}],"predecessor-version":[{"id":140110,"href":"https:\/\/rdnews.al\/index.php\/wp-json\/wp\/v2\/posts\/140107\/revisions\/140110"}],"wp:featuredmedia":[{"embeddable":true,"href":"https:\/\/rdnews.al\/index.php\/wp-json\/wp\/v2\/media\/140108"}],"wp:attachment":[{"href":"https:\/\/rdnews.al\/index.php\/wp-json\/wp\/v2\/media?parent=140107"}],"wp:term":[{"taxonomy":"category","embeddable":true,"href":"https:\/\/rdnews.al\/index.php\/wp-json\/wp\/v2\/categories?post=140107"},{"taxonomy":"post_tag","embeddable":true,"href":"https:\/\/rdnews.al\/index.php\/wp-json\/wp\/v2\/tags?post=140107"}],"curies":[{"name":"wp","href":"https:\/\/api.w.org\/{rel}","templated":true}]}}