{"id":14040,"date":"2022-06-02T09:28:24","date_gmt":"2022-06-02T09:28:24","guid":{"rendered":"https:\/\/rdnews.al\/?p=14040"},"modified":"2022-06-02T09:31:34","modified_gmt":"2022-06-02T09:31:34","slug":"maskat-terror-ne-nje-familje-lidhin-dy-te-moshuar-dhe-i-grabisin","status":"publish","type":"post","link":"https:\/\/rdnews.al\/index.php\/2022\/06\/02\/maskat-terror-ne-nje-familje-lidhin-dy-te-moshuar-dhe-i-grabisin\/","title":{"rendered":"Maskat terror n\u00eb nj\u00eb familje, lidhin dy t\u00eb moshuar dhe i grabisin"},"content":{"rendered":"<p>Nj\u00eb grabitje me dhun\u00eb ka ndodhur gjat\u00eb nat\u00ebs n\u00eb Vermosh. M\u00ebsohet se, dy t\u00eb moshuar jan\u00eb lidhur dhe grabitur nga persona t\u00eb armatosur dhe me maska. Pre e grabitjes kan\u00eb r\u00ebn\u00eb Tom Tinaj me bashk\u00ebshorten, n\u00eb qend\u00ebr t\u00eb fshatit Vermosh. Burime b\u00ebjn\u00eb me dije se ngjarja ka ndodhur\u00a0pas mesat\u00ebs.<\/p>\n<p>Grabit\u00ebsit, pas largimit nga Vermoshi, m\u00ebsohet se kan\u00eb p\u00ebsuar aksident me automjet. N\u00eb fshatin Selc\u00eb kan\u00eb marr\u00eb nj\u00eb automjet tjet\u00ebr n\u00ebn k\u00ebrc\u00ebnimin e arm\u00ebs duke u drejtuar drejt pik\u00ebs kufitare t\u00eb Grabomit. Aty kan\u00eb braktisur automjetin dhe kan\u00eb ikur n\u00eb k\u00ebmb\u00eb n\u00eb drejtim t\u00eb Malit t\u00eb Zi.<\/p>\n<p><strong>Njoftimi i policis\u00eb<\/strong><\/p>\n<p>Rreth or\u00ebs 02.20, n\u00eb fshatin Vermosh, Mal\u00ebsi e Madhe, 2 persona ende t\u00eb paidentifikuar, kan\u00eb vjedhur me dhun\u00eb n\u00eb banes\u00ebn e shtetasit T. T., disa sende me vler\u00eb dhe nj\u00eb shum\u00eb parash. M\u00eb pas, k\u00ebta shtetas kan\u00eb marr\u00eb automjetin tip \u201cVolkswagen\u201d q\u00eb ka q\u00ebn\u00eb i parkuar n\u00eb oborrin e banes\u00ebs s\u00eb shtetasit T. T. dhe jan\u00eb larguar.<\/p>\n<p>Grupi hetimor vijon pun\u00ebn n\u00ebn drejtimin e Prokuroris\u00eb pran\u00eb Gjykat\u00ebs s\u00eb Rrethit Gjyq\u00ebsor Shkod\u00ebr, p\u00ebr zbardhjen dhe sqarimin e plot\u00eb t\u00eb rrethanave t\u00eb k\u00ebsaj ngjarjeje, si dhe identifikimin dhe kapjen e autor\u00ebve t\u00eb saj.<\/p>\n","protected":false},"excerpt":{"rendered":"<p>Nj\u00eb grabitje me dhun\u00eb ka ndodhur gjat\u00eb nat\u00ebs n\u00eb Vermosh. M\u00ebsohet se, dy t\u00eb moshuar jan\u00eb lidhur dhe grabitur nga persona t\u00eb armatosur dhe me maska. Pre e grabitjes kan\u00eb r\u00ebn\u00eb Tom Tinaj me bashk\u00ebshorten, n\u00eb qend\u00ebr t\u00eb fshatit Vermosh. Burime b\u00ebjn\u00eb me dije se ngjarja ka ndodhur\u00a0pas mesat\u00ebs. Grabit\u00ebsit, pas largimit nga Vermoshi, m\u00ebsohet &hellip;<\/p>\n","protected":false},"author":4,"featured_media":11730,"comment_status":"open","ping_status":"open","sticky":false,"template":"","format":"standard","meta":{"footnotes":""},"categories":[40],"tags":[],"class_list":["post-14040","post","type-post","status-publish","format-standard","has-post-thumbnail","","category-aktualitet"],"_links":{"self":[{"href":"https:\/\/rdnews.al\/index.php\/wp-json\/wp\/v2\/posts\/14040","targetHints":{"allow":["GET"]}}],"collection":[{"href":"https:\/\/rdnews.al\/index.php\/wp-json\/wp\/v2\/posts"}],"about":[{"href":"https:\/\/rdnews.al\/index.php\/wp-json\/wp\/v2\/types\/post"}],"author":[{"embeddable":true,"href":"https:\/\/rdnews.al\/index.php\/wp-json\/wp\/v2\/users\/4"}],"replies":[{"embeddable":true,"href":"https:\/\/rdnews.al\/index.php\/wp-json\/wp\/v2\/comments?post=14040"}],"version-history":[{"count":0,"href":"https:\/\/rdnews.al\/index.php\/wp-json\/wp\/v2\/posts\/14040\/revisions"}],"wp:featuredmedia":[{"embeddable":true,"href":"https:\/\/rdnews.al\/index.php\/wp-json\/wp\/v2\/media\/11730"}],"wp:attachment":[{"href":"https:\/\/rdnews.al\/index.php\/wp-json\/wp\/v2\/media?parent=14040"}],"wp:term":[{"taxonomy":"category","embeddable":true,"href":"https:\/\/rdnews.al\/index.php\/wp-json\/wp\/v2\/categories?post=14040"},{"taxonomy":"post_tag","embeddable":true,"href":"https:\/\/rdnews.al\/index.php\/wp-json\/wp\/v2\/tags?post=14040"}],"curies":[{"name":"wp","href":"https:\/\/api.w.org\/{rel}","templated":true}]}}