{"id":140759,"date":"2026-04-20T09:19:03","date_gmt":"2026-04-20T09:19:03","guid":{"rendered":"https:\/\/rdnews.al\/?p=140759"},"modified":"2026-04-20T09:19:03","modified_gmt":"2026-04-20T09:19:03","slug":"berisha-neser-zhvillohet-gjyqi-me-irena-gjoken-do-kete-padi-per-altin-troplinin","status":"publish","type":"post","link":"https:\/\/rdnews.al\/index.php\/2026\/04\/20\/berisha-neser-zhvillohet-gjyqi-me-irena-gjoken-do-kete-padi-per-altin-troplinin\/","title":{"rendered":"Berisha: Nes\u00ebr zhvillohet gjyqi me Irena Gjok\u00ebn, do ket\u00eb padi p\u00ebr Altin Troplinin&#8230;"},"content":{"rendered":"<p>Kryetari i PD, Sali Berisha, teksa paralajm\u00ebroi zhvillimin e seanc\u00ebn gjyq\u00ebsore me gjyqtaren Irena Gjoka, tha se gjithashtu do t\u00eb ket\u00eb edhe nj\u00eb padi p\u00ebr Altin Dumanin, p\u00ebr shkak se ky i fundit leht\u00ebsoi akuz\u00ebn ndaj gjyqtares s\u00eb GJKKO.<\/p>\n<p>Berisha n\u00eb deklarat\u00ebn p\u00ebr mediat nga SPAK, u shpreh se Dumani i ndryshoi veprat penale n\u00eb ngarkim t\u00eb gjyqtares Irena Gjoka, n\u00eb var\u00ebsi t\u00eb xhepit dhe qejfit.<\/p>\n<p><strong>Berisha:<\/strong> Po, duhet t\u2019u informoj se nes\u00ebr zhvillohet nj\u00eb gjyq n\u00eb gjykat\u00ebn speciale n\u00eb t\u00eb cil\u00ebn Irena Gjoka \u00ebsht\u00eb e paditur p\u00ebr falsifikim, \u00ebsht\u00eb e paditur p\u00ebr mashtrim, \u00ebsht\u00eb e paditur p\u00ebr t\u00eb gjitha veprat penale q\u00eb ka kryer dhe nga t\u00eb cilat e ekzonoroi n\u00eb m\u00ebnyr\u00eb t\u00eb padenj\u00eb, n\u00eb m\u00ebnyr\u00eb antiligjore Altin Troplini.<\/p>\n<p>Pas k\u00ebsaj do vazhdoj\u00eb nj\u00eb padi tjet\u00ebr e Altin Troplinit, i cili ndryshon veprat penale sipas xhepit dhe qejfit dhe e quan falsifikimin, shp\u00ebrdorim detyre.<\/p>\n<p>Falsifikimi \u00ebsht\u00eb falsifikimi n\u00eb \u00e7do legjislacion t\u00eb bot\u00ebs dhe ka nd\u00ebshkimin e vet.<\/p>\n","protected":false},"excerpt":{"rendered":"<p>Kryetari i PD, Sali Berisha, teksa paralajm\u00ebroi zhvillimin e seanc\u00ebn gjyq\u00ebsore me gjyqtaren Irena Gjoka, tha se gjithashtu do t\u00eb ket\u00eb edhe nj\u00eb padi p\u00ebr Altin Dumanin, p\u00ebr shkak se ky i fundit leht\u00ebsoi akuz\u00ebn ndaj gjyqtares s\u00eb GJKKO. Berisha n\u00eb deklarat\u00ebn p\u00ebr mediat nga SPAK, u shpreh se Dumani i ndryshoi veprat penale n\u00eb &hellip;<\/p>\n","protected":false},"author":4,"featured_media":140746,"comment_status":"closed","ping_status":"closed","sticky":false,"template":"","format":"standard","meta":{"footnotes":""},"categories":[37],"tags":[],"class_list":["post-140759","post","type-post","status-publish","format-standard","has-post-thumbnail","","category-politike"],"_links":{"self":[{"href":"https:\/\/rdnews.al\/index.php\/wp-json\/wp\/v2\/posts\/140759","targetHints":{"allow":["GET"]}}],"collection":[{"href":"https:\/\/rdnews.al\/index.php\/wp-json\/wp\/v2\/posts"}],"about":[{"href":"https:\/\/rdnews.al\/index.php\/wp-json\/wp\/v2\/types\/post"}],"author":[{"embeddable":true,"href":"https:\/\/rdnews.al\/index.php\/wp-json\/wp\/v2\/users\/4"}],"replies":[{"embeddable":true,"href":"https:\/\/rdnews.al\/index.php\/wp-json\/wp\/v2\/comments?post=140759"}],"version-history":[{"count":2,"href":"https:\/\/rdnews.al\/index.php\/wp-json\/wp\/v2\/posts\/140759\/revisions"}],"predecessor-version":[{"id":140761,"href":"https:\/\/rdnews.al\/index.php\/wp-json\/wp\/v2\/posts\/140759\/revisions\/140761"}],"wp:featuredmedia":[{"embeddable":true,"href":"https:\/\/rdnews.al\/index.php\/wp-json\/wp\/v2\/media\/140746"}],"wp:attachment":[{"href":"https:\/\/rdnews.al\/index.php\/wp-json\/wp\/v2\/media?parent=140759"}],"wp:term":[{"taxonomy":"category","embeddable":true,"href":"https:\/\/rdnews.al\/index.php\/wp-json\/wp\/v2\/categories?post=140759"},{"taxonomy":"post_tag","embeddable":true,"href":"https:\/\/rdnews.al\/index.php\/wp-json\/wp\/v2\/tags?post=140759"}],"curies":[{"name":"wp","href":"https:\/\/api.w.org\/{rel}","templated":true}]}}