{"id":14102,"date":"2022-06-02T11:35:53","date_gmt":"2022-06-02T11:35:53","guid":{"rendered":"https:\/\/rdnews.al\/?p=14102"},"modified":"2022-06-02T11:35:53","modified_gmt":"2022-06-02T11:35:53","slug":"berisha-perlotet-ne-lamtumiren-e-fundit-te-nishanit","status":"publish","type":"post","link":"https:\/\/rdnews.al\/index.php\/2022\/06\/02\/berisha-perlotet-ne-lamtumiren-e-fundit-te-nishanit\/","title":{"rendered":"Berisha p\u00ebrlotet n\u00eb lamtumir\u00ebn e fundit t\u00eb Nishanit"},"content":{"rendered":"<p>Ish-kryeministri Sali Berisha i p\u00ebrlotur mbajti fjal\u00ebn e lamtumir\u00ebs p\u00ebr ish-presidentin. Ai nuk i mbajti dot lot\u00ebt dhe nuk arriti q\u00eb t\u00eb mbyllte fjalimin q\u00eb kishte p\u00ebrgatitur.<\/p>\n<p>Kryetari i PD-s\u00eb, tha se jo vet\u00ebm ai q\u00eb humbi nj\u00eb mik dhe bashk\u00ebpun\u00ebtor, por edhe shqiptar\u00ebt nj\u00eb njeri t\u00eb ndersh\u00ebm dhe burr\u00ebshtetas q\u00eb la gjurm\u00eb.<\/p>\n<p>\u201cTi p\u00ebrs\u00ebri p\u00ebrsa koh\u00eb q\u00eb ne do t\u00eb jetojm\u00eb do t\u00eb mbetesh i gjall\u00eb mes nesh. Bujar Nishani, nderi i ndersh\u00ebm, qytetari i p\u00ebrgjegjsh\u00ebm, dhe i p\u00ebrkushtuar, demokrati i flak\u00eb dhe guximtar do t\u00eb jetojn\u00eb p\u00ebrgjithmon\u00eb me ne, drejtuesi i talentuar i PD-s\u00eb, burr\u00ebshtetasi fisnik, presidenti i aft\u00eb dhe dinjitoz.<\/p>\n<p>Pas k\u00ebsaj lamtumire, pas k\u00ebsaj ndarje t\u00eb dhimbshme dhe t\u00eb papritur, n\u00eb ndarjen me ty ne kemi humbur nj\u00eb pjes\u00eb t\u00eb \u00e7muar t\u00eb shpirtit dhe zemr\u00ebs ton\u00eb. Ne t\u00eb gjith\u00eb sot jemi m\u00eb t\u00eb pakt\u00eb n\u00eb vete\u201d tha ai.<\/p>\n<p>Bujar Nishani nd\u00ebrroi jet\u00eb dit\u00ebn e shtun\u00eb n\u00eb mosh\u00ebn 57-vje\u00e7are n\u00eb nj\u00eb spital n\u00eb Gjermani, si pasoj\u00eb e komplikacioneve nga koronavirusi.<\/p>\n<p>Bujar Nishani lindi m\u00eb 29 shtator 1966 dhe mandatin presidencial e mori n\u00eb 24 korrik 2012 dhe e p\u00ebrmbylli m\u00eb 24 korrik 2017.<\/p>\n<p>Ai ishte presidenti i gjasht\u00eb i Shqip\u00ebris\u00eb.<\/p>\n","protected":false},"excerpt":{"rendered":"<p>Ish-kryeministri Sali Berisha i p\u00ebrlotur mbajti fjal\u00ebn e lamtumir\u00ebs p\u00ebr ish-presidentin. Ai nuk i mbajti dot lot\u00ebt dhe nuk arriti q\u00eb t\u00eb mbyllte fjalimin q\u00eb kishte p\u00ebrgatitur. Kryetari i PD-s\u00eb, tha se jo vet\u00ebm ai q\u00eb humbi nj\u00eb mik dhe bashk\u00ebpun\u00ebtor, por edhe shqiptar\u00ebt nj\u00eb njeri t\u00eb ndersh\u00ebm dhe burr\u00ebshtetas q\u00eb la gjurm\u00eb. \u201cTi p\u00ebrs\u00ebri &hellip;<\/p>\n","protected":false},"author":5,"featured_media":14104,"comment_status":"open","ping_status":"open","sticky":false,"template":"","format":"standard","meta":{"footnotes":""},"categories":[37],"tags":[],"class_list":["post-14102","post","type-post","status-publish","format-standard","has-post-thumbnail","","category-politike"],"_links":{"self":[{"href":"https:\/\/rdnews.al\/index.php\/wp-json\/wp\/v2\/posts\/14102","targetHints":{"allow":["GET"]}}],"collection":[{"href":"https:\/\/rdnews.al\/index.php\/wp-json\/wp\/v2\/posts"}],"about":[{"href":"https:\/\/rdnews.al\/index.php\/wp-json\/wp\/v2\/types\/post"}],"author":[{"embeddable":true,"href":"https:\/\/rdnews.al\/index.php\/wp-json\/wp\/v2\/users\/5"}],"replies":[{"embeddable":true,"href":"https:\/\/rdnews.al\/index.php\/wp-json\/wp\/v2\/comments?post=14102"}],"version-history":[{"count":0,"href":"https:\/\/rdnews.al\/index.php\/wp-json\/wp\/v2\/posts\/14102\/revisions"}],"wp:featuredmedia":[{"embeddable":true,"href":"https:\/\/rdnews.al\/index.php\/wp-json\/wp\/v2\/media\/14104"}],"wp:attachment":[{"href":"https:\/\/rdnews.al\/index.php\/wp-json\/wp\/v2\/media?parent=14102"}],"wp:term":[{"taxonomy":"category","embeddable":true,"href":"https:\/\/rdnews.al\/index.php\/wp-json\/wp\/v2\/categories?post=14102"},{"taxonomy":"post_tag","embeddable":true,"href":"https:\/\/rdnews.al\/index.php\/wp-json\/wp\/v2\/tags?post=14102"}],"curies":[{"name":"wp","href":"https:\/\/api.w.org\/{rel}","templated":true}]}}