{"id":141036,"date":"2026-04-23T09:01:04","date_gmt":"2026-04-23T09:01:04","guid":{"rendered":"https:\/\/rdnews.al\/?p=141036"},"modified":"2026-04-23T09:01:04","modified_gmt":"2026-04-23T09:01:04","slug":"berisha-heqja-e-imunitetit-te-ballukut-dhe-dergimi-i-linda-rames-para-skapit-i-hapin-rrugen-integrimit","status":"publish","type":"post","link":"https:\/\/rdnews.al\/index.php\/2026\/04\/23\/berisha-heqja-e-imunitetit-te-ballukut-dhe-dergimi-i-linda-rames-para-skapit-i-hapin-rrugen-integrimit\/","title":{"rendered":"Berisha: Heqja e imunitetit t\u00eb Ballukut dhe d\u00ebrgimi i Linda Ram\u00ebs para Skapit i hapin rrug\u00ebn integrimit!"},"content":{"rendered":"<p>Lideri i opozit\u00ebs, Sali Berisha gjat\u00eb fjal\u00ebs n\u00eb Kuvend tha se, heqja e imunitetit t\u00eb Ballukut dhe d\u00ebrgimi i Linda Ram\u00ebs para Skapit i hapin rrug\u00ebn integrimit. Ai tha se, nafta dhe integrimi jan\u00eb dy \u00e7\u00ebshtjet q\u00eb u interesojn\u00eb shqiptar\u00ebve!<\/p>\n<p><strong>Berisha:<\/strong> T\u00eb dashur qytetar\u00eb dhe qytetare, Edi Rama me vasal\u00ebt e tij n\u00eb k\u00ebt\u00eb parlament b\u00ebjn\u00eb gjith\u00e7ka q\u00eb ta nxjerrin parlamentin jasht\u00eb koh\u00eb, q\u00eb t\u2019i imponoj\u00eb parlamentit nj\u00eb axhend\u00eb e cila nuk ka asgj\u00eb t\u00eb p\u00ebrbashk\u00ebt me interesat tuaja.<\/p>\n<p>Sot, dy jan\u00eb \u00e7\u00ebshtjet m\u00eb themelore q\u00eb u interesojn\u00eb qytetar\u00ebve shqiptar\u00eb, nafta dhe integrimi europian.<\/p>\n<p>Integrimin evropian ju e mbyll\u00ebt, d\u00ebrgoni posht\u00eb e p\u00ebrpjet\u00eb t\u00eb deleguar t\u00eb diskredituar, t\u00eb cil\u00ebt jo q\u00eb nuk u zgjidhin ju pun\u00eb, por p\u00ebrkundrazi neverisin t\u00eb gjith\u00eb ata q\u00eb i takojn\u00eb.<\/p>\n<p>E bazoni n\u00eb telefonata hektike t\u00eb nj\u00eb njeriu q\u00eb uroj q\u00eb t\u00eb mos i marr\u00eb m\u00eb n\u00eb telefon, q\u00eb i kap dhe nuk i l\u00ebshon n\u00eb telefon.<\/p>\n<p>Por ky nuk \u00ebsht\u00eb procesi i integrimit.<\/p>\n<p>Procesi i integrimit \u00ebsht\u00eb p\u00ebr momentin heqja menj\u00ebher\u00eb e imunitetit t\u00eb Lubi Ballukut dhe d\u00ebrgimi i saj atje ku k\u00ebrkon Spaku.<\/p>\n<p>\u00cbsht\u00eb paraqitja para Skapit e Linda Ram\u00ebs, arkitektes s\u00eb v\u00ebrtet\u00eb t\u00eb kopshtit privat t\u00eb Edi Ram\u00ebs.<\/p>\n<p>Ju mund t\u00eb gjeni prokuror\u00eb q\u00eb fsheh dokumentet dhe e p\u00ebrjashton Lind\u00ebn, po, por problemi \u00ebsht\u00eb se dosja \u00ebsht\u00eb n\u00eb t\u00eb gjith\u00eb Europ\u00ebn.<\/p>\n<p>Dosja e AKSHI-t dhe e Lubis\u00eb jan\u00eb dosje evropiane dhe bot\u00ebrore.<\/p>\n<p>Ju mund t\u00eb hiqni k\u00eb t\u00eb doni dhe t\u00eb vini k\u00eb t\u00eb doni, por dosjet jan\u00eb aty.<\/p>\n<p>Ju e mor\u00ebt vesh \u00e7far\u00eb deklaroi komisionerja dje.<\/p>\n<p>P\u00ebrg\u00ebzoi Malin e Zi q\u00eb filloi hartimin e traktatit dhe vazhdoi me nj\u00eb fraz\u00eb pa cituar Shqip\u00ebrin\u00eb, lufta kund\u00ebr korrupsionit dhe shteti ligjor, vet\u00ebkuptohej Shqip\u00ebria, mbetet n\u00eb themelet e k\u00ebtij procesi.<\/p>\n<p>Ndaj dhe nuk ke nd\u00ebrmend, por t\u00eb pakt\u00ebn ne u themi shqiptar\u00ebve se parlamenti \u00ebsht\u00eb jasht\u00eb problematik\u00ebs tuaj.<\/p>\n<p>Po nafta? 150 lek\u00eb shitet n\u00eb Maqedoni sepse Maqedonia mori masa t\u00eb tjera pas rritjes s\u00eb \u00e7mimit.<\/p>\n<p>Dhe kjo shitet p\u00ebr t\u00eb gjith\u00eb qytetar\u00ebt. P\u00ebr fermer\u00ebt shitet shum\u00eb m\u00eb lir\u00eb.<\/p>\n<p>E keni shnd\u00ebrruar n\u00eb nj\u00eb nd\u00ebshkim p\u00ebr shqiptar\u00ebt.<\/p>\n<p>A mundet parlamenti t\u00eb kap\u00ebrcej\u00eb k\u00ebt\u00eb \u00e7\u00ebshtje?<\/p>\n<p>Mos harroni nj\u00eb gj\u00eb se q\u00ebndrimet q\u00eb mbajn\u00eb dhe u b\u00ebjn\u00eb fajtor\u00eb, jeni krim n\u00eb vazhdim, jeni krim n\u00eb bashk\u00ebpunim.<\/p>\n<p>Po, po, u garantoj un\u00eb ju.<\/p>\n<p>Nes\u00ebr Edi Rama paditet si mashtrues publik!<\/p>\n","protected":false},"excerpt":{"rendered":"<p>Lideri i opozit\u00ebs, Sali Berisha gjat\u00eb fjal\u00ebs n\u00eb Kuvend tha se, heqja e imunitetit t\u00eb Ballukut dhe d\u00ebrgimi i Linda Ram\u00ebs para Skapit i hapin rrug\u00ebn integrimit. Ai tha se, nafta dhe integrimi jan\u00eb dy \u00e7\u00ebshtjet q\u00eb u interesojn\u00eb shqiptar\u00ebve! Berisha: T\u00eb dashur qytetar\u00eb dhe qytetare, Edi Rama me vasal\u00ebt e tij n\u00eb k\u00ebt\u00eb parlament &hellip;<\/p>\n","protected":false},"author":4,"featured_media":141037,"comment_status":"closed","ping_status":"closed","sticky":false,"template":"","format":"standard","meta":{"footnotes":""},"categories":[37],"tags":[],"class_list":["post-141036","post","type-post","status-publish","format-standard","has-post-thumbnail","","category-politike"],"_links":{"self":[{"href":"https:\/\/rdnews.al\/index.php\/wp-json\/wp\/v2\/posts\/141036","targetHints":{"allow":["GET"]}}],"collection":[{"href":"https:\/\/rdnews.al\/index.php\/wp-json\/wp\/v2\/posts"}],"about":[{"href":"https:\/\/rdnews.al\/index.php\/wp-json\/wp\/v2\/types\/post"}],"author":[{"embeddable":true,"href":"https:\/\/rdnews.al\/index.php\/wp-json\/wp\/v2\/users\/4"}],"replies":[{"embeddable":true,"href":"https:\/\/rdnews.al\/index.php\/wp-json\/wp\/v2\/comments?post=141036"}],"version-history":[{"count":2,"href":"https:\/\/rdnews.al\/index.php\/wp-json\/wp\/v2\/posts\/141036\/revisions"}],"predecessor-version":[{"id":141039,"href":"https:\/\/rdnews.al\/index.php\/wp-json\/wp\/v2\/posts\/141036\/revisions\/141039"}],"wp:featuredmedia":[{"embeddable":true,"href":"https:\/\/rdnews.al\/index.php\/wp-json\/wp\/v2\/media\/141037"}],"wp:attachment":[{"href":"https:\/\/rdnews.al\/index.php\/wp-json\/wp\/v2\/media?parent=141036"}],"wp:term":[{"taxonomy":"category","embeddable":true,"href":"https:\/\/rdnews.al\/index.php\/wp-json\/wp\/v2\/categories?post=141036"},{"taxonomy":"post_tag","embeddable":true,"href":"https:\/\/rdnews.al\/index.php\/wp-json\/wp\/v2\/tags?post=141036"}],"curies":[{"name":"wp","href":"https:\/\/api.w.org\/{rel}","templated":true}]}}