{"id":141043,"date":"2026-04-23T09:20:25","date_gmt":"2026-04-23T09:20:25","guid":{"rendered":"https:\/\/rdnews.al\/?p=141043"},"modified":"2026-04-23T09:20:25","modified_gmt":"2026-04-23T09:20:25","slug":"spak-zgjat-edhe-tre-muaj-hetimet-per-belinda-ballukun","status":"publish","type":"post","link":"https:\/\/rdnews.al\/index.php\/2026\/04\/23\/spak-zgjat-edhe-tre-muaj-hetimet-per-belinda-ballukun\/","title":{"rendered":"SPAK zgjat edhe tre muaj hetimet p\u00ebr Belinda Ballukun"},"content":{"rendered":"<p>Prokuroria e Posa\u00e7me ka zgjatur me 3 muaj hetimet p\u00ebr ish-ministren e Infrastruktur\u00ebs dhe Energjis\u00eb dhe ish- kryeministren Belinda Balluku.<\/p>\n<p>Raportohet se nj\u00eb hap i till\u00eb \u00ebsht\u00eb arsyetuar nga SPAK me nevoj\u00ebn p\u00ebr t\u00eb pasur m\u00eb shum\u00eb koh\u00eb n\u00eb dispozicion p\u00ebr veprime t\u00eb tjera hetimore.<\/p>\n<p>Balluku \u00ebsht\u00eb pezulluar nga detyrat e saj duke mbajtur aktualisht vet\u00ebm postin e deputetes n\u00eb Kuvendin e Shqip\u00ebris\u00eb, nd\u00ebrkoh\u00eb q\u00eb kujtojm\u00eb q\u00eb k\u00ebrkesa e dor\u00ebzuar m\u00eb par\u00eb nga SPAK p\u00ebr heqjen e imunitetit dhe arrestimin e saj, u hodh posht\u00eb nga mazhoranca me forc\u00ebn e kartonit.<\/p>\n<p>Ish-kryeministrja p\u00ebrballet me akuzat p\u00ebr shkelje e barazis\u00eb s\u00eb pjes\u00ebmarr\u00ebsve n\u00eb tendera apo ankande publike\u201d, e kryer n\u00eb bashk\u00ebpunim, n\u00eb lidhje tenderin p\u00ebr nd\u00ebrtimin e tunelit t\u00eb Llogaras\u00eb dhe n\u00ebn hetim p\u00ebr tendera n\u00eb Unaz\u00ebn e Madhe.<\/p>\n","protected":false},"excerpt":{"rendered":"<p>Prokuroria e Posa\u00e7me ka zgjatur me 3 muaj hetimet p\u00ebr ish-ministren e Infrastruktur\u00ebs dhe Energjis\u00eb dhe ish- kryeministren Belinda Balluku. Raportohet se nj\u00eb hap i till\u00eb \u00ebsht\u00eb arsyetuar nga SPAK me nevoj\u00ebn p\u00ebr t\u00eb pasur m\u00eb shum\u00eb koh\u00eb n\u00eb dispozicion p\u00ebr veprime t\u00eb tjera hetimore. Balluku \u00ebsht\u00eb pezulluar nga detyrat e saj duke mbajtur aktualisht &hellip;<\/p>\n","protected":false},"author":4,"featured_media":128931,"comment_status":"closed","ping_status":"closed","sticky":false,"template":"","format":"standard","meta":{"footnotes":""},"categories":[37],"tags":[],"class_list":["post-141043","post","type-post","status-publish","format-standard","has-post-thumbnail","","category-politike"],"_links":{"self":[{"href":"https:\/\/rdnews.al\/index.php\/wp-json\/wp\/v2\/posts\/141043","targetHints":{"allow":["GET"]}}],"collection":[{"href":"https:\/\/rdnews.al\/index.php\/wp-json\/wp\/v2\/posts"}],"about":[{"href":"https:\/\/rdnews.al\/index.php\/wp-json\/wp\/v2\/types\/post"}],"author":[{"embeddable":true,"href":"https:\/\/rdnews.al\/index.php\/wp-json\/wp\/v2\/users\/4"}],"replies":[{"embeddable":true,"href":"https:\/\/rdnews.al\/index.php\/wp-json\/wp\/v2\/comments?post=141043"}],"version-history":[{"count":1,"href":"https:\/\/rdnews.al\/index.php\/wp-json\/wp\/v2\/posts\/141043\/revisions"}],"predecessor-version":[{"id":141044,"href":"https:\/\/rdnews.al\/index.php\/wp-json\/wp\/v2\/posts\/141043\/revisions\/141044"}],"wp:featuredmedia":[{"embeddable":true,"href":"https:\/\/rdnews.al\/index.php\/wp-json\/wp\/v2\/media\/128931"}],"wp:attachment":[{"href":"https:\/\/rdnews.al\/index.php\/wp-json\/wp\/v2\/media?parent=141043"}],"wp:term":[{"taxonomy":"category","embeddable":true,"href":"https:\/\/rdnews.al\/index.php\/wp-json\/wp\/v2\/categories?post=141043"},{"taxonomy":"post_tag","embeddable":true,"href":"https:\/\/rdnews.al\/index.php\/wp-json\/wp\/v2\/tags?post=141043"}],"curies":[{"name":"wp","href":"https:\/\/api.w.org\/{rel}","templated":true}]}}