{"id":141045,"date":"2026-04-23T09:24:37","date_gmt":"2026-04-23T09:24:37","guid":{"rendered":"https:\/\/rdnews.al\/?p=141045"},"modified":"2026-04-23T09:24:37","modified_gmt":"2026-04-23T09:24:37","slug":"kellici-e-keni-kthyer-shqiperine-ne-qender-te-pastrimit-te-parave","status":"publish","type":"post","link":"https:\/\/rdnews.al\/index.php\/2026\/04\/23\/kellici-e-keni-kthyer-shqiperine-ne-qender-te-pastrimit-te-parave\/","title":{"rendered":"K\u00eblli\u00e7i: E keni kthyer Shqip\u00ebrin\u00eb n\u00eb qend\u00ebr t\u00eb pastrimit t\u00eb parave!"},"content":{"rendered":"<p>Deputeti i PD, Belind K\u00eblli\u00e7i, gjat\u00eb fjal\u00ebs s\u00eb tij n\u00eb seanc\u00ebn e sotme plenare tha se mazhoranca po shmang debatet parlamentare dhe po refuzon t\u00eb jap\u00eb llogari p\u00ebr \u00e7\u00ebshtje t\u00eb r\u00ebnd\u00ebsishme q\u00eb prekin qytetar\u00ebt dhe institucionet e vendit.<\/p>\n<p>Gjat\u00eb diskutimit n\u00eb Kuvend, K\u00eblli\u00e7i ngriti kritika t\u00eb forta ndaj qeveris\u00eb, ku tha se kryeministri ka munguar n\u00eb m\u00ebnyr\u00eb t\u00eb p\u00ebrs\u00ebritur n\u00eb seancat plenare dhe se k\u00ebrkesat e opozit\u00ebs p\u00ebr interpelanc\u00eb po rr\u00ebzohen sistematikisht, duke kufizuar transparenc\u00ebn dhe debatin parlamentar.<\/p>\n<p>\u201cTani k\u00ebtu un\u00eb doja t\u00eb flisja p\u00ebr procedur\u00eb, p\u00ebr rendin e dit\u00ebs, p\u00ebr \u00e7\u00ebshtje themelore, p\u00ebr faktin q\u00eb kryeministri n\u00eb tet\u00eb muaj ka qen\u00eb n\u00eb k\u00ebt\u00eb sall\u00eb vet\u00ebm dy her\u00eb, p\u00ebr faktin q\u00eb sa her\u00eb q\u00eb k\u00ebtu ka k\u00ebrkesa p\u00ebr interpelanc\u00eb, gjendet nj\u00eb arsye p\u00ebr t&#8217;u rr\u00ebzuar k\u00ebto k\u00ebrkesa.<\/p>\n<p>Mund t\u00eb jeni e vetmja qeveri n\u00eb bot\u00eb q\u00eb nuk k\u00ebrkoni dhe nuk d\u00ebshironi t\u00eb flisni p\u00ebr arritjet tuaja, p\u00ebr programin tuaj, p\u00ebr pun\u00ebt q\u00eb b\u00ebni. Se krenoheni q\u00eb b\u00ebni pun\u00eb.<\/p>\n<p>Kisha, kisha p\u00ebr t\u00eb folur p\u00ebr rendin e dit\u00ebs, p\u00ebr \u00e7\u00ebshtje q\u00eb jan\u00eb themelore, p\u00ebr AKSHI-n. Keni nj\u00eb shembull shum\u00eb t\u00eb fresk\u00ebt nga Greqia dit\u00ebn e djeshme, ku nga dje 12 deputet\u00eb nuk e kan\u00eb imunitetin, ju hoq imuniteti n\u00eb parlamentin grek, p\u00ebr shkak se dyshohen t\u00eb p\u00ebrfshir\u00eb n\u00eb afera korruptive.<\/p>\n<p>Nd\u00ebrkoh\u00eb, n\u00eb Shqip\u00ebri, se para pak u fol aty n\u00eb foltore nga kreu i grupit parlamentar tuaj, p\u00ebr arritje imagjinare.<\/p>\n<p>Shqip\u00ebria p\u00ebr pak i bie q\u00eb ne jemi vend an\u00ebtar i BE-s\u00eb, me sa d\u00ebgjova. Po k\u00ebto jan\u00eb mashtrime, po jan\u00eb skandaloze, duhet p\u00ebrgjegj\u00ebsi e madhe t\u00eb g\u00ebnjesh n\u00eb k\u00ebt\u00eb form\u00eb mo.<\/p>\n<p>Si flet ti, ti e ke kthyer Shqip\u00ebrin\u00eb n\u00eb vendin ky\u00e7 t\u00eb pastrimit t\u00eb parave? Shqip\u00ebria sot, po kaloni sot jemi n\u00eb pik\u00ebn q\u00eb po kaloni t\u00eb par\u00ebn bank\u00eb dixhitale, q\u00eb dhe aty nuk kthen, p\u00ebr her\u00eb t\u00eb par\u00eb Banka e Shqip\u00ebris\u00eb nuk kthen p\u00ebrgjigje.<\/p>\n<p>Jemi n\u00eb faz\u00ebn q\u00eb kemi hapur grup kapitujt, kemi hapur edhe grup kapitujt e tregut t\u00eb brendsh\u00ebm.<\/p>\n<p>Do jet\u00eb kjo arsye, mbajeni mend, kjo banka dixhitale q\u00eb keni kaluar, Jet Bank, do jet\u00eb arsye q\u00eb do shtyhen negociatat. Mbajen mend k\u00ebtu, k\u00ebtu do jemi. Dhe nuk flisni kurr\u00eb.<\/p>\n<p>K\u00ebtu \u00ebsht\u00eb nj\u00eb vend, parafol\u00ebsi q\u00eb foli p\u00ebr integrimin e Shqip\u00ebris\u00eb n\u00eb hap\u00ebsir\u00ebn imagjinare q\u00eb ai ka t\u00eb Bashkimit Europian, harron q\u00eb ore vet\u00ebm dje foli komisionerja p\u00ebr zgjerim, Marta Kos p\u00ebrmendi vet\u00ebm Malin e Zi. P\u00ebrmendet Islanda, p\u00ebrmendet Moldavia, Shqip\u00ebria nuk ekziston m\u00eb.<\/p>\n<p>Dhe ky \u00ebsht\u00eb nj\u00eb problem, ky \u00ebsht\u00eb nj\u00eb problem q\u00eb na p\u00ebrket t\u00eb gjith\u00ebve.<\/p>\n<p>Por nuk mund t\u00eb vazhdojm\u00eb k\u00ebtu t\u00eb g\u00ebnjejm\u00eb opinionin publik, g\u00ebnjejm\u00eb qytetar\u00ebt, g\u00ebnjejm\u00eb dhe nj\u00ebri-tjetrin dhe fshihemi pas artificave, jo ke dhe 10 sekonda, jo ke dhe 12 sekonda, jo 30 sekonda.<\/p>\n<p>Rrim\u00eb k\u00ebtu ta gdhim\u00eb po qe e nevojshme, t\u00eb ezaurojm\u00eb t\u00eb gjith\u00eb problemet q\u00eb realisht prekin qytetar\u00ebt. Ore duhet t\u00eb flasim p\u00ebr AKSHI-n k\u00ebtu.<\/p>\n<p>Kryeministri t\u00eb ka b\u00ebr\u00eb avokatin\u00eb e Mirlinda Kar\u00e7anajt, ka th\u00ebn\u00eb, \u00ebsht\u00eb e pastreh\u00eb, nuk di t&#8217;i jap\u00eb makin\u00ebs, nuk ka makin\u00eb. D<\/p>\n<p>oli zonja n\u00eb fjal\u00eb me kat\u00ebr vila, me shofer privat, me dhjet\u00ebra mij\u00ebra metra truall n\u00eb pron\u00ebsi. Ore mban njeri p\u00ebrgjegj\u00ebsi?&#8221;, u shpreh K\u00eblli\u00e7i.<\/p>\n","protected":false},"excerpt":{"rendered":"<p>Deputeti i PD, Belind K\u00eblli\u00e7i, gjat\u00eb fjal\u00ebs s\u00eb tij n\u00eb seanc\u00ebn e sotme plenare tha se mazhoranca po shmang debatet parlamentare dhe po refuzon t\u00eb jap\u00eb llogari p\u00ebr \u00e7\u00ebshtje t\u00eb r\u00ebnd\u00ebsishme q\u00eb prekin qytetar\u00ebt dhe institucionet e vendit. Gjat\u00eb diskutimit n\u00eb Kuvend, K\u00eblli\u00e7i ngriti kritika t\u00eb forta ndaj qeveris\u00eb, ku tha se kryeministri ka munguar &hellip;<\/p>\n","protected":false},"author":4,"featured_media":139947,"comment_status":"closed","ping_status":"closed","sticky":false,"template":"","format":"standard","meta":{"footnotes":""},"categories":[37],"tags":[],"class_list":["post-141045","post","type-post","status-publish","format-standard","has-post-thumbnail","","category-politike"],"_links":{"self":[{"href":"https:\/\/rdnews.al\/index.php\/wp-json\/wp\/v2\/posts\/141045","targetHints":{"allow":["GET"]}}],"collection":[{"href":"https:\/\/rdnews.al\/index.php\/wp-json\/wp\/v2\/posts"}],"about":[{"href":"https:\/\/rdnews.al\/index.php\/wp-json\/wp\/v2\/types\/post"}],"author":[{"embeddable":true,"href":"https:\/\/rdnews.al\/index.php\/wp-json\/wp\/v2\/users\/4"}],"replies":[{"embeddable":true,"href":"https:\/\/rdnews.al\/index.php\/wp-json\/wp\/v2\/comments?post=141045"}],"version-history":[{"count":1,"href":"https:\/\/rdnews.al\/index.php\/wp-json\/wp\/v2\/posts\/141045\/revisions"}],"predecessor-version":[{"id":141046,"href":"https:\/\/rdnews.al\/index.php\/wp-json\/wp\/v2\/posts\/141045\/revisions\/141046"}],"wp:featuredmedia":[{"embeddable":true,"href":"https:\/\/rdnews.al\/index.php\/wp-json\/wp\/v2\/media\/139947"}],"wp:attachment":[{"href":"https:\/\/rdnews.al\/index.php\/wp-json\/wp\/v2\/media?parent=141045"}],"wp:term":[{"taxonomy":"category","embeddable":true,"href":"https:\/\/rdnews.al\/index.php\/wp-json\/wp\/v2\/categories?post=141045"},{"taxonomy":"post_tag","embeddable":true,"href":"https:\/\/rdnews.al\/index.php\/wp-json\/wp\/v2\/tags?post=141045"}],"curies":[{"name":"wp","href":"https:\/\/api.w.org\/{rel}","templated":true}]}}