{"id":141212,"date":"2026-04-24T18:04:14","date_gmt":"2026-04-24T18:04:14","guid":{"rendered":"https:\/\/rdnews.al\/?p=141212"},"modified":"2026-04-24T18:04:14","modified_gmt":"2026-04-24T18:04:14","slug":"bylykbashi-porti-i-durresit-aset-strategjik-kombetar-nen-rrezik-dhe-mungese-vizioni-shteteror","status":"publish","type":"post","link":"https:\/\/rdnews.al\/index.php\/2026\/04\/24\/bylykbashi-porti-i-durresit-aset-strategjik-kombetar-nen-rrezik-dhe-mungese-vizioni-shteteror\/","title":{"rendered":"Bylykbashi: Porti i Durr\u00ebsit aset strategjik komb\u00ebtar n\u00ebn rrezik dhe munges\u00eb vizioni shtet\u00ebror"},"content":{"rendered":"<p>Deputeti i PD, Oerd Bylykbashi, ka deklaruar se Porti i Durr\u00ebsit mbetet nj\u00eb nga asetet m\u00eb t\u00eb r\u00ebnd\u00ebsishme strategjike t\u00eb Shqip\u00ebris\u00eb, por sipas tij, ai \u00ebsht\u00eb l\u00ebn\u00eb n\u00eb nj\u00eb gjendje t\u00eb rrezikshme p\u00ebr shkak t\u00eb munges\u00ebs s\u00eb vizionit dhe nd\u00ebrhyrjeve q\u00eb kan\u00eb d\u00ebmtuar zhvillimin e tij.<\/p>\n<p>Gjat\u00eb diskutimit n\u00eb tryez\u00ebn me departamentin \u201cBrain Gain\u201d t\u00eb PD-s\u00eb, Bylykbashi theksoi se porti historikisht ka qen\u00eb nyje ky\u00e7e q\u00eb lidh Shqip\u00ebrin\u00eb me Per\u00ebndimin dhe Lindjen, nd\u00ebrsa ngriti shqet\u00ebsimin p\u00ebr m\u00ebnyr\u00ebn se si \u00ebsht\u00eb trajtuar n\u00eb dekadat e fundit, duke e cil\u00ebsuar si \u00e7\u00ebshtje me r\u00ebnd\u00ebsi komb\u00ebtare dhe gjeostrategjike.<\/p>\n<p><strong>Oerd Bylykbashki:\u00a0<\/strong>Kam k\u00ebnaq\u00ebsin\u00eb q\u00eb si deputeti i qarkut t\u00eb Durr\u00ebsit, si drejtues politik n\u00eb at\u00eb qark, po si qytetar mbi t\u00eb gjitha i atij qyteti, t\u00eb marr fjal\u00ebn dhe t\u00eb b\u00ebj nj\u00eb nd\u00ebrhyrje. Do p\u00ebrpiqem t\u00eb jem i shkurt\u00ebr. Sigurisht \u00ebsht\u00eb nj\u00eb diskutim i cili do t\u00eb k\u00ebrkonte kontributin e nj\u00eb numri gjithmon\u00eb m\u00eb t\u00eb madh ekspert\u00ebsh n\u00eb fusha t\u00eb ndryshme, t\u00eb cil\u00ebt porti n\u00eb m\u00ebnyr\u00eb natyrale i mbledh s\u00eb bashku, sepse \u00ebsht\u00eb v\u00ebrtet nj\u00eb nga \u00e7\u00ebshtjet m\u00eb t\u00eb m\u00ebdha, ashtu si\u00e7 e tha dhe zoti Berisha, nj\u00eb nga \u00e7\u00ebshtjet m\u00eb t\u00eb m\u00ebdha t\u00eb nj\u00eb karakteri strategjik, komb\u00ebtar p\u00ebr Shqip\u00ebrin\u00eb. Sigurisht q\u00eb mund t\u00eb trajtohet n\u00eb aspekte m\u00eb t\u00eb vogla t\u00eb saj, gjithmon\u00eb t\u00eb m\u00ebdha, si\u00e7 \u00ebsht\u00eb historia e korrupsionit apo shkat\u00ebrrimi i kapaciteteve ekonomike e t\u00eb tjer\u00eb, por mbi t\u00eb gjitha mbetet nj\u00eb \u00e7\u00ebshtje me karakter strategjik komb\u00ebtar. Dhe me k\u00ebto tryeza q\u00eb Partia Demokratike po krijon, un\u00eb shpresoj shum\u00eb q\u00eb po, po krijon nj\u00ebra pas tjetr\u00ebs, un\u00eb shpresoj shum\u00eb q\u00eb t\u00eb jap\u00eb platform\u00eb dhe t\u00eb ngacmoj\u00eb gjithmon\u00eb m\u00eb shum\u00eb debatin, diskutimin p\u00ebr k\u00ebt\u00eb \u00e7\u00ebshtje.<\/p>\n<p>30 vite m\u00eb par\u00eb un\u00eb kam filluar karrier\u00ebn time profesionale n\u00eb nj\u00eb nga kompanit\u00eb shtet\u00ebrore t\u00eb suksesshme t\u00eb asaj kohe n\u00eb portin e Durr\u00ebsit dhe kam pasur k\u00ebnaq\u00ebsin\u00eb q\u00eb bashk\u00eb me mikun dhe kolegun q\u00eb sot \u00ebsht\u00eb k\u00ebtu, ekspert i pavarur, q\u00eb e njeh shum\u00eb mir\u00eb funksionimin e portit t\u00eb Durr\u00ebsit, zotin Doranin Agalliu, kemi punuar n\u00eb at\u00eb koh\u00eb n\u00eb vitet \u201896, \u201898. Koh\u00eb kur flitesh me entuziaz\u00ebm p\u00ebr korridorin tet\u00eb. P\u00ebr mund\u00ebsit\u00eb e zhvillimit dhe b\u00ebrjen, rikthimin e Durr\u00ebsit n\u00eb nj\u00eb qytet, n\u00eb nj\u00eb nyje strategjike t\u00eb jasht\u00ebzakonshme. V\u00ebrtet\u00eb n\u00eb tekstet e historis\u00eb ose n\u00eb tekstet e asaj q\u00eb flitej gjat\u00eb viteve \u201880, flitej q\u00eb Durr\u00ebsi ishte nj\u00eb nyje transporti dhe nyje ekonomike, por gjithmon\u00eb brenda nj\u00eb vendi q\u00eb ishte krejt\u00ebsisht i mbyllur. Nd\u00ebrkoh\u00eb q\u00eb ende sot, diskutimi mund t\u00eb jet\u00eb, Durr\u00ebsi ka lindur, qyteti ka prodhuar portin apo porti qytetin? Ajo q\u00eb bien shumica dakord \u00ebsht\u00eb q\u00eb \u00ebsht\u00eb porti n\u00eb qend\u00ebr. Ai port aty n\u00eb at\u00eb zon\u00eb \u00ebsht\u00eb ai q\u00eb p\u00ebrcaktoi dhe zhvillimin e atij qyteti. Ai port dhe ai qytet, duke u lidhur dhe me titullin e k\u00ebsaj tryeze, si shp\u00ebtohet Durr\u00ebsi, strategjia p\u00ebr portin, ka ekzistuar kur Shqip\u00ebria nuk ekzistonte. Ka vendosur n\u00eb hart\u00eb praktikisht Shqip\u00ebrin\u00eb n\u00eb 3000 vitet e fundit. Ka qen\u00eb, ka qen\u00eb, \u00ebsht\u00eb dhe do t\u00eb jet\u00eb, duhet t\u00eb jet\u00eb patjet\u00ebr pika e kordonit ombelikal q\u00eb lidh Shqip\u00ebrin\u00eb me oksidentin, me per\u00ebndimin. Por q\u00eb gjithashtu lidh per\u00ebndimin me lindjen.<\/p>\n<p>E till\u00eb ka qen\u00eb, t\u00eb till\u00eb duhet ta mbajm\u00eb. Prandaj dhe ky, ky shqet\u00ebsim i madh q\u00eb ne v\u00ebm\u00eb p\u00ebrpara opinionit publik lidhet pik\u00ebrisht me k\u00ebt\u00eb, si mund ta ruajm\u00eb k\u00ebt\u00eb aset t\u00eb jasht\u00ebzakonsh\u00ebm? Ashtu si\u00e7 e tha zoti Berisha, \u00ebsht\u00eb aseti m\u00eb i madh i vet\u00ebm n\u00eb nj\u00eb dor\u00eb t\u00eb vetme, strategjik q\u00eb ka ky vend. Jo m\u00eb kot edhe t\u00eb gjitha st\u00ebrvitjet e m\u00ebdha ushtarake t\u00eb NATO-s, Defender, q\u00eb jan\u00eb zhvilluar e nj\u00eb nga pikat fillestare q\u00eb kan\u00eb, e kan\u00eb pik\u00ebrisht n\u00eb portin e Durr\u00ebsit, sepse \u00ebsht\u00eb nj\u00eb nyje e jasht\u00ebzakonshme logjistike e aleanc\u00ebs. Sigurisht q\u00eb, un\u00eb thash\u00eb, duhet t\u00eb flasin ekspert\u00ebt. Un\u00eb do flas n\u00eb nj\u00eb aspekt tjet\u00ebr. Kam patur k\u00ebnaq\u00ebsin\u00eb q\u00eb duke punuar bashk\u00eb me zotin Berisha kur ishte kryeminist\u00ebr, t\u00eb shihje nj\u00eb zhvillim i cili pra, mbasi ishte nd\u00ebrprer\u00eb, pra ato zhvillime me projeksione t\u00eb m\u00ebdha rajonale, gjeostrategjike q\u00eb fillonin me korridorin tet\u00eb dhe shkonin p\u00ebrtej, u nd\u00ebrpren\u00eb n\u00eb vitin \u201897 p\u00ebr nj\u00eb koh\u00eb t\u00eb gjat\u00eb. Madje porti u b\u00eb pothuajse ishte e v\u00ebshtir\u00eb t\u00eb zhvillohesh, u vendos\u00ebn depozita nafte nd\u00ebr t\u00eb tjera t\u00eb p\u00ebrcaktuara edhe p\u00ebr t\u00eb, n\u00eb nj\u00eb far\u00eb mase p\u00ebr t\u00eb bllokuar zhvillimin e portit t\u00eb Durr\u00ebsit. Me ardhjen n\u00eb pushtet t\u00eb Partis\u00eb Demokratike n\u00eb vitin 2005 deri n\u00eb vitin 2013, nj\u00eb nga gj\u00ebrat q\u00eb mundet t\u00eb, q\u00eb kuptohet qart\u00eb ishte prioriteti i dh\u00ebn\u00eb p\u00ebr zhvillimin e portit t\u00eb Durr\u00ebsit.<\/p>\n","protected":false},"excerpt":{"rendered":"<p>Deputeti i PD, Oerd Bylykbashi, ka deklaruar se Porti i Durr\u00ebsit mbetet nj\u00eb nga asetet m\u00eb t\u00eb r\u00ebnd\u00ebsishme strategjike t\u00eb Shqip\u00ebris\u00eb, por sipas tij, ai \u00ebsht\u00eb l\u00ebn\u00eb n\u00eb nj\u00eb gjendje t\u00eb rrezikshme p\u00ebr shkak t\u00eb munges\u00ebs s\u00eb vizionit dhe nd\u00ebrhyrjeve q\u00eb kan\u00eb d\u00ebmtuar zhvillimin e tij. Gjat\u00eb diskutimit n\u00eb tryez\u00ebn me departamentin \u201cBrain Gain\u201d t\u00eb &hellip;<\/p>\n","protected":false},"author":4,"featured_media":141213,"comment_status":"closed","ping_status":"closed","sticky":false,"template":"","format":"standard","meta":{"footnotes":""},"categories":[37],"tags":[],"class_list":["post-141212","post","type-post","status-publish","format-standard","has-post-thumbnail","","category-politike"],"_links":{"self":[{"href":"https:\/\/rdnews.al\/index.php\/wp-json\/wp\/v2\/posts\/141212","targetHints":{"allow":["GET"]}}],"collection":[{"href":"https:\/\/rdnews.al\/index.php\/wp-json\/wp\/v2\/posts"}],"about":[{"href":"https:\/\/rdnews.al\/index.php\/wp-json\/wp\/v2\/types\/post"}],"author":[{"embeddable":true,"href":"https:\/\/rdnews.al\/index.php\/wp-json\/wp\/v2\/users\/4"}],"replies":[{"embeddable":true,"href":"https:\/\/rdnews.al\/index.php\/wp-json\/wp\/v2\/comments?post=141212"}],"version-history":[{"count":1,"href":"https:\/\/rdnews.al\/index.php\/wp-json\/wp\/v2\/posts\/141212\/revisions"}],"predecessor-version":[{"id":141214,"href":"https:\/\/rdnews.al\/index.php\/wp-json\/wp\/v2\/posts\/141212\/revisions\/141214"}],"wp:featuredmedia":[{"embeddable":true,"href":"https:\/\/rdnews.al\/index.php\/wp-json\/wp\/v2\/media\/141213"}],"wp:attachment":[{"href":"https:\/\/rdnews.al\/index.php\/wp-json\/wp\/v2\/media?parent=141212"}],"wp:term":[{"taxonomy":"category","embeddable":true,"href":"https:\/\/rdnews.al\/index.php\/wp-json\/wp\/v2\/categories?post=141212"},{"taxonomy":"post_tag","embeddable":true,"href":"https:\/\/rdnews.al\/index.php\/wp-json\/wp\/v2\/tags?post=141212"}],"curies":[{"name":"wp","href":"https:\/\/api.w.org\/{rel}","templated":true}]}}