{"id":141215,"date":"2026-04-24T18:08:15","date_gmt":"2026-04-24T18:08:15","guid":{"rendered":"https:\/\/rdnews.al\/?p=141215"},"modified":"2026-04-24T18:08:15","modified_gmt":"2026-04-24T18:08:15","slug":"ceno-porti-i-durresit-ceshtje-sigurie-kombetare-shqiperia-rrezikon-te-mbetet-pa-nyje-portuale","status":"publish","type":"post","link":"https:\/\/rdnews.al\/index.php\/2026\/04\/24\/ceno-porti-i-durresit-ceshtje-sigurie-kombetare-shqiperia-rrezikon-te-mbetet-pa-nyje-portuale\/","title":{"rendered":"\u00c7eno: Porti i Durr\u00ebsit \u00e7\u00ebshtje sigurie komb\u00ebtare, Shqip\u00ebria rrezikon t\u00eb mbetet pa nyje portuale"},"content":{"rendered":"<p>Eksperti i marr\u00ebdh\u00ebnieve nd\u00ebrkomb\u00ebtare Enri \u00c7eno\u00a0gjat\u00eb diskutimit n\u00eb tryez\u00ebn me departamentin \u201cBrain Gain\u201d t\u00eb PD-s\u00eb, deklaroi se projekti i Porti i Durr\u00ebsit nuk \u00ebsht\u00eb vet\u00ebm infrastrukturor, por ka r\u00ebnd\u00ebsi t\u00eb drejtp\u00ebrdrejt\u00eb p\u00ebr sigurin\u00eb komb\u00ebtare dhe zhvillimin afatgjat\u00eb t\u00eb vendit.<\/p>\n<p>Sipas tij, projekti duhet t\u00eb lidhet me rrjetin hekurudhor rajonal dhe integrimin me Kosov\u00ebn dhe Ballkanin, duke krijuar nj\u00eb nyje t\u00eb r\u00ebnd\u00ebsishme transporti dhe tregtie n\u00eb rajon. \u00c7eno theksoi gjithashtu nevoj\u00ebn p\u00ebr angazhim t\u00eb kapitalit strategjik nd\u00ebrkomb\u00ebtar p\u00ebr realizimin e tij.<\/p>\n<p><strong>\u00c7eno:\u00a0<\/strong>Komplimente p\u00ebr tematik\u00ebn. Kjo \u00ebsht\u00eb, nuk \u00ebsht\u00eb thjesht \u00e7\u00ebshtje retorike politike, por ka nj\u00eb lidhje t\u00eb drejtp\u00ebrdrejt\u00eb me sigurin\u00eb ton\u00eb komb\u00ebtare dhe p\u00ebr t\u00eb ardhmen e vendit. Projekti i Portit t\u00eb Durr\u00ebsit n\u00eb vetvete nuk \u00ebsht\u00eb thjesht port p\u00ebr qytetar\u00ebt e Durr\u00ebsit, po \u00ebsht\u00eb p\u00ebr t\u00eb gjith\u00eb shqiptar\u00ebt, madje dhe p\u00ebrtej shqiptar\u00ebve, p\u00ebr t\u00eb gjith\u00eb bot\u00ebn shqiptare, n\u00eb vetvete. Nuk \u00ebsht\u00eb nj\u00eb projekt thjesht p\u00ebr nj\u00eb qeveri, apo qoft\u00eb edhe p\u00ebr nj\u00eb gjenerat\u00eb, po projektohet e ardhmja e Shqip\u00ebris\u00eb, e madhe apo e vog\u00ebl, p\u00ebr 100 vitet e ardhshme. Doktori m\u00eb par\u00eb n\u00eb fjal\u00ebn e tij preku pak \u00e7\u00ebshtjen e marr\u00ebveshjes s\u00eb n\u00ebnshkruar m\u00eb 4 shtator t\u00eb 2020-\u00ebs.<\/p>\n<p>Un\u00eb kam qen\u00eb pak i nd\u00ebrlidhur me at\u00eb \u00e7\u00ebshtje, k\u00ebshtu q\u00eb po sjell pak, nj\u00eb histori t\u00eb asaj kohe. Pra, n\u00eb ver\u00ebn e 2020-\u00ebs, un\u00eb s\u00eb bashku me nj\u00eb grup ekspert\u00ebsh, inxhinier\u00eb, nj\u00eb pjes\u00eb shqiptar\u00eb po edhe disa t\u00eb tjer\u00eb t\u00eb huaj, jemi p\u00ebrfshir\u00eb n\u00eb m\u00ebnyr\u00eb t\u00eb drejtp\u00ebrdrejt\u00eb dhe kemi projektuar, si t\u00eb thuash, at\u00eb projekt. Un\u00eb, bashk\u00eb me disa miq t\u00eb tjer\u00eb kemi lobuar n\u00eb Uashington n\u00eb at\u00eb periudh\u00eb aso kohe me, drejtp\u00ebrdrejt\u00eb me t\u00eb d\u00ebrguarin special t\u00eb Presidentit amerikan p\u00ebr \u00e7\u00ebshtjet e Ballkanit dhe me \u00e7\u00ebshtje, dhe me zyrtar\u00eb t\u00eb tjer\u00eb t\u00eb, t\u00eb pjes\u00ebs s\u00eb siguris\u00eb t\u00eb K\u00ebshillit t\u00eb Siguris\u00eb n\u00eb Sht\u00ebpin\u00eb e Bardh\u00eb.<\/p>\n<p>K\u00ebshtu q\u00eb n\u00eb 4 shtator, doktor, ke pasur edhe p\u00ebrfaq\u00ebsuesit e partis\u00eb n\u00eb Sht\u00ebpin\u00eb e Bardh\u00eb, n\u00eb nj\u00eb far\u00eb m\u00ebnyre. Ai projekt, t\u00eb cil\u00ebt n\u00eb nj\u00eb far\u00eb m\u00ebnyre u projektua, p\u00ebrfshinte jo, zgjerimin e Portit t\u00eb Durr\u00ebsit, jo thjesht kalimin n\u00eb nj\u00eb zon\u00eb tjet\u00ebr, po investim n\u00eb Portin e Durr\u00ebsit. Kjo do t\u00eb lidhej n\u00eb m\u00ebnyr\u00eb t\u00eb drejtp\u00ebrdrejt\u00eb me hekurudh\u00eb, sepse nj\u00eb port pa hekurudh\u00eb nuk e ka t\u00eb nj\u00ebjt\u00ebn r\u00ebnd\u00ebsi, si\u00e7 edhe nj\u00eb hekurudh\u00eb pa port nuk ka t\u00eb nj\u00ebjt\u00ebn r\u00ebnd\u00ebsi.<\/p>\n<p>Kjo do t\u00eb nd\u00ebrlidhej me hekurudh\u00eb me Kosov\u00ebn, pra do kishte nd\u00ebrtimin e nj\u00eb porti t\u00eb that\u00eb n\u00eb Fush\u00eb Kosov\u00eb dhe m\u00eb pas do nd\u00ebrlidhej edhe me Nishin dhe m\u00eb pas me t\u00eb gjitha linjat nd\u00ebrkomb\u00ebtare. Eksperti k\u00ebtu foli pik\u00ebrisht p\u00ebr k\u00ebto \u00e7\u00ebshtje financiare n\u00eb lidhje me kontejner\u00ebt. N\u00eb analizat e koh\u00ebs q\u00eb jan\u00eb b\u00ebr\u00eb, nj\u00eb kontejner p\u00ebr t\u00eb kapur edhe pjes\u00ebn e Europ\u00ebs Lindore, pra p\u00ebr t\u00eb shkuar n\u00eb zon\u00ebn e Ukrain\u00ebs apo t\u00eb Polonis\u00eb duke kaluar n\u00ebp\u00ebr Portin e Durr\u00ebsit, p\u00ebrllogaritej q\u00eb ishte 20% m\u00eb i lir\u00eb n\u00eb kosto krahasuar me Roterdamin apo me Hamburgun. K\u00ebshtu q\u00eb,\u00a0 tregu ekzistonte, ekziston edhe sot. Po si ia arrita un\u00eb dhe miqt\u00eb e mi q\u00eb lobuam me sukses n\u00eb Sht\u00ebpin\u00eb e Bardh\u00eb? \u00cbsht\u00eb shum\u00eb e thjesht\u00eb, pra, mjafton t\u00eb sinkronizosh interesat e tua komb\u00ebtare me interesat komb\u00ebtare t\u00eb Shteteve t\u00eb Bashkuara t\u00eb Amerik\u00ebs.<\/p>\n<p>Ato, n\u00eb at\u00eb periudh\u00eb ne ia arrit\u00ebm. Jemi ende n\u00eb koh\u00eb. Por sot ne jemi para nj\u00eb fakti, ku q\u00eb kjo qeveri dhe ky kryeminist\u00ebr mund t\u00eb ndalet vet\u00ebm p\u00ebrball\u00eb nj\u00eb nd\u00ebrhyrje t\u00eb madhe politike. Prandaj dhe ky takim un\u00eb e shikoj q\u00eb \u00ebsht\u00eb i r\u00ebnd\u00ebsish\u00ebm. Ajo q\u00eb ne duhet t\u00eb arrijm\u00eb, pra detyra jon\u00eb komb\u00ebtare, detyra jon\u00eb patriotike si popull opozitar, pra e opozit\u00ebs, i ekspert\u00ebve, e jo ekspert\u00ebve patronazhist\u00eb sigurisht, dhe e shoq\u00ebris\u00eb civile q\u00eb e ka k\u00ebt\u00eb lloj ndjeshm\u00ebrie, t\u00eb bashkohen, t\u00eb sjellin, t\u00eb projektojn\u00eb di\u00e7ka dhe t\u00eb fillojm\u00eb lobimin n\u00ebp\u00ebrmjet rrjeteve, network-ut ton\u00eb, t\u00eb cilat sot jan\u00eb edhe m\u00eb, m\u00eb t\u00eb r\u00ebnd\u00ebsishme sesa para gjasht\u00eb vitesh. K\u00ebshtu q\u00eb un\u00eb besoj q\u00eb kjo \u00ebsht\u00eb nj\u00eb iniciativ\u00eb e duhur dhe t\u00eb gjith\u00eb s\u00eb bashku ne, un\u00eb besoj q\u00eb mund t&#8217;ia dalim me sukses, sepse e vetmja m\u00ebnyr\u00eb p\u00ebr t\u00eb parandaluar k\u00ebt\u00eb kryeminist\u00ebr \u00ebsht\u00eb q\u00eb ne t\u00eb arrijm\u00eb t\u00eb, t\u00eb implementojm\u00eb kapital strategjik. \u00c7far\u00eb do t\u00eb thot\u00eb kapital strategjik? Kapital strategjik, t\u00eb sjellim korporatat e m\u00ebdhaja amerikane apo gjermane.<\/p>\n<p>Ka interes, pra kapital strategjik un\u00eb cil\u00ebsoj dhe perceptoj BlackRock-un, un\u00eb cil\u00ebsoj dhe perceptoj korporatat e m\u00ebdhaja amerikane, t\u00eb cil\u00ebt n\u00ebp\u00ebrmjet intensitetit pra t\u00eb push-it q\u00eb ata mund, politik q\u00eb mund t\u00eb b\u00ebjn\u00eb n\u00ebp\u00ebrmjet ambasadave apo zyrtar\u00ebve t\u00eb lart\u00eb n\u00eb, n\u00eb, n\u00eb Uashington, mund t\u00eb parandaloj\u00eb at\u00eb q\u00eb po ndodh dita-dit\u00ebs. Nuk kemi shum\u00eb koh\u00eb. Porti i Durr\u00ebsit mund t\u00eb mos ekzistoj\u00eb pas 12 muajsh dhe ne t\u00eb jemi n\u00eb pik\u00ebn e qytetit t\u00eb Vlor\u00ebs. Pra, n\u00eb Vlor\u00eb sot porti i vjet\u00ebr po nd\u00ebrtohet, po nd\u00ebrtohen kulla, nd\u00ebrkoh\u00eb q\u00eb porti i ri ende nuk ka filluar nd\u00ebrtimin. Dhe ata do hyjn\u00eb n\u00eb nj\u00eb kalvar procesesh gjyq\u00ebsore, problematikash n\u00ebp\u00ebrmjet SPAK-ut dhe GJKKO-s\u00eb, t\u00eb cil\u00ebt do ta parandaloj\u00eb at\u00eb dhe Vlora do jet\u00eb pa port. T\u00eb gjitha portet e tjera t\u00eb lidhura me sigurin\u00eb komb\u00ebtare, pra portet ushtarake jan\u00eb eliminuar, duke iu dh\u00ebn\u00eb n\u00eb form\u00ebn pra, n\u00eb aspektin e, duke u mbuluar n\u00eb aspektin e turizmit, zhvillimit turistik. Shqip\u00ebria \u00ebsht\u00eb l\u00ebn\u00eb pa port. Faleminderit!<\/p>\n","protected":false},"excerpt":{"rendered":"<p>Eksperti i marr\u00ebdh\u00ebnieve nd\u00ebrkomb\u00ebtare Enri \u00c7eno\u00a0gjat\u00eb diskutimit n\u00eb tryez\u00ebn me departamentin \u201cBrain Gain\u201d t\u00eb PD-s\u00eb, deklaroi se projekti i Porti i Durr\u00ebsit nuk \u00ebsht\u00eb vet\u00ebm infrastrukturor, por ka r\u00ebnd\u00ebsi t\u00eb drejtp\u00ebrdrejt\u00eb p\u00ebr sigurin\u00eb komb\u00ebtare dhe zhvillimin afatgjat\u00eb t\u00eb vendit. Sipas tij, projekti duhet t\u00eb lidhet me rrjetin hekurudhor rajonal dhe integrimin me Kosov\u00ebn dhe Ballkanin, &hellip;<\/p>\n","protected":false},"author":4,"featured_media":141216,"comment_status":"closed","ping_status":"closed","sticky":false,"template":"","format":"standard","meta":{"footnotes":""},"categories":[37],"tags":[],"class_list":["post-141215","post","type-post","status-publish","format-standard","has-post-thumbnail","","category-politike"],"_links":{"self":[{"href":"https:\/\/rdnews.al\/index.php\/wp-json\/wp\/v2\/posts\/141215","targetHints":{"allow":["GET"]}}],"collection":[{"href":"https:\/\/rdnews.al\/index.php\/wp-json\/wp\/v2\/posts"}],"about":[{"href":"https:\/\/rdnews.al\/index.php\/wp-json\/wp\/v2\/types\/post"}],"author":[{"embeddable":true,"href":"https:\/\/rdnews.al\/index.php\/wp-json\/wp\/v2\/users\/4"}],"replies":[{"embeddable":true,"href":"https:\/\/rdnews.al\/index.php\/wp-json\/wp\/v2\/comments?post=141215"}],"version-history":[{"count":1,"href":"https:\/\/rdnews.al\/index.php\/wp-json\/wp\/v2\/posts\/141215\/revisions"}],"predecessor-version":[{"id":141217,"href":"https:\/\/rdnews.al\/index.php\/wp-json\/wp\/v2\/posts\/141215\/revisions\/141217"}],"wp:featuredmedia":[{"embeddable":true,"href":"https:\/\/rdnews.al\/index.php\/wp-json\/wp\/v2\/media\/141216"}],"wp:attachment":[{"href":"https:\/\/rdnews.al\/index.php\/wp-json\/wp\/v2\/media?parent=141215"}],"wp:term":[{"taxonomy":"category","embeddable":true,"href":"https:\/\/rdnews.al\/index.php\/wp-json\/wp\/v2\/categories?post=141215"},{"taxonomy":"post_tag","embeddable":true,"href":"https:\/\/rdnews.al\/index.php\/wp-json\/wp\/v2\/tags?post=141215"}],"curies":[{"name":"wp","href":"https:\/\/api.w.org\/{rel}","templated":true}]}}