{"id":141243,"date":"2026-04-24T20:24:48","date_gmt":"2026-04-24T20:24:48","guid":{"rendered":"https:\/\/rdnews.al\/?p=141243"},"modified":"2026-04-24T20:53:00","modified_gmt":"2026-04-24T20:53:00","slug":"deklarata-tjeter-antishqiptare-e-feritit-kosova-subjekt-i-barabarte-nderkombetar-vetem-nese-e-pranon-serbia","status":"publish","type":"post","link":"https:\/\/rdnews.al\/index.php\/2026\/04\/24\/deklarata-tjeter-antishqiptare-e-feritit-kosova-subjekt-i-barabarte-nderkombetar-vetem-nese-e-pranon-serbia\/","title":{"rendered":"Deklarata tjet\u00ebr antishqiptare e Feritit\/ &#8220;Kosova, subjekt i barabart\u00eb nd\u00ebrkomb\u00ebtar vet\u00ebm n\u00ebse e pranon Serbia&#8221;"},"content":{"rendered":"<p style=\"margin-top: 0in; background: white;\"><span style=\"font-family: 'Arial',sans-serif; color: #002e44;\">Gjat\u00eb koh\u00ebs q\u00eb Ferit Hoxha ishte Ambasadori i Shqip\u00ebris\u00eb n\u00eb OKB, n\u00eb nj\u00eb intervist\u00eb p\u00ebr Euronews ka b\u00ebre nj\u00eb tjet\u00ebr deklarat\u00eb antishqiptare. Ai foli n\u00eb vitin 2023 p\u00ebr mbledhjen e K\u00ebshillit t\u00eb Sigurimit q\u00eb u drejtuar sot nga kreu i qeveris\u00eb Edi Rama.<\/span><\/p>\n<p style=\"margin-top: 0in; background: white; box-sizing: border-box; margin-bottom: 1rem; font-variant-ligatures: normal; font-variant-caps: normal; orphans: 2; text-align: start; widows: 2; -webkit-text-stroke-width: 0px; text-decoration-thickness: initial; text-decoration-style: initial; text-decoration-color: initial; word-spacing: 0px;\"><span style=\"font-family: 'Arial',sans-serif; color: #002e44;\">Ai theksoi se Kosova do ta gjej\u00eb veten si subjekt i barabart\u00eb nd\u00ebrkomb\u00ebtar vet\u00ebm kur t\u00eb ket\u00eb nj\u00eb marr\u00ebveshje me Serbin\u00eb.<\/span><\/p>\n<p style=\"margin-top: 0in; background: white; box-sizing: border-box; margin-bottom: 1rem; font-variant-ligatures: normal; font-variant-caps: normal; orphans: 2; text-align: start; widows: 2; -webkit-text-stroke-width: 0px; text-decoration-thickness: initial; text-decoration-style: initial; text-decoration-color: initial; word-spacing: 0px;\"><span style=\"font-family: 'Arial',sans-serif; color: #002e44;\">\u201cNe duhet t\u00eb punojm\u00eb n\u00eb m\u00ebnyr\u00eb t\u00eb padiskutueshme q\u00eb rrethi i shteteve q\u00eb e njohin Kosov\u00ebn t\u00eb zgjerohet. Edhe sikur t\u00eb kishim 30 njohje t\u00eb reja nes\u00ebr, thelbi i situat\u00ebs nuk ndryshon.<\/span><\/p>\n<p style=\"margin-top: 0in; background: white; box-sizing: border-box; margin-bottom: 1rem; font-variant-ligatures: normal; font-variant-caps: normal; orphans: 2; text-align: start; widows: 2; -webkit-text-stroke-width: 0px; text-decoration-thickness: initial; text-decoration-style: initial; text-decoration-color: initial; word-spacing: 0px;\"><span style=\"font-family: 'Arial',sans-serif; color: #002e44;\">\u201cUn\u00eb mendoj se Kosova do ta gjej\u00eb veten si subjekt i barabart\u00eb nd\u00ebrkomb\u00ebtar vet\u00ebm kur t\u00eb ket\u00eb nj\u00eb marr\u00ebveshje me Serbin\u00eb, vet\u00ebm kur ng\u00ebr\u00e7i i krijuar dhe i thelluar dhe p\u00ebr shkak t\u00eb aktivitetit t\u00eb Serbis\u00eb, \u00ebsht\u00eb fakti q\u00eb n\u00eb t\u00ebr\u00ebsi i gjith\u00eb spektri i vendeve q\u00eb mund t\u00eb ishin m\u00eb t\u00eb ndjeshme p\u00ebr njohjen e Kosov\u00ebs, bazohen n\u00eb iden\u00eb se ka nj\u00eb proces negocimi dhe t\u00eb presin p\u00ebrfundimin e tij. Pa nj\u00eb marr\u00ebveshje me Serbin\u00eb Kosova nuk do t\u00eb jet\u00eb n\u00eb gjendje as t\u00eb artikuloj\u00eb veten e saj si t\u00eb barabart\u00eb me t\u00eb gjith\u00eb t\u00eb tjer\u00ebt, as n\u00eb Ballkanin Per\u00ebndimor as nd\u00ebrkomb\u00ebtarisht\u201d- tha ai.<\/span><\/p>\n","protected":false},"excerpt":{"rendered":"<p>Gjat\u00eb koh\u00ebs q\u00eb Ferit Hoxha ishte Ambasadori i Shqip\u00ebris\u00eb n\u00eb OKB, n\u00eb nj\u00eb intervist\u00eb p\u00ebr Euronews ka b\u00ebre nj\u00eb tjet\u00ebr deklarat\u00eb antishqiptare. Ai foli n\u00eb vitin 2023 p\u00ebr mbledhjen e K\u00ebshillit t\u00eb Sigurimit q\u00eb u drejtuar sot nga kreu i qeveris\u00eb Edi Rama. Ai theksoi se Kosova do ta gjej\u00eb veten si subjekt i barabart\u00eb &hellip;<\/p>\n","protected":false},"author":3,"featured_media":141244,"comment_status":"closed","ping_status":"closed","sticky":false,"template":"","format":"standard","meta":{"footnotes":""},"categories":[37,40],"tags":[],"class_list":["post-141243","post","type-post","status-publish","format-standard","has-post-thumbnail","","category-politike","category-aktualitet"],"_links":{"self":[{"href":"https:\/\/rdnews.al\/index.php\/wp-json\/wp\/v2\/posts\/141243","targetHints":{"allow":["GET"]}}],"collection":[{"href":"https:\/\/rdnews.al\/index.php\/wp-json\/wp\/v2\/posts"}],"about":[{"href":"https:\/\/rdnews.al\/index.php\/wp-json\/wp\/v2\/types\/post"}],"author":[{"embeddable":true,"href":"https:\/\/rdnews.al\/index.php\/wp-json\/wp\/v2\/users\/3"}],"replies":[{"embeddable":true,"href":"https:\/\/rdnews.al\/index.php\/wp-json\/wp\/v2\/comments?post=141243"}],"version-history":[{"count":2,"href":"https:\/\/rdnews.al\/index.php\/wp-json\/wp\/v2\/posts\/141243\/revisions"}],"predecessor-version":[{"id":141249,"href":"https:\/\/rdnews.al\/index.php\/wp-json\/wp\/v2\/posts\/141243\/revisions\/141249"}],"wp:featuredmedia":[{"embeddable":true,"href":"https:\/\/rdnews.al\/index.php\/wp-json\/wp\/v2\/media\/141244"}],"wp:attachment":[{"href":"https:\/\/rdnews.al\/index.php\/wp-json\/wp\/v2\/media?parent=141243"}],"wp:term":[{"taxonomy":"category","embeddable":true,"href":"https:\/\/rdnews.al\/index.php\/wp-json\/wp\/v2\/categories?post=141243"},{"taxonomy":"post_tag","embeddable":true,"href":"https:\/\/rdnews.al\/index.php\/wp-json\/wp\/v2\/tags?post=141243"}],"curies":[{"name":"wp","href":"https:\/\/api.w.org\/{rel}","templated":true}]}}