{"id":141257,"date":"2026-04-25T08:57:22","date_gmt":"2026-04-25T08:57:22","guid":{"rendered":"https:\/\/rdnews.al\/?p=141257"},"modified":"2026-04-25T09:02:53","modified_gmt":"2026-04-25T09:02:53","slug":"tabaku-denoncon-qeveria-ia-merr-token-pronarit-dhe-ia-jep-kayo-s","status":"publish","type":"post","link":"https:\/\/rdnews.al\/index.php\/2026\/04\/25\/tabaku-denoncon-qeveria-ia-merr-token-pronarit-dhe-ia-jep-kayo-s\/","title":{"rendered":"Tabaku denoncon: Qeveria ia merr tok\u00ebn pronarit dhe ia jep KAYO-s!"},"content":{"rendered":"<p>Deputetja e PD, Jorida Tabaku, ishte n\u00eb Babrru ku takoi familjen Dervishi, pronar\u00eb t\u00eb nj\u00eb toke t\u00eb trash\u00ebguar nd\u00ebr breza, e cila sipas saj \u00ebsht\u00eb marr\u00eb nga shteti pa kompensim dhe i \u00ebsht\u00eb dh\u00ebn\u00eb m\u00eb pas kompanis\u00eb KAYO p\u00ebr nd\u00ebrtimin e nj\u00eb fabrike prodhimi arm\u00ebsh.<\/p>\n<p>N\u00eb nj\u00eb video t\u00eb publikuar n\u00eb rrjetet sociale, Tabaku e cil\u00ebsoi k\u00ebt\u00eb rast si nj\u00eb tjet\u00ebr afer\u00eb q\u00eb, sipas saj, tregon modelin e nj\u00eb shteti q\u00eb nuk mbron qytetar\u00ebt, por favorizon interesa t\u00eb ngushta ekonomike.<\/p>\n<p>\u201cJemi n\u00eb pron\u00ebn e familjes Dervishi, nj\u00eb tok\u00eb e trash\u00ebguar n\u00eb vite, e ruajtur dhe e investuar me aq mund\u00ebsi sa kan\u00eb pasur. Sot shteti vjen, pa asnj\u00eb kompensim dhe pa asnj\u00eb t\u00eb drejt\u00eb ligjore, dhe e uzurpon p\u00ebr t\u2019ia dh\u00ebn\u00eb KAYO-s p\u00ebr nd\u00ebrtimin e nj\u00eb fabrike arm\u00ebsh\u201d,\u00a0u shpreh Tabaku.<\/p>\n<p>Ajo theksoi se rasti i familjes Dervishi \u00ebsht\u00eb ilustrim i nj\u00eb fenomeni m\u00eb t\u00eb gjer\u00eb, ku sipas saj prona private nuk respektohet dhe ligji zbatohet n\u00eb m\u00ebnyr\u00eb selektive.<\/p>\n<p>\u201cShteti \u00ebsht\u00eb i fort\u00eb me t\u00eb dob\u00ebtin dhe i dob\u00ebt me t\u00eb fortin. A ka standard europian q\u00eb justifikon marrjen e pron\u00ebs s\u00eb nj\u00eb qytetari dhe dh\u00ebnien e saj nj\u00eb kompanie, pa kompensim dhe pa transparenc\u00eb?\u201d \u2013 ngriti pyetjen Tabaku.<\/p>\n<p>Deputetja demokrate u ndal edhe tek r\u00ebnd\u00ebsia e s\u00eb drejt\u00ebs s\u00eb pron\u00ebs si nj\u00eb nga themelet e shtetit ligjor dhe t\u00eb integrimit europian, duke theksuar se raste t\u00eb tilla minojn\u00eb besimin e qytetar\u00ebve dhe standardet q\u00eb Shqip\u00ebria pretendon t\u00eb arrij\u00eb.<\/p>\n<p>\u201cProna \u00ebsht\u00eb e shenjt\u00eb. N\u00ebse nuk respektohet e drejta e pron\u00ebs, at\u00ebher\u00eb nuk mund t\u00eb flasim p\u00ebr asnj\u00eb t\u00eb drejt\u00eb tjet\u00ebr. Kjo nuk \u00ebsht\u00eb Shqip\u00ebria europiane q\u00eb duam\u201d, deklaroi ajo.<\/p>\n<p>N\u00eb p\u00ebrfundim, Tabaku garantoi se do ta ndjek\u00eb \u00e7\u00ebshtjen e familjes Dervishi deri n\u00eb fund, duke ofruar mb\u00ebshtetje p\u00ebr ta n\u00eb \u00e7do hap ligjor dhe institucional, nd\u00ebrsa e cil\u00ebsoi k\u00ebt\u00eb betej\u00eb si nj\u00eb \u00e7\u00ebshtje q\u00eb shkon p\u00ebrtej nj\u00eb rasti individual dhe prek thelbin e shtetit t\u00eb s\u00eb drejt\u00ebs n\u00eb vend.<\/p>\n<p><iframe loading=\"lazy\" src=\"https:\/\/www.facebook.com\/plugins\/video.php?height=476&amp;href=https%3A%2F%2Fwww.facebook.com%2Freel%2F979810261091744%2F&amp;show_text=false&amp;width=267&amp;t=0\" width=\"267\" height=\"476\" frameborder=\"0\" scrolling=\"no\" allowfullscreen=\"allowfullscreen\" data-mce-fragment=\"1\"><\/iframe><\/p>\n","protected":false},"excerpt":{"rendered":"<p>Deputetja e PD, Jorida Tabaku, ishte n\u00eb Babrru ku takoi familjen Dervishi, pronar\u00eb t\u00eb nj\u00eb toke t\u00eb trash\u00ebguar nd\u00ebr breza, e cila sipas saj \u00ebsht\u00eb marr\u00eb nga shteti pa kompensim dhe i \u00ebsht\u00eb dh\u00ebn\u00eb m\u00eb pas kompanis\u00eb KAYO p\u00ebr nd\u00ebrtimin e nj\u00eb fabrike prodhimi arm\u00ebsh. N\u00eb nj\u00eb video t\u00eb publikuar n\u00eb rrjetet sociale, Tabaku e &hellip;<\/p>\n","protected":false},"author":4,"featured_media":141260,"comment_status":"closed","ping_status":"closed","sticky":false,"template":"","format":"standard","meta":{"footnotes":""},"categories":[37],"tags":[],"class_list":["post-141257","post","type-post","status-publish","format-standard","has-post-thumbnail","","category-politike"],"_links":{"self":[{"href":"https:\/\/rdnews.al\/index.php\/wp-json\/wp\/v2\/posts\/141257","targetHints":{"allow":["GET"]}}],"collection":[{"href":"https:\/\/rdnews.al\/index.php\/wp-json\/wp\/v2\/posts"}],"about":[{"href":"https:\/\/rdnews.al\/index.php\/wp-json\/wp\/v2\/types\/post"}],"author":[{"embeddable":true,"href":"https:\/\/rdnews.al\/index.php\/wp-json\/wp\/v2\/users\/4"}],"replies":[{"embeddable":true,"href":"https:\/\/rdnews.al\/index.php\/wp-json\/wp\/v2\/comments?post=141257"}],"version-history":[{"count":1,"href":"https:\/\/rdnews.al\/index.php\/wp-json\/wp\/v2\/posts\/141257\/revisions"}],"predecessor-version":[{"id":141259,"href":"https:\/\/rdnews.al\/index.php\/wp-json\/wp\/v2\/posts\/141257\/revisions\/141259"}],"wp:featuredmedia":[{"embeddable":true,"href":"https:\/\/rdnews.al\/index.php\/wp-json\/wp\/v2\/media\/141260"}],"wp:attachment":[{"href":"https:\/\/rdnews.al\/index.php\/wp-json\/wp\/v2\/media?parent=141257"}],"wp:term":[{"taxonomy":"category","embeddable":true,"href":"https:\/\/rdnews.al\/index.php\/wp-json\/wp\/v2\/categories?post=141257"},{"taxonomy":"post_tag","embeddable":true,"href":"https:\/\/rdnews.al\/index.php\/wp-json\/wp\/v2\/tags?post=141257"}],"curies":[{"name":"wp","href":"https:\/\/api.w.org\/{rel}","templated":true}]}}