{"id":141273,"date":"2026-04-25T10:01:42","date_gmt":"2026-04-25T10:01:42","guid":{"rendered":"https:\/\/rdnews.al\/?p=141273"},"modified":"2026-04-25T10:01:42","modified_gmt":"2026-04-25T10:01:42","slug":"berisha-muri-i-patriarkalitetit-eshte-dhunuesi-me-i-madh-i-lirive-pa-fuqizimin-e-grave-dhe-vajzave-nuk-ka-demokraci-te-vertete","status":"publish","type":"post","link":"https:\/\/rdnews.al\/index.php\/2026\/04\/25\/berisha-muri-i-patriarkalitetit-eshte-dhunuesi-me-i-madh-i-lirive-pa-fuqizimin-e-grave-dhe-vajzave-nuk-ka-demokraci-te-vertete\/","title":{"rendered":"Berisha: Muri i patriarkalitetit \u00ebsht\u00eb dhunuesi m\u00eb i madh i lirive! Pa fuqizimin e grave dhe vajzave nuk ka demokraci t\u00eb v\u00ebrtet\u00eb!"},"content":{"rendered":"<p>Kryetari i PD, Sali Berisha tha se, muri i patriarkalitetit \u00ebsht\u00eb dhunuesi m\u00eb i madh i lirive! Ai tha se, pa fuqizimin e grave dhe vajzave nuk ka demokraci t\u00eb v\u00ebrtet\u00eb.<\/p>\n<p><strong>Berisha:<\/strong> Partia Demokratike e konsideron dhe e ka konsideruar gjithmon\u00eb jetike, nj\u00eb betej\u00eb t\u00eb pand\u00ebrprer\u00eb me murin e patriarkalitetit. Duhet t\u00eb jemi t\u00eb vet\u00ebdijsh\u00ebm se muri i patriarkalitetit \u00ebsht\u00eb dhunuesi m\u00eb kryesor i lirive dhe t\u00eb drejtave njer\u00ebzore, aq sa lirit\u00eb dhe t\u00eb drejtat e grave, jan\u00eb liri dhe t\u00eb drejta njer\u00ebzore.<\/p>\n<p>Ne kemi n\u00eb programin ton\u00eb, n\u00eb qeveri, b\u00ebm\u00eb gjith\u00e7ka p\u00ebr t\u00eb ngushtuar n\u00eb maksimum barazin\u00eb n\u00eb financat e vajzave dhe grave me burrat dhe arrit\u00ebm, arrit\u00ebm q\u00eb nga 36% q\u00eb ishte kjo diferenc\u00eb, zbrit\u00ebm n\u00eb 17 e ca p\u00ebrqind, p\u00ebraf\u00ebrsisht n\u00eb mesataren e Bashkimit Europian. Po ky \u00ebsht\u00eb vet\u00ebm nj\u00eb tregues. Dhe ne sigurisht i p\u00ebrmbahemi, sepse ajo ka r\u00ebnd\u00ebsin\u00eb e vet.<\/p>\n<p>Ne duhet dhe zotohemi k\u00ebtu p\u00ebr nj\u00eb rol shum\u00eb m\u00eb t\u00eb madh t\u00eb vajzave dhe grave n\u00eb organizimin dhe drejtimin e Partis\u00eb Demokratike dhe t\u00eb qeverisjes s\u00eb saj t\u00eb ardhshme. N\u00eb k\u00ebt\u00eb kuad\u00ebr, shpreh k\u00ebnaq\u00ebsin\u00eb se k\u00ebt\u00eb vit n\u00eb procesin zgjedhor n\u00eb parti, numri i kryetar\u00ebve t\u00eb deg\u00ebve \u00ebsht\u00eb pakrahasimisht m\u00eb i madh dhe procesi \u00ebsht\u00eb n\u00eb vazhdim, por \u00ebsht\u00eb m\u00eb i madh se asnj\u00ebher\u00eb tjet\u00ebr.<\/p>\n<p>Dhe un\u00eb dua t&#8217;i p\u00ebrsh\u00ebndes me k\u00ebt\u00eb rast t\u00eb gjitha ato zonja q\u00eb mor\u00ebn p\u00ebrsip\u00ebr kurajon p\u00ebr t\u00eb kandiduar dhe fituan n\u00eb drejtimin e deg\u00ebve, disa prej tyre dhe deg\u00ebve m\u00eb t\u00eb m\u00ebdha t\u00eb vendit. \u00cbsht\u00eb ky nj\u00eb zhvillim shum\u00eb pozitiv p\u00ebr Partin\u00eb Demokratike. Sikund\u00ebr, ne jemi n\u00eb nj\u00eb proces zgjedhor tani t\u00eb organeve drejtuese, t\u00eb forumeve drejtuese t\u00eb partis\u00eb. Ju siguroj se normat e p\u00ebrcaktuara do t\u00eb tejkalohen, do t\u00eb respektohen dhe tejkalohen.<\/p>\n<p>Dhe kjo n\u00eb radh\u00eb t\u00eb par\u00eb, jo p\u00ebr shkak t\u00eb norm\u00ebs, por p\u00ebr shkak t\u00eb meritave tuaja t\u00eb padiskutueshme q\u00eb ju keni n\u00eb dhe kontributeve t\u00eb \u00e7muara q\u00eb ju keni dh\u00ebn\u00eb dhe i jepni n\u00eb Partin\u00eb Demokratike. Jam i bindur se me zgjerimin e hap\u00ebsir\u00ebs p\u00ebr vajzat dhe grat\u00eb n\u00eb parti \u00ebsht\u00eb nj\u00eb, \u00ebsht\u00eb nj\u00eb nga rrug\u00ebt m\u00eb t\u00eb sigurta t\u00eb rip\u00ebrt\u00ebritjes dhe t\u00eb gjall\u00ebrimit t\u00eb partis\u00eb.<\/p>\n<p>Por ne jemi demokrat\u00eb dhe duhet t\u00eb kuptojm\u00eb se p\u00ebrfaq\u00ebsimi, problemi i p\u00ebrfaq\u00ebsimit t\u00eb grave dhe vajzave n\u00eb politik\u00eb, n\u00eb rastin konkret n\u00eb udh\u00ebheqjen e Partis\u00eb Demokratike, n\u00eb parlament, n\u00eb t\u00eb gjitha dhe nes\u00ebr n\u00eb qeveri, ka t\u00eb b\u00ebj\u00eb me legjitimitetin, me vet\u00eb legjitimitetin e forumeve drejtuese t\u00eb partis\u00eb, me legjitimitetin e p\u00ebrfaq\u00ebsuesve t\u00eb popullit n\u00eb parlament dhe n\u00eb qeveri.<\/p>\n","protected":false},"excerpt":{"rendered":"<p>Kryetari i PD, Sali Berisha tha se, muri i patriarkalitetit \u00ebsht\u00eb dhunuesi m\u00eb i madh i lirive! Ai tha se, pa fuqizimin e grave dhe vajzave nuk ka demokraci t\u00eb v\u00ebrtet\u00eb. Berisha: Partia Demokratike e konsideron dhe e ka konsideruar gjithmon\u00eb jetike, nj\u00eb betej\u00eb t\u00eb pand\u00ebrprer\u00eb me murin e patriarkalitetit. Duhet t\u00eb jemi t\u00eb vet\u00ebdijsh\u00ebm &hellip;<\/p>\n","protected":false},"author":4,"featured_media":141274,"comment_status":"closed","ping_status":"closed","sticky":false,"template":"","format":"standard","meta":{"footnotes":""},"categories":[37],"tags":[],"class_list":["post-141273","post","type-post","status-publish","format-standard","has-post-thumbnail","","category-politike"],"_links":{"self":[{"href":"https:\/\/rdnews.al\/index.php\/wp-json\/wp\/v2\/posts\/141273","targetHints":{"allow":["GET"]}}],"collection":[{"href":"https:\/\/rdnews.al\/index.php\/wp-json\/wp\/v2\/posts"}],"about":[{"href":"https:\/\/rdnews.al\/index.php\/wp-json\/wp\/v2\/types\/post"}],"author":[{"embeddable":true,"href":"https:\/\/rdnews.al\/index.php\/wp-json\/wp\/v2\/users\/4"}],"replies":[{"embeddable":true,"href":"https:\/\/rdnews.al\/index.php\/wp-json\/wp\/v2\/comments?post=141273"}],"version-history":[{"count":2,"href":"https:\/\/rdnews.al\/index.php\/wp-json\/wp\/v2\/posts\/141273\/revisions"}],"predecessor-version":[{"id":141276,"href":"https:\/\/rdnews.al\/index.php\/wp-json\/wp\/v2\/posts\/141273\/revisions\/141276"}],"wp:featuredmedia":[{"embeddable":true,"href":"https:\/\/rdnews.al\/index.php\/wp-json\/wp\/v2\/media\/141274"}],"wp:attachment":[{"href":"https:\/\/rdnews.al\/index.php\/wp-json\/wp\/v2\/media?parent=141273"}],"wp:term":[{"taxonomy":"category","embeddable":true,"href":"https:\/\/rdnews.al\/index.php\/wp-json\/wp\/v2\/categories?post=141273"},{"taxonomy":"post_tag","embeddable":true,"href":"https:\/\/rdnews.al\/index.php\/wp-json\/wp\/v2\/tags?post=141273"}],"curies":[{"name":"wp","href":"https:\/\/api.w.org\/{rel}","templated":true}]}}