{"id":141277,"date":"2026-04-25T10:07:20","date_gmt":"2026-04-25T10:07:20","guid":{"rendered":"https:\/\/rdnews.al\/?p=141277"},"modified":"2026-04-25T10:07:20","modified_gmt":"2026-04-25T10:07:20","slug":"berisha-shqiperia-ne-alarm-per-vrasjet-e-grave-institucionet-i-fshehin-si-konflikte-familjare","status":"publish","type":"post","link":"https:\/\/rdnews.al\/index.php\/2026\/04\/25\/berisha-shqiperia-ne-alarm-per-vrasjet-e-grave-institucionet-i-fshehin-si-konflikte-familjare\/","title":{"rendered":"Berisha: Shqip\u00ebria n\u00eb alarm p\u00ebr vrasjet e grave, institucionet i fshehin si konflikte familjare!"},"content":{"rendered":"<p>Kryetari i PD, Sali Berisha tha se, Shqip\u00ebria n\u00eb alarm p\u00ebr vrasjet e grave, institucionet i fshehin si konflikte familjare! Berisha theksoi se, Partia Demokratike zotohet p\u00ebr d\u00ebnimet m\u00eb t\u00eb rrepta.<\/p>\n<p><strong>Berisha:<\/strong> Sot n\u00eb Shqip\u00ebri grat\u00eb jan\u00eb shumica absolute, jan\u00eb mbi 52-53% e popullat\u00ebs. Dhe mund t\u00eb themi se \u00e7do p\u00ebrfaq\u00ebsim nd\u00ebr k\u00ebto p\u00ebrqindje \u00ebsht\u00eb nj\u00eb cenim i legjitimitetit, p\u00ebr aq sa legjitimiteti dhe p\u00ebrfaq\u00ebsimi jan\u00eb t\u00eb lidhur n\u00eb m\u00ebnyr\u00eb t\u00eb pazgjidhshme njeri me tjetrin.<\/p>\n<p>Shqip\u00ebria sot p\u00ebrjeton nj\u00eb periudh\u00eb t\u00eb dhimbshme terrori ndaj vajzave dhe grave, e cila n\u00eb aspektet m\u00eb brutale tejkalon at\u00eb t\u00eb t\u00eb gjitha koh\u00ebrave. Duhet t\u00eb jemi realist\u00eb. N\u00eb ato kodet tona t\u00eb vjetra ka patur diskriminim, po ka patur mbrojtje t\u00eb hekurt ndaj gruas. Ka pasur mbrojtje t\u00eb hekurt.<\/p>\n<p>Gruas dhe f\u00ebmij\u00ebve u jepej e nj\u00ebjta mbrojtje. Sot grat\u00eb para dy vitesh statistika ka, se nuk \u00ebsht\u00eb e plot\u00eb kjo q\u00eb, kan\u00eb qen\u00eb 180 gra t\u00eb ekzekutuara, t\u00eb pushkatuara n\u00eb m\u00ebnyra t\u00eb ndryshme, t\u00eb vrara. Ka rrezik q\u00eb kjo shif\u00ebr \u00ebsht\u00eb m\u00eb e lart\u00eb se e gjith\u00eb Evropa marr\u00eb s\u00eb bashku. Dhe kjo sepse nuk mbahet nj\u00eb q\u00ebndrim i p\u00ebrcaktuar, m\u00eb i rrepti q\u00eb duhet t\u00eb mbahet, ndaj k\u00ebtyre akteve.<\/p>\n<p>P\u00ebrkundrazi, un\u00eb e kam ndjekur. N\u00eb nj\u00eb far\u00eb m\u00ebnyre, kan\u00eb tendenc\u00ebn ta veshin, ta sfumojn\u00eb me grindje familjare. Nd\u00ebrkoh\u00eb q\u00eb duhet t\u00eb meritojn\u00eb nd\u00ebshkimet m\u00eb maksimale ata q\u00eb mendojn\u00eb apo guxojn\u00eb t\u00eb marrin jet\u00eb grash dhe vajzash. Dhe ju garantoj se ne zotohemi p\u00ebr d\u00ebnimet m\u00eb t\u00eb rrepta dhe mbrojtjen m\u00eb t\u00eb madhe t\u00eb mundshme ndaj tyre.<\/p>\n<p>Sigurisht ka dhe nj\u00eb faktor tjet\u00ebr. Duhet t\u00eb themi gj\u00ebrat si\u00e7 jan\u00eb. 15-20 vitet e fundit IQ-ja e grave del m\u00eb e lart\u00eb se e burrave. Po. N\u00eb testet e Flintit grat\u00eb kan\u00eb ep\u00ebrsi t\u00eb padiskutueshme. Konstante dhe nuk ka r\u00ebn\u00eb, p\u00ebrkundrazi. Pra, po t&#8217;i marrim n\u00eb rrafshin e intelektit, \u00ebsht\u00eb faktuar.<\/p>\n<p>Un\u00eb gjithmon\u00eb, un\u00eb pedagog, m\u00eb b\u00ebnte p\u00ebrshtypje fakti se, mir\u00eb, ja ta z\u00ebm\u00eb n\u00eb 10 student\u00eb t\u00eb shk\u00eblqyer, t&#8217;ju them t\u00eb v\u00ebrtet\u00ebn ju, minimumi shtat\u00eb do t\u00eb ishin vajza. Dhe mendoja me veten, si ka mund\u00ebsi q\u00eb k\u00ebto tani kaq t\u00eb shk\u00eblqyera dhe m\u00eb von\u00eb ju sfumohet. Sigurisht ua u sfumojn\u00eb padrejt\u00ebsit\u00eb, pabarazit\u00eb e t\u00eb tjer\u00eb. Por gjithnj\u00eb e m\u00eb gjithnj\u00eb e m\u00eb e vet\u00ebdijshme po b\u00ebhet shoq\u00ebria p\u00ebr potencialin e jasht\u00ebzakonsh\u00ebm intelektual q\u00eb kan\u00eb grat\u00eb dhe vajzat.<\/p>\n<p>Edhe n\u00eb k\u00ebt\u00eb kontekst ju garantoj se \u00ebsht\u00eb, Partia Demokratike do ta mbaj\u00eb k\u00ebt\u00eb parasysh si nj\u00eb kusht p\u00ebr t\u00eb arritur q\u00ebllimet e saj m\u00eb t\u00eb mira p\u00ebr t\u00eb drejtat e grave, por edhe p\u00ebr demokracin\u00eb, p\u00ebr zhvillimin e vendit. Edhe nj\u00ebher\u00eb ju fal\u00ebnderoj shum\u00eb p\u00ebr k\u00ebt\u00eb trajnim q\u00eb keni organizuar dhe ju uroj suksese.<\/p>\n","protected":false},"excerpt":{"rendered":"<p>Kryetari i PD, Sali Berisha tha se, Shqip\u00ebria n\u00eb alarm p\u00ebr vrasjet e grave, institucionet i fshehin si konflikte familjare! Berisha theksoi se, Partia Demokratike zotohet p\u00ebr d\u00ebnimet m\u00eb t\u00eb rrepta. Berisha: Sot n\u00eb Shqip\u00ebri grat\u00eb jan\u00eb shumica absolute, jan\u00eb mbi 52-53% e popullat\u00ebs. Dhe mund t\u00eb themi se \u00e7do p\u00ebrfaq\u00ebsim nd\u00ebr k\u00ebto p\u00ebrqindje \u00ebsht\u00eb &hellip;<\/p>\n","protected":false},"author":4,"featured_media":141263,"comment_status":"closed","ping_status":"closed","sticky":false,"template":"","format":"standard","meta":{"footnotes":""},"categories":[37],"tags":[],"class_list":["post-141277","post","type-post","status-publish","format-standard","has-post-thumbnail","","category-politike"],"_links":{"self":[{"href":"https:\/\/rdnews.al\/index.php\/wp-json\/wp\/v2\/posts\/141277","targetHints":{"allow":["GET"]}}],"collection":[{"href":"https:\/\/rdnews.al\/index.php\/wp-json\/wp\/v2\/posts"}],"about":[{"href":"https:\/\/rdnews.al\/index.php\/wp-json\/wp\/v2\/types\/post"}],"author":[{"embeddable":true,"href":"https:\/\/rdnews.al\/index.php\/wp-json\/wp\/v2\/users\/4"}],"replies":[{"embeddable":true,"href":"https:\/\/rdnews.al\/index.php\/wp-json\/wp\/v2\/comments?post=141277"}],"version-history":[{"count":2,"href":"https:\/\/rdnews.al\/index.php\/wp-json\/wp\/v2\/posts\/141277\/revisions"}],"predecessor-version":[{"id":141279,"href":"https:\/\/rdnews.al\/index.php\/wp-json\/wp\/v2\/posts\/141277\/revisions\/141279"}],"wp:featuredmedia":[{"embeddable":true,"href":"https:\/\/rdnews.al\/index.php\/wp-json\/wp\/v2\/media\/141263"}],"wp:attachment":[{"href":"https:\/\/rdnews.al\/index.php\/wp-json\/wp\/v2\/media?parent=141277"}],"wp:term":[{"taxonomy":"category","embeddable":true,"href":"https:\/\/rdnews.al\/index.php\/wp-json\/wp\/v2\/categories?post=141277"},{"taxonomy":"post_tag","embeddable":true,"href":"https:\/\/rdnews.al\/index.php\/wp-json\/wp\/v2\/tags?post=141277"}],"curies":[{"name":"wp","href":"https:\/\/api.w.org\/{rel}","templated":true}]}}