{"id":14128,"date":"2022-06-02T18:58:05","date_gmt":"2022-06-02T18:58:05","guid":{"rendered":"https:\/\/rdnews.al\/?p=14128"},"modified":"2022-06-02T18:58:05","modified_gmt":"2022-06-02T18:58:05","slug":"regjimi-nuk-pagoi-asgje-per-mjekimin-e-ish-presidentit-nishani","status":"publish","type":"post","link":"https:\/\/rdnews.al\/index.php\/2022\/06\/02\/regjimi-nuk-pagoi-asgje-per-mjekimin-e-ish-presidentit-nishani\/","title":{"rendered":"Regjimi nuk pagoi asgj\u00eb p\u00ebr mjekimin e ish-Presidentit Nishani"},"content":{"rendered":"<p>Ish-Presidenti Bujar Nishani nd\u00ebrroi jet\u00eb n\u00eb mosh\u00ebn 56-vje\u00e7are, n\u00eb 28 Maj, n\u00eb nj\u00eb spital n\u00eb Gjermani, pas nj\u00eb s\u00ebmundje t\u00eb r\u00ebnd\u00eb n\u00eb mushk\u00ebri.<\/p>\n<p>I ftuar n\u00eb \u201cMilori Live\u201d, gazetari Blendi Fevziu \u00ebsht\u00eb shprehur se, ka informacione se shteti shqiptar nuk ka paguar asgj\u00eb p\u00ebr mjekimin e ish-Presidentit Bujar Nishani. Nd\u00ebr t\u00eb tjera, Fevziu thot\u00eb se, shtetit shqiptar i takonte p\u00ebr arsye dinjiteti dhe p\u00ebr nj\u00eb raport respekti ndaj personalitetit t\u00eb Nishanit.<\/p>\n<p><strong>Blendi Fevziu:<\/strong>Me aq sa un\u00eb kam informacion dhe besoj q\u00eb nuk jam i gabuar: Shteti shqiptar nuk ka paguar asgj\u00eb p\u00ebr mjekimin e\u00a0Bujar Nishanit. Nj\u00eb mjekim q\u00eb duhet t\u00eb ket\u00eb pasur shuma t\u00eb m\u00ebdha, un\u00eb nuk mund t\u00eb flas p\u00ebr at\u00eb, por q\u00eb shtetit shqiptar i takonte p\u00ebr arsye dinjiteti dhe p\u00ebr nj\u00eb raport respekti ndaj personalitetit t\u00eb tij sepse ne nuk kemi pasur shum\u00eb me gjith\u00eb historin\u00eb e Shqip\u00ebris\u00eb, ne kemi pasur 9 president\u00eb duke futur k\u00ebtu edhe Ahmet Zogun. Shteti shqiptar, mesa di un\u00eb nuk ka paguar asgj\u00eb p\u00ebr mjekimin e tij. Do t\u00eb ishte n\u00eb dinjitetin e shtetit q\u00eb personalitete t\u00eb tilla t\u00eb larta t\u00eb ken\u00eb t\u00eb p\u00ebrfshir\u00eb edhe mjekimin. Shteti shqiptar ka paguar p\u00ebr mjekimin e shum\u00eb personazheve dhe ka b\u00ebr\u00eb shum\u00eb mir\u00eb, kushdo q\u00eb ka nevoj\u00eb, shteti mund t\u00eb ia paguaj\u00eb, n\u00ebse mundet t\u00eb ia paguaj\u00eb. N\u00eb k\u00ebt\u00eb rast, do t\u00eb ishte n\u00eb nderin e shtetit q\u00eb t\u00eb kishte paguar edhe faturat e mjekimit t\u00eb pafat n\u00eb nj\u00eb far\u00eb m\u00ebnyre t\u00eb Bujar Nishanit.<em>\/<\/em><strong>tvklan.al<\/strong><\/p>\n","protected":false},"excerpt":{"rendered":"<p>Ish-Presidenti Bujar Nishani nd\u00ebrroi jet\u00eb n\u00eb mosh\u00ebn 56-vje\u00e7are, n\u00eb 28 Maj, n\u00eb nj\u00eb spital n\u00eb Gjermani, pas nj\u00eb s\u00ebmundje t\u00eb r\u00ebnd\u00eb n\u00eb mushk\u00ebri. I ftuar n\u00eb \u201cMilori Live\u201d, gazetari Blendi Fevziu \u00ebsht\u00eb shprehur se, ka informacione se shteti shqiptar nuk ka paguar asgj\u00eb p\u00ebr mjekimin e ish-Presidentit Bujar Nishani. Nd\u00ebr t\u00eb tjera, Fevziu thot\u00eb se, &hellip;<\/p>\n","protected":false},"author":4,"featured_media":14129,"comment_status":"open","ping_status":"open","sticky":false,"template":"","format":"standard","meta":{"footnotes":""},"categories":[40],"tags":[],"class_list":["post-14128","post","type-post","status-publish","format-standard","has-post-thumbnail","","category-aktualitet"],"_links":{"self":[{"href":"https:\/\/rdnews.al\/index.php\/wp-json\/wp\/v2\/posts\/14128","targetHints":{"allow":["GET"]}}],"collection":[{"href":"https:\/\/rdnews.al\/index.php\/wp-json\/wp\/v2\/posts"}],"about":[{"href":"https:\/\/rdnews.al\/index.php\/wp-json\/wp\/v2\/types\/post"}],"author":[{"embeddable":true,"href":"https:\/\/rdnews.al\/index.php\/wp-json\/wp\/v2\/users\/4"}],"replies":[{"embeddable":true,"href":"https:\/\/rdnews.al\/index.php\/wp-json\/wp\/v2\/comments?post=14128"}],"version-history":[{"count":0,"href":"https:\/\/rdnews.al\/index.php\/wp-json\/wp\/v2\/posts\/14128\/revisions"}],"wp:featuredmedia":[{"embeddable":true,"href":"https:\/\/rdnews.al\/index.php\/wp-json\/wp\/v2\/media\/14129"}],"wp:attachment":[{"href":"https:\/\/rdnews.al\/index.php\/wp-json\/wp\/v2\/media?parent=14128"}],"wp:term":[{"taxonomy":"category","embeddable":true,"href":"https:\/\/rdnews.al\/index.php\/wp-json\/wp\/v2\/categories?post=14128"},{"taxonomy":"post_tag","embeddable":true,"href":"https:\/\/rdnews.al\/index.php\/wp-json\/wp\/v2\/tags?post=14128"}],"curies":[{"name":"wp","href":"https:\/\/api.w.org\/{rel}","templated":true}]}}