{"id":141302,"date":"2026-04-25T11:15:47","date_gmt":"2026-04-25T11:15:47","guid":{"rendered":"https:\/\/rdnews.al\/?p=141302"},"modified":"2026-04-25T11:15:47","modified_gmt":"2026-04-25T11:15:47","slug":"berisha-patronazhistet-kercenuan-mamane-e-vajzes-se-re-pse-doli-ne-nje-foto-me-deputetin-klevis-balliu","status":"publish","type":"post","link":"https:\/\/rdnews.al\/index.php\/2026\/04\/25\/berisha-patronazhistet-kercenuan-mamane-e-vajzes-se-re-pse-doli-ne-nje-foto-me-deputetin-klevis-balliu\/","title":{"rendered":"Berisha: Patronazhist\u00ebt k\u00ebrc\u00ebnuan maman\u00eb e vajz\u00ebs s\u00eb re pse doli n\u00eb nj\u00eb foto me deputetin Klevis Balliu"},"content":{"rendered":"<p><strong>Laert Mera. P\u00ebrsh\u00ebndetje doktor. M\u00eb 17 prill, nd\u00ebrkoh\u00eb q\u00eb protestohej n\u00eb bulevard, n\u00eb zona t\u00eb tjera t\u00eb Tiran\u00ebs jeta vazhdonte normalisht. Familje, lokale, sh\u00ebtitje, pazare. A nuk tregon kjo se protesta nuk po arrin t\u00eb prek\u00eb t\u00eb gjith\u00eb qytetin dhe se duhet menduar nj\u00eb m\u00ebnyr\u00eb m\u00eb e gjer\u00eb p\u00ebr ta p\u00ebrfshir\u00eb Tiran\u00ebn?<\/strong><\/p>\n<p><strong>Sali Berisha:<\/strong> S\u00eb pari, i dashur mik, mendoj se duhet t\u00eb shtrojm\u00eb pyetjen. Si ka mund\u00ebsi, q\u00eb Edi Rama t\u00eb mbyll\u00eb drejt\u00ebsin\u00eb.<br \/>\nPas Saimir Tahirit, \u00ebsht\u00eb hera e dyt\u00eb. T\u00eb mos lejoj\u00eb drejt\u00ebsin\u00eb t\u00eb arrestoj\u00eb p\u00ebr aferat q\u00eb shkojn\u00eb sipas dosjes 1.2 miliard\u00eb euro. Si ka mund\u00ebsi q\u00eb qytetari shqiptar, ai q\u00eb ulet n\u00eb kafe dhe ai q\u00eb mban dyqanin hapur, t\u00eb mos protestoj\u00eb p\u00ebr rritjen stratosferike t\u00eb \u00e7mimit t\u00eb naft\u00ebs?<\/p>\n<p>Si ka mund\u00ebsi q\u00eb, qytetari shqiptar t\u00eb mos protestoj\u00eb kur d\u00ebgjon se prej dy muaj rresht, raport i jasht\u00ebzakonisht i r\u00ebnd\u00ebsish\u00ebm nuk votohet n\u00eb Bashkimin Europian p\u00ebr Shqip\u00ebrin\u00eb? Si ka mund\u00ebsi kur partner\u00ebt tan\u00eb nd\u00ebrkomb\u00ebtar\u00eb d\u00ebnojn\u00eb veprimin e Edi Ram\u00ebs dhe ai nuk pyet, por mbron Lubi Ballukun.<br \/>\nSi ka mund\u00ebsi q\u00eb sip\u00ebrmarrja q\u00eb \u00ebsht\u00eb quajtur kopshti privat i Edi Ram\u00ebs, q\u00eb \u00ebsht\u00eb nj\u00eb agjenci shtet\u00ebrore, t\u00eb jet\u00eb e para n\u00eb historin\u00eb e k\u00ebtij vendi q\u00eb merr peng biznesmen\u00eb dhe njer\u00ebz? Ju pyes un\u00eb ju.<\/p>\n<p>A jan\u00eb k\u00ebto motive q\u00eb p\u00ebr \u00e7do qytetar q\u00eb t\u00eb revoltohet? Po. Ju mund t\u00eb m\u00eb thoni, k\u00ebto jan\u00eb po k\u00ebta s&#8217;kan\u00eb besim tek Partia Demokratike. Ata q\u00eb s&#8217;kan\u00eb besim tek Partia Demokratike mund t\u00eb derdhen vet\u00eb n\u00eb rrug\u00eb, si\u00e7 ndodh prore. Po ata nuk derdhen n\u00eb rrug\u00eb.<\/p>\n<p>Ata q\u00eb s&#8217;kan\u00eb besim tek Partia Demokratike mund t\u00eb ndjeknin protest\u00ebn e shoq\u00ebris\u00eb civile. Ishte e partis\u00eb. U mblodh\u00ebn 10 vet\u00eb. \u00c7far\u00eb tregon kjo, i dashur mik? Kjo tregon shkall\u00ebn e tmerrshme t\u00eb frik\u00ebs q\u00eb kan\u00eb njer\u00ebzit dhe ju nuk e realizoni k\u00ebt\u00eb.<\/p>\n<p>Kjo shumic\u00eb e heshtur \u00ebsht\u00eb shumic\u00eb e frik\u00ebsuar, gjer n\u00eb palc\u00eb. E frik\u00ebsuar sepse humbet vendin e pun\u00ebs, e frik\u00ebsuar sepse i mbyllin dyqanin. Do t\u00eb jap nj\u00eb shembull. E kam dh\u00ebn\u00eb disa her\u00eb, po e jap prap\u00eb p\u00ebr ju.<\/p>\n<p>Kat\u00ebr jav\u00eb m\u00eb par\u00eb n\u00eb Beograd u arrestuan kat\u00ebr shqiptar\u00eb, sepse nj\u00ebri prej tyre kishte postuar n\u00eb Facebook flamurin Autoktonus, flamurin me portretin e Ismail Qemalit dhe dhe Isa Boletinit dhe kishte th\u00ebn\u00eb disa fjal\u00eb jo t\u00eb mira p\u00ebr Serbin\u00eb. Policia e kontrollit t\u00eb mediave sociale e dikton dhe shkoi dhe arrestoi n\u00eb hotel.<\/p>\n<p>Po mos harro se t\u00eb nes\u00ebrmen n\u00eb Shqip\u00ebri ka ndodhur ky episod.<br \/>\nN\u00eb lagjen Astir, Klevis deputeti Klevis Balliu po shp\u00ebrndante fletushka, flet\u00ebpalosje p\u00ebr protest\u00ebn. Nj\u00eb nga ato q\u00eb merr dhe nj\u00eb vajz\u00eb e re, merr flet\u00ebpalosjen. Dhe ajo b\u00ebn nj\u00eb foto me Klevisin, me deputetin, t\u00eb cil\u00ebn Klevis e hedh n\u00eb Facebook.<\/p>\n<p>N\u00eb dark\u00eb, Klevisit i troket dera. Hap der\u00ebn, sheh ishte kjo vajza. I thot\u00eb deputet, t\u00eb lutem thot\u00eb, m\u00eb hiq pak at\u00eb foton se i ka shkuar mamit tek puna me foto, patronazhist\u00ebt dhe i kan\u00eb th\u00ebn\u00eb q\u00eb ja kush \u00ebsht\u00eb vajza jote, po merr at\u00eb dhe ose t\u00eb heq.<\/p>\n<p>Me nj\u00eb fjal\u00eb, vajza i k\u00ebrkoi t\u00eb heq\u00eb. Prandaj duhet t\u00eb thellohesh pak m\u00eb shum\u00eb n\u00eb realitetin q\u00eb jeton, q\u00eb jetojn\u00eb shqiptar\u00ebt.<\/p>\n<p>Ka nj\u00eb moment. Un\u00eb kam memorie. Me dat\u00ebn 9 dhjetor, nuk e harroj kurr\u00eb. 24 or\u00eb tek student\u00ebt nuk ka shkel njeri. Kemi qen\u00eb dy vet\u00eb dhe student\u00ebt. Jo se nuk e dinin. Jo, e dinin. Tirana gum\u00ebzhinte. Por kishin frik\u00eb. Ndaj dhe mendoj se duhet respekti m\u00eb i madh p\u00ebr ata guximtar\u00eb q\u00eb dalin e p\u00ebrballen aty dhe q\u00eb dhe q\u00eb duan ta damkosin si protest\u00eb e Partis\u00eb Demokratike.<\/p>\n<p>Ajo \u00ebsht\u00eb protest\u00eb e shqiptar\u00ebve t\u00eb guximsh\u00ebm, n\u00eb mbrojtjen m\u00eb jetike t\u00eb interesave t\u00eb shqiptar\u00ebve. Prandaj dhe t\u00eb b\u00ebjm\u00eb gjith\u00e7ka q\u00eb t\u00eb vrasim frik\u00ebn tek njer\u00ebzit. T\u00eb b\u00ebjm\u00eb gjith\u00e7ka p\u00ebr t\u00eb bindur ata se heshtja \u00ebsht\u00eb aleati m\u00eb i \u00e7muar i regjimit. Heshtja \u00ebsht\u00eb mb\u00ebshtetja m\u00eb e madhe q\u00eb mund t&#8217;i jepet atyre. Faleminderit.<\/p>\n","protected":false},"excerpt":{"rendered":"<p>Laert Mera. P\u00ebrsh\u00ebndetje doktor. M\u00eb 17 prill, nd\u00ebrkoh\u00eb q\u00eb protestohej n\u00eb bulevard, n\u00eb zona t\u00eb tjera t\u00eb Tiran\u00ebs jeta vazhdonte normalisht. Familje, lokale, sh\u00ebtitje, pazare. A nuk tregon kjo se protesta nuk po arrin t\u00eb prek\u00eb t\u00eb gjith\u00eb qytetin dhe se duhet menduar nj\u00eb m\u00ebnyr\u00eb m\u00eb e gjer\u00eb p\u00ebr ta p\u00ebrfshir\u00eb Tiran\u00ebn? Sali Berisha: S\u00eb &hellip;<\/p>\n","protected":false},"author":4,"featured_media":141303,"comment_status":"closed","ping_status":"closed","sticky":false,"template":"","format":"standard","meta":{"footnotes":""},"categories":[37],"tags":[],"class_list":["post-141302","post","type-post","status-publish","format-standard","has-post-thumbnail","","category-politike"],"_links":{"self":[{"href":"https:\/\/rdnews.al\/index.php\/wp-json\/wp\/v2\/posts\/141302","targetHints":{"allow":["GET"]}}],"collection":[{"href":"https:\/\/rdnews.al\/index.php\/wp-json\/wp\/v2\/posts"}],"about":[{"href":"https:\/\/rdnews.al\/index.php\/wp-json\/wp\/v2\/types\/post"}],"author":[{"embeddable":true,"href":"https:\/\/rdnews.al\/index.php\/wp-json\/wp\/v2\/users\/4"}],"replies":[{"embeddable":true,"href":"https:\/\/rdnews.al\/index.php\/wp-json\/wp\/v2\/comments?post=141302"}],"version-history":[{"count":1,"href":"https:\/\/rdnews.al\/index.php\/wp-json\/wp\/v2\/posts\/141302\/revisions"}],"predecessor-version":[{"id":141304,"href":"https:\/\/rdnews.al\/index.php\/wp-json\/wp\/v2\/posts\/141302\/revisions\/141304"}],"wp:featuredmedia":[{"embeddable":true,"href":"https:\/\/rdnews.al\/index.php\/wp-json\/wp\/v2\/media\/141303"}],"wp:attachment":[{"href":"https:\/\/rdnews.al\/index.php\/wp-json\/wp\/v2\/media?parent=141302"}],"wp:term":[{"taxonomy":"category","embeddable":true,"href":"https:\/\/rdnews.al\/index.php\/wp-json\/wp\/v2\/categories?post=141302"},{"taxonomy":"post_tag","embeddable":true,"href":"https:\/\/rdnews.al\/index.php\/wp-json\/wp\/v2\/tags?post=141302"}],"curies":[{"name":"wp","href":"https:\/\/api.w.org\/{rel}","templated":true}]}}