{"id":141361,"date":"2026-04-26T21:05:53","date_gmt":"2026-04-26T21:05:53","guid":{"rendered":"https:\/\/rdnews.al\/?p=141361"},"modified":"2026-04-26T21:05:53","modified_gmt":"2026-04-26T21:05:53","slug":"koalicioni-i-shqiptareve-ne-maqedoni-pse-tirana-zyrtare-hesht-hoxha-te-jape-doreheqjen","status":"publish","type":"post","link":"https:\/\/rdnews.al\/index.php\/2026\/04\/26\/koalicioni-i-shqiptareve-ne-maqedoni-pse-tirana-zyrtare-hesht-hoxha-te-jape-doreheqjen\/","title":{"rendered":"Koalicioni i shqiptar\u00ebve n\u00eb Maqedoni\/ &#8220;Pse Tirana zyrtare hesht? Hoxha t\u00eb jap\u00eb dor\u00ebheqjen&#8221;"},"content":{"rendered":"<p>VLEN, koalicioni i partive shqiptare n\u00eb qeveri n\u00eb Maqedonin\u00eb e Veriut ka k\u00ebrkuar dor\u00ebheqjen e ministrit t\u00eb Jasht\u00ebm shqiptar Ferit Hoxha, pas mesazheve ku pretendohet se Hoxha iu \u00ebsht\u00eb drejtuar shqiptar\u00ebve t\u00eb Maqedonis\u00eb s\u00eb Veriut, \u201cpo ata idiot\u00ebt shqiptar\u00eb atje \u00e7far\u00eb thon\u00eb?\u201d, n\u00eb nj\u00eb komunikim n\u00eb nj\u00eb grup.<\/p>\n<p>N\u00eb reagim, VLEN thot\u00eb se mesazhi p\u00ebrb\u00ebn skandal t\u00eb r\u00ebnd\u00eb diplomatik, dhe se duhet k\u00ebrkuar falje publike.<\/p>\n<p><em>\u201c<\/em>Fshirja e postimit nuk mjafton, ministri Ferit Hoxha duhet t\u00eb k\u00ebrkoj\u00eb falje publike. Mesazhi p\u00ebr\u00e7mues i ministrit t\u00eb Shqip\u00ebris\u00eb, Ferit Hoxha, ndaj shqiptar\u00ebve t\u00eb Maqedonis\u00eb s\u00eb Veriut, duke i quajtur \u201cidiot\u00eb\u201d, p\u00ebrb\u00ebn skandal t\u00eb r\u00ebnd\u00eb politik dhe diplomatik. Nj\u00eb gjuh\u00eb e till\u00eb \u00ebsht\u00eb e papranueshme, fyese dhe larg \u00e7do etike. Ajo d\u00ebshmon munges\u00eb t\u00eb kultur\u00ebs diplomatike dhe hap dilema serioze se si mund nj\u00eb p\u00ebrfaq\u00ebsues i shtetit shqiptar t\u00eb flas\u00eb me p\u00ebr\u00e7mim p\u00ebr shqiptar\u00ebt k\u00ebtej kufirit.\u00a0VLEN nuk mund ta trajtoj\u00eb k\u00ebt\u00eb rast si nj\u00eb incident t\u00eb zakonsh\u00ebm komunikimi. Reagimet e shumta nga Shqip\u00ebria, Maqedonia e Veriut, p\u00ebrfaq\u00ebsues politik\u00eb, gazetar\u00eb, publicist\u00eb dhe qytetar\u00eb d\u00ebshmuan se kjo gjuh\u00eb u lexua ashtu si\u00e7 ishte fyese, p\u00ebr\u00e7muese dhe e papranueshme. Pas k\u00ebsaj, Hoxha e fshiu postimin, sikur me nj\u00eb klik mund t\u00eb fshihej edhe ofendimi publik. Por fshirja e postimit nuk mjafton. P\u00ebr nj\u00eb akt t\u00eb till\u00eb duhet falje publike. Edhe m\u00eb shqet\u00ebsuese \u00ebsht\u00eb heshtja e Tiran\u00ebs zyrtare. Asnj\u00eb distancim dhe asnj\u00eb fjal\u00eb p\u00ebr k\u00ebt\u00eb gjuh\u00eb denigruese ndaj shqiptar\u00ebve t\u00eb Maqedonis\u00eb s\u00eb Veriut. Mesazhi b\u00ebhet edhe m\u00eb i r\u00ebnd\u00eb nga fakti se n\u00eb at\u00eb komunikim figuron edhe ambasadori i Shqip\u00ebris\u00eb n\u00eb Shkup, Denion Meidani. N\u00eb vend q\u00eb t\u00eb d\u00ebnohej nj\u00eb gjuh\u00eb e till\u00eb, me t\u00eb drejt\u00eb \u00ebsht\u00eb krijuar p\u00ebrshtypja se Tirana zyrtare, p\u00ebrmes ambasadorit t\u00eb saj, po vendoset n\u00eb funksion t\u00eb opozit\u00ebs shqiptare n\u00eb Maqedonin\u00eb e Veriut. Kjo \u00ebsht\u00eb e papranueshme.<\/p>\n<p>Kush p\u00ebrpiqet ta paraqes\u00eb k\u00ebt\u00eb si ofendim vet\u00ebm ndaj VLEN-it, gabon r\u00ebnd\u00eb. VLEN-in e kan\u00eb votuar dhjet\u00ebra mij\u00ebra shqiptar\u00eb. Pas VLEN-it q\u00ebndrojn\u00eb familje, intelektual\u00eb, pun\u00ebtor\u00eb, pleq e t\u00eb rinj, njer\u00ebz t\u00eb ndersh\u00ebm q\u00eb kan\u00eb zgjedhur me vot\u00eb rrug\u00ebn e tyre politike. Prandaj, ky nuk \u00ebsht\u00eb vet\u00ebm sulm ndaj nj\u00eb subjekti politik, por p\u00ebr\u00e7mim ndaj nj\u00eb pjese t\u00eb madhe t\u00eb elektoratit shqiptar n\u00eb Maqedonin\u00eb e Veriut. Shqiptar\u00ebt e Maqedonis\u00eb s\u00eb Veriut nuk jan\u00eb periferi e kombit. Ata jan\u00eb pjes\u00eb e pandashme e trungut shqiptar. \u00c7do gjuh\u00eb p\u00ebr\u00e7muese ndaj tyre nuk prek vet\u00ebm nj\u00eb subjekt politik, por fyen nj\u00eb pjes\u00eb t\u00eb gjall\u00eb t\u00eb kombit shqiptar. Ferit Hoxha duhet s\u00eb paku t\u00eb k\u00ebrkoj\u00eb falje publike\u201d-thuhet n\u00eb reagimin e VLEN.<\/p>\n","protected":false},"excerpt":{"rendered":"<p>VLEN, koalicioni i partive shqiptare n\u00eb qeveri n\u00eb Maqedonin\u00eb e Veriut ka k\u00ebrkuar dor\u00ebheqjen e ministrit t\u00eb Jasht\u00ebm shqiptar Ferit Hoxha, pas mesazheve ku pretendohet se Hoxha iu \u00ebsht\u00eb drejtuar shqiptar\u00ebve t\u00eb Maqedonis\u00eb s\u00eb Veriut, \u201cpo ata idiot\u00ebt shqiptar\u00eb atje \u00e7far\u00eb thon\u00eb?\u201d, n\u00eb nj\u00eb komunikim n\u00eb nj\u00eb grup. N\u00eb reagim, VLEN thot\u00eb se mesazhi p\u00ebrb\u00ebn &hellip;<\/p>\n","protected":false},"author":3,"featured_media":141362,"comment_status":"closed","ping_status":"closed","sticky":false,"template":"","format":"standard","meta":{"footnotes":""},"categories":[38],"tags":[],"class_list":["post-141361","post","type-post","status-publish","format-standard","has-post-thumbnail","","category-bota"],"_links":{"self":[{"href":"https:\/\/rdnews.al\/index.php\/wp-json\/wp\/v2\/posts\/141361","targetHints":{"allow":["GET"]}}],"collection":[{"href":"https:\/\/rdnews.al\/index.php\/wp-json\/wp\/v2\/posts"}],"about":[{"href":"https:\/\/rdnews.al\/index.php\/wp-json\/wp\/v2\/types\/post"}],"author":[{"embeddable":true,"href":"https:\/\/rdnews.al\/index.php\/wp-json\/wp\/v2\/users\/3"}],"replies":[{"embeddable":true,"href":"https:\/\/rdnews.al\/index.php\/wp-json\/wp\/v2\/comments?post=141361"}],"version-history":[{"count":1,"href":"https:\/\/rdnews.al\/index.php\/wp-json\/wp\/v2\/posts\/141361\/revisions"}],"predecessor-version":[{"id":141363,"href":"https:\/\/rdnews.al\/index.php\/wp-json\/wp\/v2\/posts\/141361\/revisions\/141363"}],"wp:featuredmedia":[{"embeddable":true,"href":"https:\/\/rdnews.al\/index.php\/wp-json\/wp\/v2\/media\/141362"}],"wp:attachment":[{"href":"https:\/\/rdnews.al\/index.php\/wp-json\/wp\/v2\/media?parent=141361"}],"wp:term":[{"taxonomy":"category","embeddable":true,"href":"https:\/\/rdnews.al\/index.php\/wp-json\/wp\/v2\/categories?post=141361"},{"taxonomy":"post_tag","embeddable":true,"href":"https:\/\/rdnews.al\/index.php\/wp-json\/wp\/v2\/tags?post=141361"}],"curies":[{"name":"wp","href":"https:\/\/api.w.org\/{rel}","templated":true}]}}