{"id":141364,"date":"2026-04-27T08:27:19","date_gmt":"2026-04-27T08:27:19","guid":{"rendered":"https:\/\/rdnews.al\/?p=141364"},"modified":"2026-04-27T08:27:19","modified_gmt":"2026-04-27T08:27:19","slug":"takimi-me-zyrtarin-e-cdu-berisha-do-intensifikojme-bashkepunimin-integrimi-ne-be-te-bazohet-ne-merita","status":"publish","type":"post","link":"https:\/\/rdnews.al\/index.php\/2026\/04\/27\/takimi-me-zyrtarin-e-cdu-berisha-do-intensifikojme-bashkepunimin-integrimi-ne-be-te-bazohet-ne-merita\/","title":{"rendered":"Takimi me zyrtarin e CDU, Berisha: Do intensifikojm\u00eb bashk\u00ebpunimin, integrimi n\u00eb BE t\u00eb bazohet n\u00eb merita"},"content":{"rendered":"<p>Kryetari i PD, Sali Berisha ka zhvilluar nj\u00eb konferenc\u00eb me gazetar\u00ebt, pas takimit me zyrtarin gjerman, Dr. Christian Forneck, k\u00ebshilltar p\u00ebr politik\u00ebn e jashtme dhe t\u00eb siguris\u00eb pran\u00eb grupit parlamentar CDU\/CSU n\u00eb Bundestag.<\/p>\n<p>N\u00eb fja\u00ebn e tij, Berisha theksoi se Partia Demokratike do intensifikoj\u00eb bashk\u00ebpunimin me partner\u00ebt, si dhe k\u00ebrkoi q\u00eb integrimi n\u00eb BE duhet t\u00eb jet\u00eb nj\u00eb proces i bazuar n\u00eb merita.<\/p>\n<p><strong>Berisha:<\/strong> Zyrtar\u00ebt e Bundestagut jan\u00eb miq t\u00eb shk\u00eblqyer t\u00eb cil\u00ebt i kan\u00eb dh\u00ebn\u00eb nj\u00eb ndihm\u00eb t\u00eb \u00e7muar n\u00eb opozit\u00eb dhe n\u00eb qeveri, n\u00eb koh\u00ebra t\u00eb mira dhe n\u00eb koh\u00ebra t\u00eb v\u00ebshtira, Partis\u00eb Demokratike.<\/p>\n<p>Diskutuam gjer\u00ebsisht p\u00ebr k\u00ebt\u00eb bashk\u00ebpunim dhe e njoha mikun e \u00e7muar me t\u00eb gjitha zhvillimet n\u00eb Shqip\u00ebri.<\/p>\n<p>Me shnd\u00ebrrimin e procesit zgjedhor n\u00eb fars\u00eb elektorale nga Edi Rrama, n\u00eb p\u00ebrqendrimin e t\u00eb gjitha pushteteve n\u00eb duart e nj\u00eb njeriu.<\/p>\n<p>N\u00eb rolin e jasht\u00ebzakonsh\u00ebm t\u00eb dreog\u00ebs ku informova n\u00eb Shqip\u00ebri, n\u00eb dallim nga Gjeorgjia dhe Bjellorusia, nuk \u00ebsht\u00eb rusi Big Brother, si\u00e7 \u00ebsht\u00eb atje, por Big Brother k\u00ebtu \u00ebsht\u00eb droga, dhe Big Brother jan\u00eb klanet e drgo\u00ebs t\u00eb lidhura me kreun e Meduz\u00ebs, q\u00eb \u00ebsht\u00eb Edi Rama.<\/p>\n<p>Ram\u00eb dakord q\u00eb t\u00eb intensifikojm\u00eb bashk\u00ebpunimin n\u00eb interesin m\u00eb t\u00eb mir\u00eb t\u00eb procesit t\u00eb integrimit t\u00eb Shqpip\u00ebris\u00eb n\u00eb BE, i cili, theksoj edhe nj\u00ebher\u00eb, duhet t\u00eb jet\u00eb nj\u00eb proces i bazuar n\u00eb merit\u00eb, sepse vet\u00ebm nj\u00eb proces i bazuar n\u00eb merit\u00eb \u00ebsht\u00eb interesi absolut i qytetar\u00ebve shqiptar\u00eb.<\/p>\n<p>\u00cbsht\u00eb interesi absolut m\u00eb i mir\u00eb i qytetar\u00ebve t\u00eb BE.<\/p>\n<p>Nj\u00eb Shqip\u00ebri, epiqend\u00ebr operacionale e organizatave kriminale t\u00eb rajonit, t\u00eb Europ\u00ebs dhe t\u00eb bot\u00ebs, si\u00e7 cil\u00ebsohet n\u00eb disa raporte t\u00eb Departamentit t\u00eb Shtetit, \u00ebsht\u00eb nj\u00eb rrezik real p\u00ebr paqen, sigurin\u00eb n\u00eb Shqip\u00ebri, rajon e me gjer\u00eb.<\/p>\n<p>Ndaj dhe kushtet, p\u00ebr mendimin tim, se jemi dakord me miqt\u00eb, duhet t\u00eb jet\u00eb nj\u00eb proces i bazuar n\u00eb merit\u00eb, \u00e7ka ekzistojn\u00eb t\u00eb gjitha mund\u00ebsit\u00eb, por jo me Edi Ram\u00ebn.<\/p>\n<p>Edi Rama \u00ebsht\u00eb udh\u00ebheq\u00ebs kryesor i klaneve t\u00eb drog\u00ebs n\u00eb Shqip\u00ebri.<\/p>\n","protected":false},"excerpt":{"rendered":"<p>Kryetari i PD, Sali Berisha ka zhvilluar nj\u00eb konferenc\u00eb me gazetar\u00ebt, pas takimit me zyrtarin gjerman, Dr. Christian Forneck, k\u00ebshilltar p\u00ebr politik\u00ebn e jashtme dhe t\u00eb siguris\u00eb pran\u00eb grupit parlamentar CDU\/CSU n\u00eb Bundestag. N\u00eb fja\u00ebn e tij, Berisha theksoi se Partia Demokratike do intensifikoj\u00eb bashk\u00ebpunimin me partner\u00ebt, si dhe k\u00ebrkoi q\u00eb integrimi n\u00eb BE duhet &hellip;<\/p>\n","protected":false},"author":4,"featured_media":141365,"comment_status":"closed","ping_status":"closed","sticky":false,"template":"","format":"standard","meta":{"footnotes":""},"categories":[37],"tags":[],"class_list":["post-141364","post","type-post","status-publish","format-standard","has-post-thumbnail","","category-politike"],"_links":{"self":[{"href":"https:\/\/rdnews.al\/index.php\/wp-json\/wp\/v2\/posts\/141364","targetHints":{"allow":["GET"]}}],"collection":[{"href":"https:\/\/rdnews.al\/index.php\/wp-json\/wp\/v2\/posts"}],"about":[{"href":"https:\/\/rdnews.al\/index.php\/wp-json\/wp\/v2\/types\/post"}],"author":[{"embeddable":true,"href":"https:\/\/rdnews.al\/index.php\/wp-json\/wp\/v2\/users\/4"}],"replies":[{"embeddable":true,"href":"https:\/\/rdnews.al\/index.php\/wp-json\/wp\/v2\/comments?post=141364"}],"version-history":[{"count":1,"href":"https:\/\/rdnews.al\/index.php\/wp-json\/wp\/v2\/posts\/141364\/revisions"}],"predecessor-version":[{"id":141366,"href":"https:\/\/rdnews.al\/index.php\/wp-json\/wp\/v2\/posts\/141364\/revisions\/141366"}],"wp:featuredmedia":[{"embeddable":true,"href":"https:\/\/rdnews.al\/index.php\/wp-json\/wp\/v2\/media\/141365"}],"wp:attachment":[{"href":"https:\/\/rdnews.al\/index.php\/wp-json\/wp\/v2\/media?parent=141364"}],"wp:term":[{"taxonomy":"category","embeddable":true,"href":"https:\/\/rdnews.al\/index.php\/wp-json\/wp\/v2\/categories?post=141364"},{"taxonomy":"post_tag","embeddable":true,"href":"https:\/\/rdnews.al\/index.php\/wp-json\/wp\/v2\/tags?post=141364"}],"curies":[{"name":"wp","href":"https:\/\/api.w.org\/{rel}","templated":true}]}}