{"id":141367,"date":"2026-04-27T08:30:09","date_gmt":"2026-04-27T08:30:09","guid":{"rendered":"https:\/\/rdnews.al\/?p=141367"},"modified":"2026-04-27T09:09:30","modified_gmt":"2026-04-27T09:09:30","slug":"berisha-mashtrimet-e-rames-per-integrimin-kane-marre-fund-olsi-rama-eshte-kryepeshkaqeni-i-call-centerave","status":"publish","type":"post","link":"https:\/\/rdnews.al\/index.php\/2026\/04\/27\/berisha-mashtrimet-e-rames-per-integrimin-kane-marre-fund-olsi-rama-eshte-kryepeshkaqeni-i-call-centerave\/","title":{"rendered":"Berisha pas takimit me zyrtarin gjerman\/ Olsi Rama, kryepeshkaqeni i call-centerave, vendi i par\u00eb p\u00ebr transportin e kokain\u00ebs nga Amerika Latine!"},"content":{"rendered":"<p><strong>Gazetar\u00ebt: Z. Berisha, ju keni b\u00ebr\u00eb nj\u00eb seri takimesh sa i p\u00ebrket p\u00ebrfaq\u00ebsuesve t\u00eb Bundestagut. Cilat kan\u00eb qen\u00eb reagimet e tyre pasi ju i keni njohur me k\u00ebt\u00eb, le t\u00eb themi me faktet tuaja apo pretendimet tuaja n\u00eb lidhje me qeverisjen e vendit?<\/strong><\/p>\n<p><strong>Sali Berisha:<\/strong> Tani, duhet t\u00eb dim\u00eb nj\u00eb gj\u00eb. Bundestagu \u00ebsht\u00eb parlamenti q\u00eb, si\u00e7 e dini, ka ndjekur n\u00eb m\u00ebnyr\u00ebn m\u00eb serioze dhe m\u00eb t\u00eb p\u00ebrgjegjshme, por edhe dashamir\u00ebse, dua ta them k\u00ebtu, procesin e integrimit t\u00eb vendeve tona t\u00eb rajonit n\u00eb Bashkimin Europian.<br \/>\nPse dashamir\u00ebse? Sepse edhe n\u00eb koh\u00ebrat e skepticizmit m\u00eb t\u00eb madh, ky institucion nuk ra n\u00eb nj\u00eb skepticiz\u00ebm t\u00eb till\u00eb, por p\u00ebrkundrazi, insistoi dhe insiston q\u00eb ky proces t\u00eb vazhdoj\u00eb i bazuar n\u00eb merit\u00eb.<br \/>\nJu kujtohet ju, mendoj se plani i tyre, k\u00ebrkesat e tyre prej 13 pikash p\u00ebr Beogradin kan\u00eb qen\u00eb nj\u00eb dokument, do ta quaja historik, t\u00eb cilit n\u00eb qoft\u00eb se Serbia do t&#8217;i ishte p\u00ebrmbajtur, do ishte sot absolutisht an\u00ebtare e Bashkimit Europian.<br \/>\nPlani prej 15 pikash, q\u00eb hartuan p\u00ebr Shqip\u00ebrin\u00eb bazuar n\u00eb misionet e tyre fact-finding, n\u00eb qoft\u00eb se do ishte zbatuar, Shqip\u00ebria do ishte, ndoshta af\u00ebr vendit an\u00ebtar ose pothuaj an\u00ebtar. Pra, kan\u00eb b\u00ebr\u00eb, kan\u00eb mbajtur, kan\u00eb pasur interesa shum\u00eb serioze, shum\u00eb t\u00eb p\u00ebrgjegjshme.<br \/>\nP\u00ebrpjekja jon\u00eb \u00ebsht\u00eb kjo, thjesht, q\u00eb Bundestagu t\u00eb ruaj\u00eb k\u00ebt\u00eb interes q\u00eb ka pasur, p\u00ebr k\u00ebt\u00eb proces jetik p\u00ebr shqiptar\u00ebt. Ne jemi nj\u00eb forc\u00eb politike q\u00eb p\u00ebrkrahim, kemi objektiv kryesor tonin integrimin n\u00eb Bashkimin Europian.<br \/>\nNe e kemi deklaruar dhe e deklarojm\u00eb, pavar\u00ebsisht nga mashtrimet q\u00eb b\u00ebjn\u00eb lobist\u00ebt korruptiv\u00eb t\u00eb Edi Ram\u00ebs, apo vet\u00eb Edi Rama me ministrat e tij, por q\u00eb \u00ebsht\u00eb e v\u00ebrteta, edhe lobist\u00ebt korruptiv\u00eb t\u00eb Edi Ram\u00ebs, q\u00eb nuk jan\u00eb, se mos kujtoni ju se jan\u00eb t\u00eb pakt\u00eb, jan\u00eb jo t\u00eb pakt\u00eb.<br \/>\nAta p\u00ebrpiqen ta paraqesin sikur kjo parti nuk ka nd\u00ebrmend integrimin, por ka projekte t\u00eb veta, n\u00eb m\u00ebnyr\u00eb t\u00eb turpshme. Por fatmir\u00ebsisht, k\u00ebto mashtrime kan\u00eb marr\u00eb fund dhe jan\u00eb kuptuar se ishin mashtrime t\u00eb lobuara, t\u00eb paguara nga Edi Rama.<br \/>\nNdaj dhe ne jemi t\u00eb p\u00ebrqendruar q\u00eb me miqt\u00eb tan\u00eb t\u00eb v\u00ebrtet\u00eb t\u00eb procesit t\u00eb integrimit, t\u00eb kontribuojn\u00eb, t\u00eb ndihmojn\u00eb q\u00eb ky proces t\u00eb jet\u00eb proces i bazuar n\u00eb funksionimin e shtetit ligjor, funksionimin e ekonomis\u00eb s\u00eb tregut, q\u00eb \u00ebsht\u00eb dhe interesi absolut m\u00eb i mir\u00eb i shqiptar\u00ebve.<br \/>\nM\u00eb falni. Akuzat absurde t\u00eb Edi Ram\u00ebs se ne po e denoncojm\u00eb k\u00ebtu apo atje, dhe un\u00eb u them dhe atyre pak individ\u00ebve q\u00eb e mb\u00ebshtesin. Nacionalizmi mafioz, nacionalizmi i mafies \u00ebsht\u00eb strofulla e mafioz\u00ebve dhe s&#8217;ka asgj\u00eb t\u00eb p\u00ebrbashk\u00ebt me interesat patriotike, atdhetare t\u00eb qytetar\u00ebve.<br \/>\nSipas tyre, ne duhet ta fshehim, ne duhet t\u00eb eksportojm\u00eb kartele droge. Duhet t\u00eb vazhdojm\u00eb t\u00eb kryesojm\u00eb, t\u00eb jemi vendi i par\u00eb n\u00eb eksportin e kanabisit. T\u00eb jemi vendi kryesor n\u00eb transportin e kokain\u00ebs nga Amerika Latine n\u00eb Europ\u00eb e t\u00eb tjer\u00eb e t\u00eb tjer\u00eb me radh\u00eb, dhe k\u00ebto duhet t&#8217;i fshehim. K\u00ebto nuk duhet t&#8217;i themi.<br \/>\nN\u00eb koh\u00eb kur k\u00ebto ne i m\u00ebsojm\u00eb nga bota, jan\u00eb t\u00eb gjitha agjencit\u00eb e huaja, se po t\u00eb jet\u00eb p\u00ebr agjencit\u00eb shqiptare, ato jan\u00eb t\u00eb droguara. Jan\u00eb t\u00eb droguara.<br \/>\nJu e shihni, a ka gj\u00eb m\u00eb t\u00eb turpshme se sa \u00e7do jav\u00eb nj\u00eb vend europian vjen p\u00ebr t\u00eb arrestuar kriminel\u00eb n\u00eb call-centra. Asnj\u00eb! Pse ndodh kjo? Se t\u00eb gjitha call-centrat jan\u00eb n\u00eb patronazhin e shtetit. Me n\u00eb krye Olsi Ram\u00ebn, Amant Josifin q\u00eb i drejton nga Dubai e t\u00eb tjer\u00eb. Dhe ndaj k\u00ebtu nuk kapen, dhe \u00e7do jav\u00eb ka aksion, k\u00ebt\u00eb jav\u00eb ishin francez\u00ebt, para tyre ishin austriak\u00ebt, ishin gjerman\u00ebt, me radh\u00eb.<br \/>\nPra, e kan\u00eb shtruar Shqip\u00ebrin\u00eb, po e shtrojn\u00eb Shqip\u00ebrin\u00eb n\u00eb nj\u00eb grop\u00eb t\u00eb zez\u00eb, t\u00eb turpshme, t\u00eb vjedhjes, pla\u00e7kitjes s\u00eb pensionist\u00ebve t\u00eb atyre vendeve.<br \/>\nPo q\u00eb s&#8217;mund t\u00eb ndodhi kurr\u00eb n\u00eb asnj\u00eb vendi. Po vende q\u00eb i ka dh\u00ebn\u00eb miliarda Shqip\u00ebris\u00eb n\u00eb rrug\u00ebn e saj. Por k\u00ebto, sepse familja Rama, n\u00eb k\u00ebt\u00eb rast Olsi Rama, \u00ebsht\u00eb kryepeshkaqeni i call-centerave. Faleminderit.<\/p>\n","protected":false},"excerpt":{"rendered":"<p>Gazetar\u00ebt: Z. Berisha, ju keni b\u00ebr\u00eb nj\u00eb seri takimesh sa i p\u00ebrket p\u00ebrfaq\u00ebsuesve t\u00eb Bundestagut. Cilat kan\u00eb qen\u00eb reagimet e tyre pasi ju i keni njohur me k\u00ebt\u00eb, le t\u00eb themi me faktet tuaja apo pretendimet tuaja n\u00eb lidhje me qeverisjen e vendit? Sali Berisha: Tani, duhet t\u00eb dim\u00eb nj\u00eb gj\u00eb. Bundestagu \u00ebsht\u00eb parlamenti q\u00eb, &hellip;<\/p>\n","protected":false},"author":4,"featured_media":141368,"comment_status":"closed","ping_status":"closed","sticky":false,"template":"","format":"standard","meta":{"footnotes":""},"categories":[37],"tags":[],"class_list":["post-141367","post","type-post","status-publish","format-standard","has-post-thumbnail","","category-politike"],"_links":{"self":[{"href":"https:\/\/rdnews.al\/index.php\/wp-json\/wp\/v2\/posts\/141367","targetHints":{"allow":["GET"]}}],"collection":[{"href":"https:\/\/rdnews.al\/index.php\/wp-json\/wp\/v2\/posts"}],"about":[{"href":"https:\/\/rdnews.al\/index.php\/wp-json\/wp\/v2\/types\/post"}],"author":[{"embeddable":true,"href":"https:\/\/rdnews.al\/index.php\/wp-json\/wp\/v2\/users\/4"}],"replies":[{"embeddable":true,"href":"https:\/\/rdnews.al\/index.php\/wp-json\/wp\/v2\/comments?post=141367"}],"version-history":[{"count":3,"href":"https:\/\/rdnews.al\/index.php\/wp-json\/wp\/v2\/posts\/141367\/revisions"}],"predecessor-version":[{"id":141379,"href":"https:\/\/rdnews.al\/index.php\/wp-json\/wp\/v2\/posts\/141367\/revisions\/141379"}],"wp:featuredmedia":[{"embeddable":true,"href":"https:\/\/rdnews.al\/index.php\/wp-json\/wp\/v2\/media\/141368"}],"wp:attachment":[{"href":"https:\/\/rdnews.al\/index.php\/wp-json\/wp\/v2\/media?parent=141367"}],"wp:term":[{"taxonomy":"category","embeddable":true,"href":"https:\/\/rdnews.al\/index.php\/wp-json\/wp\/v2\/categories?post=141367"},{"taxonomy":"post_tag","embeddable":true,"href":"https:\/\/rdnews.al\/index.php\/wp-json\/wp\/v2\/tags?post=141367"}],"curies":[{"name":"wp","href":"https:\/\/api.w.org\/{rel}","templated":true}]}}