{"id":141373,"date":"2026-04-27T08:43:14","date_gmt":"2026-04-27T08:43:14","guid":{"rendered":"https:\/\/rdnews.al\/?p=141373"},"modified":"2026-04-27T08:43:14","modified_gmt":"2026-04-27T08:43:14","slug":"paketa-e-maleve-tabaku-ligji-me-porosi-per-klientet-e-qeverise-cenon-te-drejten-e-prones","status":"publish","type":"post","link":"https:\/\/rdnews.al\/index.php\/2026\/04\/27\/paketa-e-maleve-tabaku-ligji-me-porosi-per-klientet-e-qeverise-cenon-te-drejten-e-prones\/","title":{"rendered":"Paketa e Maleve\/ Tabaku: Ligji me porosi p\u00ebr klient\u00ebt e qeveris\u00eb, c\u00ebnon t\u00eb drejt\u00ebn e pron\u00ebs!"},"content":{"rendered":"<p>Deputetja e PD, Jorida Tabaku, ka reaguar p\u00ebrmes nj\u00eb videoje t\u00eb publikuar n\u00eb rrjetet sociale, ku shpreh shqet\u00ebsime p\u00ebr t\u00eb ashtuquajtur\u00ebn \u201cPaketa e Maleve\u201d nga qeveria Rama.<\/p>\n<p>Ajo e lidh k\u00ebt\u00eb nism\u00eb me t\u00eb nj\u00ebjt\u00ebn qasje q\u00eb, sipas saj, \u00ebsht\u00eb p\u00ebrdorur m\u00eb her\u00ebt me ligjin e investimeve strategjike dhe me aktivitetin e Korporat\u00ebs s\u00eb Investimeve.<\/p>\n<p>Tabaku argumenton se modeli i ndjekur nga qeveria ka kaluar n\u00eb disa faza. Sipas saj, fillimisht jan\u00eb trajtuar zonat bregdetare p\u00ebr interesa klienteliste, m\u00eb pas jan\u00eb p\u00ebrfshir\u00eb hap\u00ebsirat publike n\u00eb qytete dhe tani kjo qasje po zgjerohet drejt zonave malore. Ajo e cil\u00ebson \u201cpaket\u00ebn e maleve\u201d si nj\u00eb nd\u00ebrhyrje q\u00eb cenon t\u00eb drejt\u00ebn e pron\u00ebs dhe krijon rrezik p\u00ebr konflikt social.<\/p>\n<p>N\u00eb vler\u00ebsimin e saj, kjo nism\u00eb nuk p\u00ebrfaq\u00ebson zhvillim t\u00eb q\u00ebndruesh\u00ebm, por vijim\u00ebsi t\u00eb nj\u00eb praktike q\u00eb favorizon nj\u00eb grup t\u00eb kufizuar n\u00eb d\u00ebm t\u00eb qytetar\u00ebve. Ajo thekson se m\u00ebnyra si po p\u00ebrcaktohen zonat prioritare dhe p\u00ebrfshirja e bashkive n\u00eb k\u00ebt\u00eb proces krijojn\u00eb bindjen se do t\u00eb ndiqet i nj\u00ebjti model i aplikuar n\u00eb bregdet dhe n\u00eb zonat urbane.<\/p>\n<p>Tabaku e vendos theksin tek r\u00ebnd\u00ebsia e t\u00eb drejt\u00ebs s\u00eb pron\u00ebs, duke e cil\u00ebsuar at\u00eb si baz\u00eb t\u00eb shtetit demokratik dhe kriter p\u00ebr standardet europiane. Ajo deklaron se \u00e7do ligj q\u00eb cenon pron\u00ebn, shp\u00ebrfill vendimet e gjykatave dhe d\u00ebmton kontributin e qytetar\u00ebve bie ndesh me Kushtetut\u00ebn dhe ul besimin tek institucionet.<\/p>\n<div class=\"jnews_inline_related_post_wrapper left\">\n<div class=\"jnews_inline_related_post\">\n<div class=\"jeg_postblock_29 jeg_postblock jeg_module_hook jeg_pagination_disable jeg_col_2o3 jnews_module_1685295_0_69ef212e045ab   \" data-unique=\"jnews_module_1685295_0_69ef212e045ab\">\n<div class=\"jeg_block_heading jeg_block_heading_6 jeg_subcat_right\"><\/div>\n<div class=\"jeg_block_navigation\">N\u00eb p\u00ebrfundim, ajo b\u00ebn thirrje p\u00ebr ndalimin e k\u00ebsaj q\u00eb e quan \u201cbab\u00ebzi institucionale\u201d, duke shtuar se Shqip\u00ebria nuk mund t\u00eb funksionoj\u00eb si shtet europian n\u00ebse nuk garanton plot\u00ebsisht t\u00eb drejt\u00ebn e pron\u00ebs dhe barazin\u00eb para ligjit.<\/div>\n<\/div>\n<\/div>\n<\/div>\n<p><iframe loading=\"lazy\" src=\"https:\/\/www.facebook.com\/plugins\/video.php?height=476&amp;href=https%3A%2F%2Fwww.facebook.com%2Freel%2F1324200359554271%2F&amp;show_text=false&amp;width=267&amp;t=0\" width=\"267\" height=\"476\" frameborder=\"0\" scrolling=\"no\" allowfullscreen=\"allowfullscreen\" data-mce-fragment=\"1\"><\/iframe><\/p>\n","protected":false},"excerpt":{"rendered":"<p>Deputetja e PD, Jorida Tabaku, ka reaguar p\u00ebrmes nj\u00eb videoje t\u00eb publikuar n\u00eb rrjetet sociale, ku shpreh shqet\u00ebsime p\u00ebr t\u00eb ashtuquajtur\u00ebn \u201cPaketa e Maleve\u201d nga qeveria Rama. Ajo e lidh k\u00ebt\u00eb nism\u00eb me t\u00eb nj\u00ebjt\u00ebn qasje q\u00eb, sipas saj, \u00ebsht\u00eb p\u00ebrdorur m\u00eb her\u00ebt me ligjin e investimeve strategjike dhe me aktivitetin e Korporat\u00ebs s\u00eb Investimeve. &hellip;<\/p>\n","protected":false},"author":4,"featured_media":115943,"comment_status":"closed","ping_status":"closed","sticky":false,"template":"","format":"standard","meta":{"footnotes":""},"categories":[37],"tags":[],"class_list":["post-141373","post","type-post","status-publish","format-standard","has-post-thumbnail","","category-politike"],"_links":{"self":[{"href":"https:\/\/rdnews.al\/index.php\/wp-json\/wp\/v2\/posts\/141373","targetHints":{"allow":["GET"]}}],"collection":[{"href":"https:\/\/rdnews.al\/index.php\/wp-json\/wp\/v2\/posts"}],"about":[{"href":"https:\/\/rdnews.al\/index.php\/wp-json\/wp\/v2\/types\/post"}],"author":[{"embeddable":true,"href":"https:\/\/rdnews.al\/index.php\/wp-json\/wp\/v2\/users\/4"}],"replies":[{"embeddable":true,"href":"https:\/\/rdnews.al\/index.php\/wp-json\/wp\/v2\/comments?post=141373"}],"version-history":[{"count":1,"href":"https:\/\/rdnews.al\/index.php\/wp-json\/wp\/v2\/posts\/141373\/revisions"}],"predecessor-version":[{"id":141374,"href":"https:\/\/rdnews.al\/index.php\/wp-json\/wp\/v2\/posts\/141373\/revisions\/141374"}],"wp:featuredmedia":[{"embeddable":true,"href":"https:\/\/rdnews.al\/index.php\/wp-json\/wp\/v2\/media\/115943"}],"wp:attachment":[{"href":"https:\/\/rdnews.al\/index.php\/wp-json\/wp\/v2\/media?parent=141373"}],"wp:term":[{"taxonomy":"category","embeddable":true,"href":"https:\/\/rdnews.al\/index.php\/wp-json\/wp\/v2\/categories?post=141373"},{"taxonomy":"post_tag","embeddable":true,"href":"https:\/\/rdnews.al\/index.php\/wp-json\/wp\/v2\/tags?post=141373"}],"curies":[{"name":"wp","href":"https:\/\/api.w.org\/{rel}","templated":true}]}}