{"id":141377,"date":"2026-04-27T09:34:39","date_gmt":"2026-04-27T09:34:39","guid":{"rendered":"https:\/\/rdnews.al\/?p=141377"},"modified":"2026-04-27T09:34:39","modified_gmt":"2026-04-27T09:34:39","slug":"porta-e-alpeve-apo-porta-e-propagandes","status":"publish","type":"post","link":"https:\/\/rdnews.al\/index.php\/2026\/04\/27\/porta-e-alpeve-apo-porta-e-propagandes\/","title":{"rendered":"\u201cPorta e Alpeve\u201d apo porta e propagand\u00ebs?"},"content":{"rendered":"<p><strong>Nga Eliona Kodra Shkreli<\/strong><\/p>\n<p>Sa her\u00eb q\u00eb afrohet sezon zgjedhjesh, Edi Rama shpik dhe shpalos propagand\u00ebn e rradh\u00ebs p\u00ebr vjeljen e votave\u2026.Nj\u00eb skenar tashm\u00eb i st\u00ebrnjohur: projekte t\u00eb m\u00ebdha, shifra marramend\u00ebse dhe premtime q\u00eb mbeten n\u00eb sirtar\u00ebt e harres\u00ebs!<br \/>\nQeveria e Ram\u00ebs kujtohet p\u00ebr \u201czhvillimin\u201d e Shkodr\u00ebs vet\u00ebm n\u00eb prag fushatash, kjo nuk \u00ebsht\u00eb thjesht nj\u00eb strategji e dal\u00eb mode por edhe nj\u00eb tentativ\u00eb e tij p\u00ebr t\u00eb shmangur v\u00ebmendjen nga problemet reale t\u00eb Shkodr\u00ebs e shkodran\u00ebve, si largimi masiv i t\u00eb rinjve, ekonomia e brisht\u00eb dhe mungesa e perspektiv\u00ebs t\u00eb cilat u mboll\u00ebn nga keqqeverisja e Tij dhe q\u00eb u thelluan me ardhjen n\u00eb krye t\u00eb Bashkis\u00eb Shkod\u00ebr t\u00eb t\u00eb pandehurit t\u00eb drejt\u00ebsis\u00eb, Benet Beci!<br \/>\n\u201cPorta e Alpeve\u201d me 100 milion eurot e saj, i prezantohet shkodran\u00ebve n\u00eb prag t\u00eb fushat\u00ebs p\u00ebr zgjedhjet lokale si nj\u00eb hyrje drejt zhvillimit. Por, harron Rama se shkodran\u00ebt e kan\u00eb t\u00eb prekur e t\u00eb st\u00ebrprekur propagand\u00ebn e rrejshme t\u00eb tij q\u00eb prej 3 vitesh kur Shkodr\u00ebs i serviri hajdutin tashm\u00eb t\u00eb pandehur t\u00eb drejt\u00ebsis\u00eb, Benet Beci!<br \/>\nSi dy g\u00ebnjeshtar\u00eb me \u201chund\u00eb\u201d Pinoku, Rama dhe Beci akoma nuk kan\u00eb p\u00ebrfunduar projektet e \u201cdala boje\u201d t\u00eb fushatave t\u00eb kaluara si, rruga e Dukagjinit, aksi B\u00ebrdic\u00eb-Ura e Bah\u00e7all\u00ebkut, Hyrja e Shkodr\u00ebs, rruga Shirok\u00eb-Zogaj, terminali i autobuz\u00ebve q\u00eb \u00ebsht\u00eb harruar, p\u00ebr t\u00eb mos folur pastaj p\u00ebr autostrad\u00ebn Milot-Shkod\u00ebr q\u00eb premtohet dhe nuk realizohet\u2026<br \/>\nKjo nuk \u00ebsht\u00eb m\u00eb \u00e7\u00ebshtje projektesh, por besueshm\u00ebrie. Shkodran\u00ebt nuk kan\u00eb nevoj\u00eb p\u00ebr \u201cporta\u201d t\u00eb reja n\u00eb let\u00ebr, por p\u00ebr rezultate reale sepse propaganda mund t\u00eb nd\u00ebrtoj\u00eb fasada, por nuk nd\u00ebrton besim.<br \/>\n\u201cPorta e Alpeve\u201d \u00ebsht\u00eb nj\u00eb tjet\u00ebr slogan i g\u00ebnjesht\u00ebrt elektoral i \u201cbojatisur\u201d me nj\u00eb shum\u00eb t\u00eb majme investimesh imagjinare t\u00eb cilat b\u00ebhen t\u00eb pabesueshme, sidomos kur premtohen nga mjeshtrat e g\u00ebnjeshtr\u00ebs, Rama-Beci!<br \/>\nShkodran\u00ebt meritojn\u00eb m\u00eb shum\u00eb sesa premtime sezonale. Ata meritojn\u00eb projekte q\u00eb nisin dhe p\u00ebrfundojn\u00eb jasht\u00eb logjik\u00ebs s\u00eb fushatave, me rezultate t\u00eb prekshme!<br \/>\nModeli Rama-Beci nuk sjell m\u00eb asgj\u00eb t\u00eb re sado q\u00eb t\u00eb mundohen t\u00eb hapin \u201cporta\u201d investimesh pasi qeverisja e tyre q\u00ebndrore dhe lokale ka shkat\u00ebrruar Shkodr\u00ebn n\u00eb ekonomi, kultur\u00eb, trash\u00ebgimi e histori me munges\u00eb investimesh duke treguar urrejtjen gjenetike q\u00eb ata kan\u00eb p\u00ebr Shkodr\u00ebn e vlerave t\u00eb liris\u00eb dhe demokracis\u00eb!<\/p>\n<p><img decoding=\"async\" src=\"https:\/\/scontent.ftia9-1.fna.fbcdn.net\/v\/t39.30808-6\/678383387_10234496323531173_5980261911552066095_n.jpg?_nc_cat=110&amp;ccb=1-7&amp;_nc_sid=7b2446&amp;_nc_eui2=AeE-iIHTPKDYF3xxb0o4_ZCF15g7F2VfqELXmDsXZV-oQtbM3lWt9z7tWxTf9hl-wHA&amp;_nc_ohc=w1bhKMfFc38Q7kNvwGlhTzG&amp;_nc_oc=AdoLKzcY_xQLQXRIIwM1DZNjT5leGJbXl5AmIlYH0GVjKrVK8TSIhCmPUPA-OBpmeg0&amp;_nc_zt=23&amp;_nc_ht=scontent.ftia9-1.fna&amp;_nc_gid=fFn1WLKFUcTNaihMfI5izg&amp;_nc_ss=7f2a8&amp;oh=00_Af1TYL_rTwC0BWk8VGSSKF_mK-4RuUcm3duYOwAy5tQZlA&amp;oe=69F4E40A\" alt=\"Mund t\u00eb jet\u00eb nj\u00eb imazh i K\u00ebshtjella e Branit\" \/><\/p>\n","protected":false},"excerpt":{"rendered":"<p>Nga Eliona Kodra Shkreli Sa her\u00eb q\u00eb afrohet sezon zgjedhjesh, Edi Rama shpik dhe shpalos propagand\u00ebn e rradh\u00ebs p\u00ebr vjeljen e votave\u2026.Nj\u00eb skenar tashm\u00eb i st\u00ebrnjohur: projekte t\u00eb m\u00ebdha, shifra marramend\u00ebse dhe premtime q\u00eb mbeten n\u00eb sirtar\u00ebt e harres\u00ebs! Qeveria e Ram\u00ebs kujtohet p\u00ebr \u201czhvillimin\u201d e Shkodr\u00ebs vet\u00ebm n\u00eb prag fushatash, kjo nuk \u00ebsht\u00eb thjesht &hellip;<\/p>\n","protected":false},"author":4,"featured_media":96563,"comment_status":"closed","ping_status":"closed","sticky":false,"template":"","format":"standard","meta":{"footnotes":""},"categories":[44],"tags":[],"class_list":["post-141377","post","type-post","status-publish","format-standard","has-post-thumbnail","","category-editorial"],"_links":{"self":[{"href":"https:\/\/rdnews.al\/index.php\/wp-json\/wp\/v2\/posts\/141377","targetHints":{"allow":["GET"]}}],"collection":[{"href":"https:\/\/rdnews.al\/index.php\/wp-json\/wp\/v2\/posts"}],"about":[{"href":"https:\/\/rdnews.al\/index.php\/wp-json\/wp\/v2\/types\/post"}],"author":[{"embeddable":true,"href":"https:\/\/rdnews.al\/index.php\/wp-json\/wp\/v2\/users\/4"}],"replies":[{"embeddable":true,"href":"https:\/\/rdnews.al\/index.php\/wp-json\/wp\/v2\/comments?post=141377"}],"version-history":[{"count":2,"href":"https:\/\/rdnews.al\/index.php\/wp-json\/wp\/v2\/posts\/141377\/revisions"}],"predecessor-version":[{"id":141381,"href":"https:\/\/rdnews.al\/index.php\/wp-json\/wp\/v2\/posts\/141377\/revisions\/141381"}],"wp:featuredmedia":[{"embeddable":true,"href":"https:\/\/rdnews.al\/index.php\/wp-json\/wp\/v2\/media\/96563"}],"wp:attachment":[{"href":"https:\/\/rdnews.al\/index.php\/wp-json\/wp\/v2\/media?parent=141377"}],"wp:term":[{"taxonomy":"category","embeddable":true,"href":"https:\/\/rdnews.al\/index.php\/wp-json\/wp\/v2\/categories?post=141377"},{"taxonomy":"post_tag","embeddable":true,"href":"https:\/\/rdnews.al\/index.php\/wp-json\/wp\/v2\/tags?post=141377"}],"curies":[{"name":"wp","href":"https:\/\/api.w.org\/{rel}","templated":true}]}}