{"id":141382,"date":"2026-04-27T10:17:25","date_gmt":"2026-04-27T10:17:25","guid":{"rendered":"https:\/\/rdnews.al\/?p=141382"},"modified":"2026-04-27T10:18:12","modified_gmt":"2026-04-27T10:18:12","slug":"kalkulimet-e-rames-per-pushtetin-e-tij-krahasime-me-sjelljet-e-diktatorit-hoxha","status":"publish","type":"post","link":"https:\/\/rdnews.al\/index.php\/2026\/04\/27\/kalkulimet-e-rames-per-pushtetin-e-tij-krahasime-me-sjelljet-e-diktatorit-hoxha\/","title":{"rendered":"Kalkulimet e Ram\u00ebs p\u00ebr pushtetin e tij &#8211; Krahasime me sjelljet e diktatorit Hoxha!"},"content":{"rendered":"<p><strong>Nga Enver BYTY\u00c7I<\/strong><\/p>\n<p>Ka kaluar pa u v\u00ebn\u00eb re nj\u00eb deklarat\u00eb e kryeministrit t\u00eb Shqip\u00ebris\u00eb, Edi Rama, lidhur me marr\u00ebdh\u00ebniet e Bashkimit Evropian me Rusin\u00eb e Vladimir Putin. Rama i thoshte portalit \u201cPolitico\u201d t\u00eb Brukselit para disa dit\u00ebsh nga Athina se \u201cBashkimi Evropian ka b\u00ebr\u00eb nj\u00eb gabim strategjik, duke nd\u00ebrprer\u00eb kanalet e drejtp\u00ebrdrejta t\u00eb komunikimit me Mosk\u00ebn p\u00ebr shkak t\u00eb luft\u00ebs kund\u00ebr Ukrain\u00ebs\u201d! M\u00eb tej ai ka theksuar se mungesa e kontaktit me Rusin\u00eb mund ta dob\u00ebsoj\u00eb pozicionin e BE-s\u00eb n\u00eb p\u00ebrpjekjet e ardhshme diplomatike p\u00ebr zgjidhjen e konfliktit. K\u00ebt\u00eb q\u00ebndrim t\u00eb tij shefi yn\u00eb i ekzekutivit e p\u00ebrligji me faktin se \u201cShqip\u00ebria nuk ka var\u00ebsi nga gazi rus\u201d! Nd\u00ebrkoh\u00eb q\u00eb gjithkush e di se Shqip\u00ebria \u00ebsht\u00eb i vetmi vend n\u00eb Evrop\u00eb pa infrastruktur\u00eb t\u00eb shp\u00ebrndarjes s\u00eb gazit natyror e p\u00ebr pasoj\u00eb nuk mund t\u00eb ket\u00eb asnj\u00eb lloj var\u00ebsie p\u00ebr di\u00e7ka q\u00eb nuk mund ta sh\u00ebrbesh p\u00ebr qytetar\u00ebt e tu.<\/p>\n<p>Por cila \u00ebsht\u00eb intriga e kryeministrit Rama me k\u00ebt\u00eb kthes\u00eb 180 grad\u00ebsh nga q\u00ebndrimet e m\u00ebparshme ndaj luft\u00ebs n\u00eb Ukrain\u00eb?! T\u00eb gjith\u00ebve na kujtohet \u201cspektakli\u201d i mbledhjes s\u00eb K\u00ebshillit t\u00eb Sigurimit n\u00ebn drejtimin e Edi Ram\u00ebs, mbledhje n\u00eb t\u00eb cil\u00ebn ky i fundit imitoi diktatorin Hoxha n\u00eb q\u00ebndrimin e tij ndaj ambasadorit rus n\u00eb OKB dhe ftes\u00ebs q\u00eb i b\u00ebri presidentit ukrainas, Volodymyr Selensky p\u00ebr t\u00eb folur n\u00eb at\u00eb mbledhje. M\u00eb pas pam\u00eb se si kryeministri yn\u00eb u b\u00eb nikoqir i Mbledhjes s\u00eb shefave t\u00eb Evrop\u00ebs p\u00ebr Ukrain\u00ebn. Pam\u00eb pritjet s\u00eb paku dy her\u00eb t\u00eb presidentit ukrainas n\u00eb Tiran\u00eb. Nd\u00ebrkaq mediet pro-qeveritare u investuan n\u00eb \u201crolin e jasht\u00ebzakonsh\u00ebm t\u00eb liderit suprem n\u00eb mb\u00ebshtetje t\u00eb Ukrain\u00ebs e kund\u00ebr agresionit rus\u201d! Ishte nj\u00eb investim i jasht\u00ebzakonsh\u00ebm at\u00ebher\u00eb i Edi Ram\u00ebs n\u00eb servilizmat e tij ndaj politikave sorosiste t\u00eb administrat\u00ebs Biden p\u00ebr Ukrain\u00ebn.<\/p>\n<p>\u00cbsht\u00eb interesant se si na p\u00ebrs\u00ebritet historia ne shqiptar\u00ebve. Kur Enver Hoxha i prishi marr\u00ebdh\u00ebniet e tij me Titon, sh\u00ebnoi rekorde n\u00eb diskursin e tij p\u00ebr kultin e Stalinit. M\u00eb von\u00eb, kur ai u prish me Hrushovin, sh\u00ebnoi rekorde t\u00eb reja me l\u00ebvdatat p\u00ebr Mao Ce Dunin, \u00c7u En Lain dhe Republik\u00ebn Popullore t\u00eb Kin\u00ebs. N\u00ebse dikush do ta studionte me v\u00ebmendje sjelljen e Edi Ram\u00ebs, ve re leht\u00ebsisht se sindroma e Enver Hoxh\u00ebs e shoq\u00ebron at\u00eb n\u00eb koh\u00ebt e sotme. N\u00eb rastin konkret, sa koh\u00eb q\u00eb administrata Biden ishte e vendosur kund\u00ebr Rusis\u00eb dhe agresionit t\u00eb saj ndaj Ukrain\u00ebs, Edi Rama ishte radikali m\u00eb i madh i q\u00ebndrimeve anti-ruse n\u00eb Europ\u00eb. Nd\u00ebrsa sot, kur administrata Trump \u00ebsht\u00eb gati neutrale dhe jo kritike ndaj agresionit rus n\u00eb Ukrain\u00eb, Edi Rama ka nd\u00ebrruar kursin e tij politik n\u00eb mb\u00ebshtetje t\u00eb linj\u00ebs trampiste ndaj Mosk\u00ebs.<\/p>\n<p>Kjo lloj historie p\u00ebrs\u00ebritet n\u00eb t\u00eb gjitha dimensionet e saj. Sepse p\u00ebr t\u00eb nj\u00ebjtat arsye q\u00eb Enver Hoxha ktheu flet\u00ebn e bashk\u00ebpunimit me aleat\u00ebt e panatyrsh\u00ebm p\u00ebr Shqip\u00ebrin\u00eb, k\u00ebt\u00eb e b\u00ebn edhe kryeministri i sot\u00ebm Edi Rama. Enver Hoxha l\u00ebshoi aleatin jugosllav p\u00ebr shkak se Tito po p\u00ebrkrahte m\u00eb shum\u00eb ambiciet e Ko\u00e7i Xoxes p\u00ebr pushtet. P\u00ebr t\u00eb nj\u00ebjt\u00ebn arsye diktatori shqiptar i prishi marr\u00ebdh\u00ebniet me Mosk\u00ebn dhe u lidh me Pekinin.<\/p>\n<p>P\u00ebr t\u00eb ruajtur pushtetin e tij absolut n\u00eb Shqip\u00ebri. Kjo \u00ebsht\u00eb arsyeja pse Edi Rama ndryshon gjithnj\u00eb q\u00ebndrimet e tij politike. Sot kritikon Evrop\u00ebn, sepse e sheh se me k\u00ebto kritika t\u00ebrheq v\u00ebmendjen e Donald Trump. Dhe nuk \u00ebsht\u00eb \u00e7udi se paguan dik\u00eb n\u00eb rrethin e presidentit amerikan p\u00ebr ta informuar at\u00eb p\u00ebr deklaratat q\u00eb b\u00ebn. Sepse marr\u00ebdh\u00ebnia me Trump ia forcon pozitat n\u00eb pushtet. Aq m\u00eb tep\u00ebr kur k\u00ebto pozita i jan\u00eb dob\u00ebsuar n\u00eb Evrop\u00eb.<\/p>\n<p>Duket se prestigji i Edi Ram\u00ebs n\u00eb Evrop\u00eb ka r\u00ebn\u00eb p\u00ebrtok\u00eb edhe nga nj\u00eb akuz\u00eb q\u00eb sot ai i b\u00ebri opozit\u00ebs shqiptare, sikur ajo po \u201csulmon Shqip\u00ebrin\u00eb n\u00eb qendrat e Bashkimit Evropian\u201d! N\u00eb fakt opozita denoncon n\u00eb Shqip\u00ebri, n\u00eb Evrop\u00eb e kudo korrupsionin e shfrenuar dhe manipulimin e demokracis\u00eb q\u00eb Edi Rama ia b\u00ebn Shqip\u00ebris\u00eb. Nd\u00ebrsa ai denoncimet kund\u00ebr kryeministrit i shnd\u00ebrron si \u201cdenoncime\u201d kund\u00ebr Shqip\u00ebris\u00eb. Gjithsesi, Brukseli duhet t\u2019i lexoj\u00eb mir\u00eb deklaratat e Edi Ram\u00ebs.<\/p>\n<p>Duhet ta dij\u00eb se kryeministri i Shqip\u00ebris\u00eb asnj\u00eb fjal\u00eb nuk e l\u00ebshon nga goja pa e menduar dhe llogaritur shtat\u00eb her\u00eb, pa patur nj\u00eb arsye, nj\u00eb motiv dhe nj\u00eb q\u00ebllim t\u00eb caktuar. N\u00eb rastin konkret ai d\u00ebshiron gjithashtu t\u00eb k\u00ebrc\u00ebnoj\u00eb BE-n\u00eb. Kuptimi i k\u00ebsaj deklarate \u00ebsht\u00eb se \u201cN\u00ebse ju na refuzoni n\u00eb rrug\u00ebn e integrimit, at\u00ebher\u00eb ne kemi nj\u00eb mund\u00ebsi tjet\u00ebr, t\u00eb lidhemi me rus\u00ebt dhe me Vladimir Putin\u201d! Rama e ka kuptuar se Shqip\u00ebria nuk ka shans t\u00eb b\u00ebhet an\u00ebtare e BE-s\u00eb n\u00eb mandatin e tij dhe p\u00ebrjeton momente d\u00ebshp\u00ebrimi t\u00eb thell\u00eb.<\/p>\n<p>Deklaratat e tij jan\u00eb kontradiktore, sepse gjithnj\u00eb ai vihet n\u00eb funksion t\u00eb pushtetit t\u00eb tij politik dhe ekonomik dhe asnj\u00ebher\u00eb nuk ka n\u00eb radar interesat e Shqip\u00ebris\u00eb. Ky \u00ebsht\u00eb Edi Rama, nj\u00eb kameleon i tipit t\u00eb diktatorit Hoxha, thjesht p\u00ebr ruajtjen e sundimit t\u00eb tij n\u00eb vendin m\u00eb t\u00eb varf\u00ebr t\u00eb Evrop\u00ebs!<\/p>\n","protected":false},"excerpt":{"rendered":"<p>Nga Enver BYTY\u00c7I Ka kaluar pa u v\u00ebn\u00eb re nj\u00eb deklarat\u00eb e kryeministrit t\u00eb Shqip\u00ebris\u00eb, Edi Rama, lidhur me marr\u00ebdh\u00ebniet e Bashkimit Evropian me Rusin\u00eb e Vladimir Putin. Rama i thoshte portalit \u201cPolitico\u201d t\u00eb Brukselit para disa dit\u00ebsh nga Athina se \u201cBashkimi Evropian ka b\u00ebr\u00eb nj\u00eb gabim strategjik, duke nd\u00ebrprer\u00eb kanalet e drejtp\u00ebrdrejta t\u00eb komunikimit &hellip;<\/p>\n","protected":false},"author":4,"featured_media":11242,"comment_status":"closed","ping_status":"closed","sticky":false,"template":"","format":"standard","meta":{"footnotes":""},"categories":[44],"tags":[],"class_list":["post-141382","post","type-post","status-publish","format-standard","has-post-thumbnail","","category-editorial"],"_links":{"self":[{"href":"https:\/\/rdnews.al\/index.php\/wp-json\/wp\/v2\/posts\/141382","targetHints":{"allow":["GET"]}}],"collection":[{"href":"https:\/\/rdnews.al\/index.php\/wp-json\/wp\/v2\/posts"}],"about":[{"href":"https:\/\/rdnews.al\/index.php\/wp-json\/wp\/v2\/types\/post"}],"author":[{"embeddable":true,"href":"https:\/\/rdnews.al\/index.php\/wp-json\/wp\/v2\/users\/4"}],"replies":[{"embeddable":true,"href":"https:\/\/rdnews.al\/index.php\/wp-json\/wp\/v2\/comments?post=141382"}],"version-history":[{"count":1,"href":"https:\/\/rdnews.al\/index.php\/wp-json\/wp\/v2\/posts\/141382\/revisions"}],"predecessor-version":[{"id":141383,"href":"https:\/\/rdnews.al\/index.php\/wp-json\/wp\/v2\/posts\/141382\/revisions\/141383"}],"wp:featuredmedia":[{"embeddable":true,"href":"https:\/\/rdnews.al\/index.php\/wp-json\/wp\/v2\/media\/11242"}],"wp:attachment":[{"href":"https:\/\/rdnews.al\/index.php\/wp-json\/wp\/v2\/media?parent=141382"}],"wp:term":[{"taxonomy":"category","embeddable":true,"href":"https:\/\/rdnews.al\/index.php\/wp-json\/wp\/v2\/categories?post=141382"},{"taxonomy":"post_tag","embeddable":true,"href":"https:\/\/rdnews.al\/index.php\/wp-json\/wp\/v2\/tags?post=141382"}],"curies":[{"name":"wp","href":"https:\/\/api.w.org\/{rel}","templated":true}]}}