{"id":141396,"date":"2026-04-27T17:14:06","date_gmt":"2026-04-27T17:14:06","guid":{"rendered":"https:\/\/rdnews.al\/?p=141396"},"modified":"2026-04-27T17:14:06","modified_gmt":"2026-04-27T17:14:06","slug":"berisha-protesta-e-8-majit-ka-te-beje-me-dy-ceshtje-themelore-farsen-elektorale-dhe-mbrojtjen-e-vjedhjeve-nga-rama","status":"publish","type":"post","link":"https:\/\/rdnews.al\/index.php\/2026\/04\/27\/berisha-protesta-e-8-majit-ka-te-beje-me-dy-ceshtje-themelore-farsen-elektorale-dhe-mbrojtjen-e-vjedhjeve-nga-rama\/","title":{"rendered":"Berisha: Protesta e 8 majit ka t\u00eb b\u00ebj\u00eb me dy \u00e7\u00ebshtje themelore, fars\u00ebn elektorale dhe mbrojtjen e vjedhjeve nga Rama"},"content":{"rendered":"<p>Kryetari i Partis\u00eb Demokratike, Sali Berisha gjat\u00eb takimit me drejtuesit e rinj t\u00eb deg\u00ebve \u00ebsht\u00eb shprehur se, n\u00eb qend\u00ebr t\u00eb diskutimeve \u00ebsht\u00eb protesta e 8 majit.<\/p>\n<p>Berisha u shpreh se, protesta e dat\u00ebs 8 maj ka t\u00eb b\u00ebj\u00eb me dy \u00e7\u00ebshtje themelore t\u00eb narkoregjimit t\u00eb sot\u00ebm, ka t\u00eb b\u00ebj\u00eb gjithnj\u00eb me fars\u00ebn e tij elektorale dhe ka t\u00eb b\u00ebj\u00eb gjithnj\u00eb me vjedhjen dhe mbrojtjen e vjedhjeve nga ana e tij.<\/p>\n<p><strong>Berisha: <\/strong>S\u00eb pari, nj\u00eb p\u00ebrsh\u00ebndetje shum\u00eb t\u00eb p\u00ebrzem\u00ebrt dhe nj\u00eb urim nga zemra p\u00ebr t\u00eb gjith\u00eb ata q\u00eb jan\u00eb zgjedhur apo rizgjedhur n\u00eb procesin zgjedhor, t\u00eb bazuar n\u00eb vot\u00ebn, vullnetin e an\u00ebtar\u00ebve t\u00eb PD, proces pra q\u00eb bazohet n\u00eb vlerat m\u00eb themelore t\u00eb vendimmarrjes demokratike, n\u00eb dallim nga partia e krimit, n\u00eb dallim nga organizata kriminale q\u00eb udh\u00ebhiqet nga vras\u00ebs, nga trafikant\u00eb, nga pla\u00e7kit\u00ebs, nga antishqiptar\u00eb t\u00eb v\u00ebrtet\u00eb, e cila nga viti 2009 deri sot, nuk e di se \u00e7\u2019do t\u00eb thot\u00eb m\u00eb vot\u00eb.<\/p>\n<p>E t\u00ebra e shnd\u00ebrruar n\u00eb funksion t\u00eb nj\u00eb njeriu, t\u00eb cilit p\u00ebr t\u00eb mos prishur goj\u00ebn, por i shkon \u00e7do epitet i merituar.<\/p>\n<p>T\u00eb nj\u00eb njeriu, q\u00eb ka shnd\u00ebrruar at\u00eb parti n\u00eb nj\u00eb leck\u00eb t\u00eb veten.<\/p>\n<p>T\u00eb nj\u00eb njeriu, q\u00eb ka shnd\u00ebrruar at\u00eb parti, ajo parti ka lindur n\u00eb krim, \u00ebsht\u00eb ushqyer me krim dhe sot \u00ebsht\u00eb kriminele jo vet\u00ebm n\u00eb gen, por edhe n\u00eb veprimtarin\u00eb e saj ndaj qytetar\u00ebve shqiptar\u00eb.<\/p>\n<p>N\u00eb veprimtar\u00ebin\u00eb e saj ndaj Shqip\u00ebris\u00eb.<\/p>\n<p>Por kemi thirrur k\u00ebt\u00eb mbledhje me ju p\u00ebr nj\u00eb \u00e7\u00ebshtje jasht\u00ebzakonisht t\u00eb r\u00ebnd\u00ebsishme.<\/p>\n<p>Dhe kjo \u00e7\u00ebshtje \u00ebsht\u00eb protesta e dat\u00ebs 8 maj.<\/p>\n<p>Protesta e dat\u00ebs 8 maj ka t\u00eb b\u00ebj\u00eb me dy \u00e7\u00ebshtje themelore t\u00eb narkoregjimit t\u00eb sot\u00ebm.<\/p>\n<p>Ka t\u00eb b\u00ebj\u00eb gjithnj\u00eb me fars\u00ebn e tij elektorale dhe ka t\u00eb b\u00ebj\u00eb gjithnj\u00eb me vjedhjen dhe mbrojtjen e vjedhjeve nga ana e tij<\/p>\n<p>T\u00eb nderuar drejtues politik\u00eb t\u00eb qarqeve, kryetar\u00eb t\u00eb deg\u00ebve.<\/p>\n<p>P\u00ebr secilin prej jush, p\u00ebr \u00e7do drejtues t\u00eb PD, \u00e7do an\u00ebtare dhe an\u00ebtar t\u00eb saj, duhet t\u00eb jet\u00eb e qart\u00eb si drita e diellit se me vendimet q\u00ebmori p\u00ebr Lubi Ballukun me p\u00ebrdorimin e 81 mandateve n\u00eb mburoj\u00eb t\u00eb saj, Edi Rama \u00ebsht\u00eb b\u00ebr\u00eb m\u00eb i rreziksh\u00ebm se kurr\u00eb p\u00ebr k\u00ebt\u00eb vend.<\/p>\n<p>Me vendimin q\u00eb Edi Rama mori p\u00ebr t\u00eb mbrojtur veten e tij n\u00eb dosjen Balluku, dhe Ballukun, doli para shqiptar\u00ebve dhe bot\u00ebs si njeriu q\u00eb tashm\u00eb ka n\u00eb duart e tij \u00e7do pushtet.<\/p>\n<p>Si njeriu i pushtetit absolut n\u00eb Shqip\u00ebri.<\/p>\n<p>Doli si njeriu q\u00eb \u00ebsht\u00eb i vendosur p\u00ebr t\u00eb mbrojtur l\u00ebkur\u00ebn e tij t\u00eb marr\u00eb \u00e7do vendim kund\u00ebr qytetar\u00ebve shqiptar\u00eb.<\/p>\n<p>T\u00eb marr\u00eb \u00e7do vendim kund\u00ebr Shqip\u00ebris\u00eb.<\/p>\n<p>Kund\u00ebr gjith\u00e7kaje tjet\u00ebr sepse n\u00eb ligjin e diktator\u00ebve, lidhjet e tyre t\u00eb krimit jan\u00eb lidhjet e tyre m\u00eb t\u00eb fuqishme, p\u00ebr t\u00eb cilat ata jan\u00eb t\u00eb gatsh\u00ebm t\u00eb japin gjith\u00e7ka dhe t\u00eb b\u00ebjn\u00eb gjith\u00e7ka p\u00ebr t\u00eb shp\u00ebtuar l\u00ebkur\u00ebn e tyre.<\/p>\n<p>&nbsp;<\/p>\n","protected":false},"excerpt":{"rendered":"<p>Kryetari i Partis\u00eb Demokratike, Sali Berisha gjat\u00eb takimit me drejtuesit e rinj t\u00eb deg\u00ebve \u00ebsht\u00eb shprehur se, n\u00eb qend\u00ebr t\u00eb diskutimeve \u00ebsht\u00eb protesta e 8 majit. Berisha u shpreh se, protesta e dat\u00ebs 8 maj ka t\u00eb b\u00ebj\u00eb me dy \u00e7\u00ebshtje themelore t\u00eb narkoregjimit t\u00eb sot\u00ebm, ka t\u00eb b\u00ebj\u00eb gjithnj\u00eb me fars\u00ebn e tij elektorale &hellip;<\/p>\n","protected":false},"author":4,"featured_media":141397,"comment_status":"closed","ping_status":"closed","sticky":false,"template":"","format":"standard","meta":{"footnotes":""},"categories":[37],"tags":[],"class_list":["post-141396","post","type-post","status-publish","format-standard","has-post-thumbnail","","category-politike"],"_links":{"self":[{"href":"https:\/\/rdnews.al\/index.php\/wp-json\/wp\/v2\/posts\/141396","targetHints":{"allow":["GET"]}}],"collection":[{"href":"https:\/\/rdnews.al\/index.php\/wp-json\/wp\/v2\/posts"}],"about":[{"href":"https:\/\/rdnews.al\/index.php\/wp-json\/wp\/v2\/types\/post"}],"author":[{"embeddable":true,"href":"https:\/\/rdnews.al\/index.php\/wp-json\/wp\/v2\/users\/4"}],"replies":[{"embeddable":true,"href":"https:\/\/rdnews.al\/index.php\/wp-json\/wp\/v2\/comments?post=141396"}],"version-history":[{"count":1,"href":"https:\/\/rdnews.al\/index.php\/wp-json\/wp\/v2\/posts\/141396\/revisions"}],"predecessor-version":[{"id":141398,"href":"https:\/\/rdnews.al\/index.php\/wp-json\/wp\/v2\/posts\/141396\/revisions\/141398"}],"wp:featuredmedia":[{"embeddable":true,"href":"https:\/\/rdnews.al\/index.php\/wp-json\/wp\/v2\/media\/141397"}],"wp:attachment":[{"href":"https:\/\/rdnews.al\/index.php\/wp-json\/wp\/v2\/media?parent=141396"}],"wp:term":[{"taxonomy":"category","embeddable":true,"href":"https:\/\/rdnews.al\/index.php\/wp-json\/wp\/v2\/categories?post=141396"},{"taxonomy":"post_tag","embeddable":true,"href":"https:\/\/rdnews.al\/index.php\/wp-json\/wp\/v2\/tags?post=141396"}],"curies":[{"name":"wp","href":"https:\/\/api.w.org\/{rel}","templated":true}]}}