{"id":141399,"date":"2026-04-27T17:18:34","date_gmt":"2026-04-27T17:18:34","guid":{"rendered":"https:\/\/rdnews.al\/?p=141399"},"modified":"2026-04-27T17:21:02","modified_gmt":"2026-04-27T17:21:02","slug":"berisha-rama-nuk-ka-sfiduar-vetem-ligjet-dhe-opoziten-por-edhe-partneret-tane-nderkombetare","status":"publish","type":"post","link":"https:\/\/rdnews.al\/index.php\/2026\/04\/27\/berisha-rama-nuk-ka-sfiduar-vetem-ligjet-dhe-opoziten-por-edhe-partneret-tane-nderkombetare\/","title":{"rendered":"Berisha: Rama nuk ka sfiduar vet\u00ebm ligjet dhe opozit\u00ebn, por edhe partner\u00ebt tan\u00eb nd\u00ebrkomb\u00ebtar\u00eb!"},"content":{"rendered":"<p>Kryetari i PD, Sali Berisha, gjat\u00eb fjal\u00ebs s\u00eb mbajtur n\u00eb takimin me drejtuesit e deg\u00ebve t\u00eb PD u shpreh se, alternativa e opozit\u00ebs \u00ebsht\u00eb vet\u00ebm sulmi ndaj k\u00ebsaj qeverie! Rama nuk ka sfiduar vet\u00ebm ligjet dhe opozit\u00ebn, por edhe partner\u00ebt tan\u00eb nd\u00ebrkomb\u00ebtar\u00eb.<\/p>\n<p>Berishga tha se, situata \u00ebsht\u00eb edhe m\u00eb e rrezikshme sepse Edi Rama po shtr\u00ebngon pas mbrojtjes q\u00eb i b\u00ebri Lubis\u00eb, e v\u00ebrteta \u00ebsht\u00eb se bota e krimit \u00ebsht\u00eb m\u00eb e aktivizuar se kurr\u00eb.<\/p>\n<p><strong>Berisha: <\/strong>Ky \u00ebsht\u00eb vler\u00ebsimi i PD p\u00ebr vendimin e Edi Ram\u00ebs p\u00ebr t\u00eb mbrojtur Lubi Ballukun dhe si\u00e7 theksova, pas k\u00ebtij vendimi ndodhi lubizimi i plot\u00eb i drejtimit, i qeveris\u00eb, narkoqeveris\u00eb dhe institucioneve t\u00eb tjera.<\/p>\n<p>Do t\u00eb ishte naivitet i pafalsh\u00ebm t\u00eb mendohet se po ja, nuk \u00ebsht\u00eb m\u00eb Lubia.<\/p>\n<p>E v\u00ebrteta p\u00ebr secilin prej nesh duhet t\u00eb jet\u00eb e qart\u00eb se jo vet\u00ebm q\u00eb \u00ebsht\u00eb ajo, por ajo \u00ebsht\u00eb shum\u00ebfishuar.<\/p>\n<p>Sepse \u00ebsht\u00eb Edi Rama, i cili vendosi n\u00eb post\u00eb sh\u00ebrb\u00ebtor\u00eb k\u00ebsaj here t\u00eb Lubis\u00eb.<\/p>\n<p>Edi Rama, nga ana tjet\u00ebr, me k\u00ebt\u00eb rast nuk sfidoi vet\u00ebm Kushtetut\u00ebn e Shqip\u00ebris\u00eb.<\/p>\n<p>Nuk sfidoi vet\u00ebm ligjet e tjera t\u00eb vendit, protestat e thirrjet e fuqishme t\u00eb opozit\u00ebs, por ai sfidoi haptas p\u00ebr t\u00eb shp\u00ebtuar l\u00ebkur\u00ebn e tij, edhe partner\u00ebt tan\u00eb nd\u00ebrkomb\u00ebtar\u00eb, t\u00eb cil\u00ebt me deklarata publike, i b\u00ebn\u00eb t\u00eb qart\u00eb se bllokimi i funksionit t\u00eb prokuroris\u00eb dhe drejt\u00ebsis\u00eb, bllokimi i luft\u00ebs kund\u00ebr korrupsionit, jan\u00eb t\u00eb papajtueshme me standardet e BE.<\/p>\n<p>Por edhe nj\u00ebher\u00eb, nj\u00eb njeri q\u00eb ka l\u00ebkur\u00ebn e vet n\u00eb rrezik nuk njeh ligj, standard p\u00ebrve\u00e7 interesit t\u00eb l\u00ebkur\u00ebs s\u00eb tij.<\/p>\n<p>Situata \u00ebsht\u00eb edhe m\u00eb e rrezikshme sepse Edi Rama po shtr\u00ebngon pas mbrojtjes q\u00eb i b\u00ebri Lubis\u00eb, e v\u00ebrteta \u00ebsht\u00eb se bota e krimit \u00ebsht\u00eb m\u00eb e aktivizuar se kurr\u00eb.<\/p>\n<p>N\u00eb k\u00ebto rrethana, \u00e7do njeri duhet t\u00eb pyes\u00eb veten, cila \u00ebsht\u00eb alternativa e opozit\u00ebs?<\/p>\n<p>Alternativa e opozit\u00ebs \u00ebsht\u00eb vet\u00ebm sulmi ndaj k\u00ebsaj qeverie.<\/p>\n<p>Edhe e v\u00ebrtet\u00eb, koka e shtrir\u00eb vet\u00ebm pritet. Ta ket\u00eb t\u00eb qart\u00eb \u00e7do qytetar.<\/p>\n<p>P\u00ebrkundrazi, ne nuk do shtrijm\u00eb kok\u00ebn kurr\u00eb.<\/p>\n<p>Ne do ngrihemi gjer n\u00eb largimin e tij.<\/p>\n<p>Do ishte katastrofa m\u00eb e madhe komb\u00ebtare sikur ne t\u00eb pranonim si akt t\u00eb kryer k\u00ebt\u00eb akt t\u00eb paprecedent t\u00eb Edi Ram\u00ebs.<\/p>\n","protected":false},"excerpt":{"rendered":"<p>Kryetari i PD, Sali Berisha, gjat\u00eb fjal\u00ebs s\u00eb mbajtur n\u00eb takimin me drejtuesit e deg\u00ebve t\u00eb PD u shpreh se, alternativa e opozit\u00ebs \u00ebsht\u00eb vet\u00ebm sulmi ndaj k\u00ebsaj qeverie! Rama nuk ka sfiduar vet\u00ebm ligjet dhe opozit\u00ebn, por edhe partner\u00ebt tan\u00eb nd\u00ebrkomb\u00ebtar\u00eb. Berishga tha se, situata \u00ebsht\u00eb edhe m\u00eb e rrezikshme sepse Edi Rama po &hellip;<\/p>\n","protected":false},"author":4,"featured_media":141402,"comment_status":"closed","ping_status":"closed","sticky":false,"template":"","format":"standard","meta":{"footnotes":""},"categories":[37],"tags":[],"class_list":["post-141399","post","type-post","status-publish","format-standard","has-post-thumbnail","","category-politike"],"_links":{"self":[{"href":"https:\/\/rdnews.al\/index.php\/wp-json\/wp\/v2\/posts\/141399","targetHints":{"allow":["GET"]}}],"collection":[{"href":"https:\/\/rdnews.al\/index.php\/wp-json\/wp\/v2\/posts"}],"about":[{"href":"https:\/\/rdnews.al\/index.php\/wp-json\/wp\/v2\/types\/post"}],"author":[{"embeddable":true,"href":"https:\/\/rdnews.al\/index.php\/wp-json\/wp\/v2\/users\/4"}],"replies":[{"embeddable":true,"href":"https:\/\/rdnews.al\/index.php\/wp-json\/wp\/v2\/comments?post=141399"}],"version-history":[{"count":1,"href":"https:\/\/rdnews.al\/index.php\/wp-json\/wp\/v2\/posts\/141399\/revisions"}],"predecessor-version":[{"id":141401,"href":"https:\/\/rdnews.al\/index.php\/wp-json\/wp\/v2\/posts\/141399\/revisions\/141401"}],"wp:featuredmedia":[{"embeddable":true,"href":"https:\/\/rdnews.al\/index.php\/wp-json\/wp\/v2\/media\/141402"}],"wp:attachment":[{"href":"https:\/\/rdnews.al\/index.php\/wp-json\/wp\/v2\/media?parent=141399"}],"wp:term":[{"taxonomy":"category","embeddable":true,"href":"https:\/\/rdnews.al\/index.php\/wp-json\/wp\/v2\/categories?post=141399"},{"taxonomy":"post_tag","embeddable":true,"href":"https:\/\/rdnews.al\/index.php\/wp-json\/wp\/v2\/tags?post=141399"}],"curies":[{"name":"wp","href":"https:\/\/api.w.org\/{rel}","templated":true}]}}